{"id":178204,"date":"2026-03-04T12:12:12","date_gmt":"2026-03-04T12:12:12","guid":{"rendered":"https:\/\/www.europesays.com\/no\/178204\/"},"modified":"2026-03-04T12:12:12","modified_gmt":"2026-03-04T12:12:12","slug":"vaer-veier-flere-stengte-veier-onsdag","status":"publish","type":"post","link":"https:\/\/www.europesays.com\/no\/178204\/","title":{"rendered":"V\u00e6r, Veier | Flere stengte veier onsdag"},"content":{"rendered":"\n<p>Onsdag gikk det to sn\u00f8skred p\u00e5 <b>Fv. 894 Mehamnelv bru \u2013 Kifjord krysset<\/b>. Veien ble umiddelbart stengt ut dagen, og i dag onsdag skulle det gj\u00f8res en ny vurdering.<\/p>\n<p>Lenger vest, p\u00e5 <b>E6 Goddevaggelv \u2013 Langfjordbotn<\/b>, valgte man \u00e5 stenge veien p\u00e5 grunn av fare for sn\u00f8skred.<\/p>\n<p>Begge veiene er igjen \u00e5pnet f\u00f8r klokken 10:30 onsdag formiddag.<\/p>\n<p>P\u00e5 kysten var<b> E69 Skarsv\u00e5g \u2013 Nordkapp<\/b> stengt p\u00e5 grunn av opprydningsarbeid. Ogs\u00e5 dette kom i havn f\u00f8r lunsjtider, og klokken 10:30 er veien igjen \u00e5pen.<\/p>\n<p><b>Fv. 8072 mellom Mehamn og Gamvik<\/b> er fremdeles stengt onsdag formiddag, p\u00e5 grunn av sn\u00f8fokk. Dette kan vare ut dagen, if\u00f8lge VTS.<\/p>\n<p>I tillegg er det sannsynlig at <b> E6 Sennalandet<\/b>, kan stenge p\u00e5 grunn av sn\u00f8fokk.<\/p>\n<p>Det meldes ogs\u00e5 om sterk vind over <b>Hatter<\/b>, og mye sn\u00f8fokk p\u00e5 <b>Ifjordfjellet<\/b>. Ogs\u00e5 p\u00e5 <b>B\u00f8rselvfjellet <\/b>er det redusert sikt.<\/p>\n<p>  <a href=\"https:\/\/www.ifinnmark.no\/5-81-2406251\" class=\"related-teaser has-image article--c-MkAkR\" wp_automatic_readability=\"1\" rel=\"nofollow noopener\" target=\"_blank\"><\/p>\n<p>    <img decoding=\"async\" width=\"155\"  loading=\"lazy\"  src=\"https:\/\/www.europesays.com\/no\/wp-content\/uploads\/2026\/03\/image0000001+(1)_1.jpg\" alt=\"\" class=\"brick-c-cFOWSL\" style=\"\"\/><\/p>\n<p>\n            Les ogs\u00e5<\/p>\n<p>Uv\u00e6r og sn\u00f8skred \u2013 dette m\u00e5 du vite<\/p>\n<p>  <\/a><\/p>\n<p>    Skal du over fjellet?<\/p>\n<p><b>Her er en status p\u00e5 utsatte fjelloverganger, onsdag:<\/b><\/p>\n","protected":false},"excerpt":{"rendered":"Onsdag gikk det to sn\u00f8skred p\u00e5 Fv. 894 Mehamnelv bru \u2013 Kifjord krysset. Veien ble umiddelbart stengt ut&hellip;\n","protected":false},"author":2,"featured_media":11753,"comment_status":"","ping_status":"","sticky":false,"template":"","format":"standard","meta":{"footnotes":"","_share_on_mastodon":"0"},"categories":[10],"tags":[215,36,20,21,18313,24,25,5522,15,22,23,5046,6379,13,30,6432,28,29,14,16,1510,26,27,553,11708],"class_list":["post-178204","post","type-post","status-publish","format-standard","has-post-thumbnail","category-norge","tag-alta","tag-art","tag-breaking-news","tag-breakingnews","tag-darlig-vaer","tag-featured-news","tag-featurednews","tag-gamvik","tag-headlines","tag-latest-news","tag-latestnews","tag-lebesby","tag-masoy","tag-news","tag-no","tag-nordkapp","tag-norge","tag-norway","tag-nyheter","tag-overskrifter","tag-story","tag-top-stories","tag-topstories","tag-vaer","tag-veier"],"share_on_mastodon":{"url":"https:\/\/pubeurope.com\/@no\/116170846784998132","error":""},"_links":{"self":[{"href":"https:\/\/www.europesays.com\/no\/wp-json\/wp\/v2\/posts\/178204","targetHints":{"allow":["GET"]}}],"collection":[{"href":"https:\/\/www.europesays.com\/no\/wp-json\/wp\/v2\/posts"}],"about":[{"href":"https:\/\/www.europesays.com\/no\/wp-json\/wp\/v2\/types\/post"}],"author":[{"embeddable":true,"href":"https:\/\/www.europesays.com\/no\/wp-json\/wp\/v2\/users\/2"}],"replies":[{"embeddable":true,"href":"https:\/\/www.europesays.com\/no\/wp-json\/wp\/v2\/comments?post=178204"}],"version-history":[{"count":0,"href":"https:\/\/www.europesays.com\/no\/wp-json\/wp\/v2\/posts\/178204\/revisions"}],"wp:featuredmedia":[{"embeddable":true,"href":"https:\/\/www.europesays.com\/no\/wp-json\/wp\/v2\/media\/11753"}],"wp:attachment":[{"href":"https:\/\/www.europesays.com\/no\/wp-json\/wp\/v2\/media?parent=178204"}],"wp:term":[{"taxonomy":"category","embeddable":true,"href":"https:\/\/www.europesays.com\/no\/wp-json\/wp\/v2\/categories?post=178204"},{"taxonomy":"post_tag","embeddable":true,"href":"https:\/\/www.europesays.com\/no\/wp-json\/wp\/v2\/tags?post=178204"}],"curies":[{"name":"wp","href":"https:\/\/api.w.org\/{rel}","templated":true}]}}