{"id":178741,"date":"2026-03-05T03:02:12","date_gmt":"2026-03-05T03:02:12","guid":{"rendered":"https:\/\/www.europesays.com\/no\/178741\/"},"modified":"2026-03-05T03:02:12","modified_gmt":"2026-03-05T03:02:12","slug":"rapperen-som-kan-bli-statsminister","status":"publish","type":"post","link":"https:\/\/www.europesays.com\/no\/178741\/","title":{"rendered":"Rapperen som kan bli statsminister"},"content":{"rendered":"\n<p class=\"_lead_o9xde_2 _lead_6fko5_53 layout-component text-serif-m layout-normal text-serif-l layout-component layout-wide layout-padded _wide_17hqh_1 layout-padded\">Den tidligere rapperen Balen Shah (35) kan bli Nepals neste statsminister etter at ungdomsprotester veltet den forrige regjeringen.<\/p>\n<p><img alt=\"Balen Shah Foto: Navesh Chitrakar \/ Reuters \/ NTB\" class=\"_image_qp4xg_65 layout-component layout-wide\" data-fullscreen- data-track-element-type=\"Article image fullscreen\" data-track-name=\"ImageFullscreen\" fetchpriority=\"high\" decoding=\"sync\" loading=\"eager\" height=\"5464\" itemprop=\"image\"  src=\"https:\/\/www.europesays.com\/no\/wp-content\/uploads\/2026\/03\/71d4ba8b-afd7-45df-9564-063dd040cdaa.jpeg\"  style=\"object-position:0% 0%\" width=\"4339\"\/>Balen Shah Foto: Navesh Chitrakar \/ Reuters \/ NTB<\/p>\n<ul aria-hidden=\"true\" class=\"_images_ntbth_112\">\n<li><a class=\"_link_ntbth_117\" href=\"https:\/\/www.vg.no\/forfatter\/kari-aarstad-aase\" style=\"z-index:1\" title=\"Kari Aarstad Aase\" rel=\"nofollow noopener\" target=\"_blank\"><img alt=\"Bilde av Kari Aarstad Aase\" class=\"_image_ntbth_93\" fetchpriority=\"low\" loading=\"lazy\" decoding=\"async\" itemprop=\"image\"  src=\"https:\/\/www.europesays.com\/no\/wp-content\/uploads\/2026\/03\/1772679729_168_0dbde33e-6d8e-4680-8e4f-e2a64281e2b8.jpeg\"  width=\"480\"\/><\/a><\/li>\n<\/ul>\n<p> Oppdatert torsdag 5. mars kl. 03:02     <\/p>\n<p class=\"_paragraph_o9xde_4 _paragraph_6fko5_10 layout-component text-serif-m layout-normal text-serif-m layout-padded\">Natt til torsdag \u00e5pnet valglokalene.<\/p>\n<p class=\"_paragraph_o9xde_4 _paragraph_6fko5_10 layout-component text-serif-m layout-normal text-serif-m layout-padded\">I de st\u00f8vete gatene i den nepalske byen Damak utspiller det seg et politisk drama som kan forandre et helt land. En tidligere rapper med m\u00f8rke solbriller kjemper mot en gammel politisk tungvekter om makten.<\/p>\n<p class=\"_paragraph_o9xde_4 _paragraph_6fko5_10 layout-component text-serif-m layout-normal text-serif-m layout-padded\">Balendra Shah, kjent som bare \u00abBalen\u00bb, ble f\u00f8rst kjent som rapper som kritiserte landets elite i sangene sine. I 2022 vant han borgermestervalget i hovedstaden Katmandu med stor margin.<\/p>\n<p class=\"_paragraph_o9xde_4 _paragraph_6fko5_10 layout-component text-serif-m layout-normal text-serif-m layout-padded\">Men det var f\u00f8rst etter at <a href=\"https:\/\/www.vg.no\/tag\/nepal?utm_source=vg-article&amp;utm_medium=auto-tagger&amp;utm_campaign=XMb05B\" class=\"_link_o9xde_39\" rel=\"nofollow noopener\" target=\"_blank\">Nepal<\/a> opplevde sin blodigste protestdag p\u00e5 mange \u00e5r at Balen virkelig ble en nasjonal stjerne.<\/p>\n<p> D\u00f8dsprotester endret alt<\/p>\n<p class=\"_paragraph_o9xde_4 _paragraph_6fko5_10 layout-component text-serif-m layout-normal text-serif-m layout-padded\">I september i fjor gikk tusenvis av unge nepalesere ut i gatene for \u00e5 protestere mot korrupsjon og et forbud mot sosiale medier. Politiet svarte med \u00e5 skyte mot demonstrantene, og 77 mennesker ble drept.<\/p>\n<p><img alt=\"Ungdomsdemonstrasjoner  mot regimet i 2025  Foto: Niranjan Shrestha \/ AP \/ NTB\" class=\"_image_qp4xg_65 layout-component layout-normal\" data-fullscreen- data-track-element-type=\"Article image fullscreen\" data-track-name=\"ImageFullscreen\" decoding=\"async\" loading=\"lazy\" height=\"2588\" itemprop=\"image\"  src=\"https:\/\/www.europesays.com\/no\/wp-content\/uploads\/2026\/03\/f1ec1ed9-9141-4e35-9883-a30efb535db8.jpeg\"  style=\"object-position:0% 0%\" width=\"3881\"\/>Ungdomsdemonstrasjoner  mot regimet i 2025  Foto: Niranjan Shrestha \/ AP \/ NTB<\/p>\n<p class=\"_paragraph_o9xde_4 _paragraph_6fko5_10 layout-component text-serif-m layout-normal text-serif-m layout-padded\">\u2013 Unge mennesker ble villedet, de ble brakt ut i gatene og s\u00e5 ble bevegelsen deres kapret av kriminelle, sier den tidligere statsministeren KP Sharma Oli til <a href=\"https:\/\/www.theguardian.com\/world\/2026\/mar\/03\/nepal-gen-z-election-popular-former-rapper-balen\" class=\"_link_o9xde_39\" rel=\"nofollow noopener\" target=\"_blank\">The Guardian<\/a>.<\/p>\n<p class=\"_paragraph_o9xde_4 _paragraph_6fko5_10 layout-component text-serif-m layout-normal text-serif-m layout-padded\">Oli, som har v\u00e6rt statsminister fire ganger tidligere, m\u00e5tte g\u00e5 av etter protestene. Han hevder det var en \u00abkonspirasjon\u00bb for \u00e5 velte regjeringen hans.<\/p>\n<p><img alt=\"KP Sharma Oli  Foto: Navesh Chitrakar \/ Reuters \/ NTB\" class=\"_image_qp4xg_65 layout-component layout-normal\" data-fullscreen- data-track-element-type=\"Article image fullscreen\" data-track-name=\"ImageFullscreen\" decoding=\"async\" loading=\"lazy\" height=\"3850\" itemprop=\"image\"  src=\"https:\/\/www.europesays.com\/no\/wp-content\/uploads\/2026\/03\/2daa137d-fa81-4e0d-b950-d57f88962e08.jpeg\"  style=\"object-position:0% 0%\" width=\"5500\"\/>KP Sharma Oli  Foto: Navesh Chitrakar \/ Reuters \/ NTB<\/p>\n<p class=\"_paragraph_o9xde_4 _paragraph_6fko5_10 layout-component text-serif-m layout-normal text-serif-m layout-padded\">Protestene f\u00f8rte til at den kommunistiske regjeringen falt, og n\u00e5 kjemper Oli om \u00e5 komme tilbake til makten. Men n\u00e5 m\u00f8ter han sin sterkeste motstander noensinne.<\/p>\n<p class=\"_paragraph_o9xde_4 _paragraph_6fko5_10 layout-component text-serif-m layout-normal text-serif-m layout-padded\">Balen valgte nemlig \u00e5 stille direkte mot Oli i valgkretsen Jhapa-5, som i \u00e5revis har v\u00e6rt en sikker plass for den tidligere statsministeren.<\/p>\n<p> Enorme folkemengder<img alt=\"Balendra Shah  Foto: Navesh Chitrakar \/ Reuters \/ NTB\" class=\"_image_qp4xg_65 layout-component layout-normal\" data-fullscreen- data-track-element-type=\"Article image fullscreen\" data-track-name=\"ImageFullscreen\" decoding=\"async\" loading=\"lazy\" height=\"3249\" itemprop=\"image\"  src=\"https:\/\/www.europesays.com\/no\/wp-content\/uploads\/2026\/03\/811ccf4a-d70d-415c-b230-a30553380c79.png\"  style=\"object-position:0% 0%\" width=\"4697\"\/>Balendra Shah  Foto: Navesh Chitrakar \/ Reuters \/ NTB<\/p>\n<p class=\"_paragraph_o9xde_4 _paragraph_6fko5_10 layout-component text-serif-m layout-normal text-serif-m layout-padded\">P\u00e5 valgkampm\u00f8ter samler Balen enorme folkemengder. Rapmusikk dundrer ut av h\u00f8yttalerne mens tilhengere roper \u00abBalen\u00bb og synger en AI-generert kampanjesang som kan oversettes til: \u00abTiden er ute, falske ledere, spillet er over. Vi ringer i klokken 5. mars.\u00bb<\/p>\n<p class=\"_paragraph_o9xde_4 _paragraph_6fko5_10 layout-component text-serif-m layout-normal text-serif-m layout-padded\">\u2013 Vi vil ikke at de samme gamle partiene skal styre landet v\u00e5rt, sier 20 \u00e5r gamle Ispa Sapkota til <a href=\"https:\/\/www.bbc.com\/news\/articles\/c8r137lkj5zo\" class=\"_link_o9xde_39\" rel=\"nofollow noopener\" target=\"_blank\">BBC<\/a>.<\/p>\n<p class=\"_paragraph_o9xde_4 _paragraph_6fko5_10 layout-component text-serif-m layout-normal text-serif-m layout-padded\">\u2013 Vi protesterte fordi vi ville ha forandring.<\/p>\n<p><img alt=\"En mor mistet datteren sin under demonstrasjonenen i 2025, og har tatovert henne p\u00e5 armen for \u00e5 \u00e6re hennes minne.  Foto: Niranjan Shrestha \/ AP \/ NTB\" class=\"_image_qp4xg_65 layout-component layout-normal\" data-fullscreen- data-track-element-type=\"Article image fullscreen\" data-track-name=\"ImageFullscreen\" decoding=\"async\" loading=\"lazy\" height=\"2439\" itemprop=\"image\"  src=\"https:\/\/www.europesays.com\/no\/wp-content\/uploads\/2026\/03\/00c0f51c-0070-4462-aab8-2bf790914f2a.jpeg\"  style=\"object-position:0% 0%\" width=\"3631\"\/>En mor mistet datteren sin under demonstrasjonenen i 2025, og har tatovert henne p\u00e5 armen for \u00e5 \u00e6re hennes minne.  Foto: Niranjan Shrestha \/ AP \/ NTB<\/p>\n<p class=\"_paragraph_o9xde_4 _paragraph_6fko5_10 layout-component text-serif-m layout-normal text-serif-m layout-padded\">N\u00e5r Balen dukker opp p\u00e5 valgm\u00f8ter, kaster kvinner seg frem for \u00e5 ta selfier med ham. <\/p>\n<p class=\"_paragraph_o9xde_4 _paragraph_6fko5_10 layout-component text-serif-m layout-normal text-serif-m layout-padded\">\u2013 Unge mennesker i Nepal st\u00f8tter Balen fordi vi vil ha forandring, vi vil ha jobbmuligheter og slutt p\u00e5 korrupsjon, sier 23 \u00e5r gamle Sarita Baral til <a href=\"https:\/\/www.theguardian.com\/world\/2026\/mar\/03\/nepal-gen-z-election-popular-former-rapper-balen\" class=\"_link_o9xde_39\" rel=\"nofollow noopener\" target=\"_blank\">The Guardian<\/a>.<\/p>\n<p> Unng\u00e5r intervjuer<\/p>\n<p class=\"_paragraph_o9xde_4 _paragraph_6fko5_10 layout-component text-serif-m layout-normal text-serif-m layout-padded\">Men Balen har ogs\u00e5 m\u00f8tt kritikk for sin kampanjestil. Han unng\u00e5r i stor grad intervjuer med pressen og foretrekker \u00e5 kommunisere gjennom sosiale medier, hvor han har millioner av f\u00f8lgere.<\/p>\n<p><img alt=\"Balendra Shah  Foto: Stringer \/ Reuters \/ NTB\" class=\"_image_qp4xg_65 layout-component layout-normal\" data-fullscreen- data-track-element-type=\"Article image fullscreen\" data-track-name=\"ImageFullscreen\" decoding=\"async\" loading=\"lazy\" height=\"3473\" itemprop=\"image\"  src=\"https:\/\/www.europesays.com\/no\/wp-content\/uploads\/2026\/03\/c4eb6fce-d9d5-4ef3-a2f3-31e0ffdad55d.png\"  style=\"object-position:0% 0%\" width=\"5202\"\/>Balendra Shah  Foto: Stringer \/ Reuters \/ NTB<\/p>\n<p class=\"_paragraph_o9xde_4 _paragraph_6fko5_10 layout-component text-serif-m layout-normal text-serif-m layout-padded\">\u2013 Balen er ikke lett tilgjengelig, du kan ikke egentlig stille ham sp\u00f8rsm\u00e5l noen steder. Han vinker til folkemengden, st\u00e5r p\u00e5 scenen, og det er det, sier 62 \u00e5r gamle Kumar Khatiwada til <a href=\"https:\/\/www.theguardian.com\/world\/2026\/mar\/03\/nepal-gen-z-election-popular-former-rapper-balen\" class=\"_link_o9xde_39\" rel=\"nofollow noopener\" target=\"_blank\">The Guardian<\/a>.<\/p>\n<p class=\"_paragraph_o9xde_4 _paragraph_6fko5_10 layout-component text-serif-m layout-normal text-serif-m layout-padded\">Som borgermester ble Balen kritisert av menneskerettighetsgrupper for \u00e5 bruke politiet p\u00e5 en hard m\u00e5te mot gateselgere.<\/p>\n<p class=\"_paragraph_o9xde_4 _paragraph_6fko5_10 layout-component text-serif-m layout-normal text-serif-m layout-padded\">Han har ogs\u00e5 skapt kontrovers med uttalelser p\u00e5 sosiale medier. For noen m\u00e5neder siden postet han \u00abFuck America, Fuck India, Fuck China\u00bb p\u00e5 Facebook, men slettet innlegget senere.<\/p>\n<p> Historisk valg<\/p>\n<p class=\"_paragraph_o9xde_4 _paragraph_6fko5_10 layout-component text-serif-m layout-normal text-serif-m layout-padded\">Nepal har i over tre ti\u00e5r opplevd en evig karusell av svake koalisjonsregjeringer. Landet har hatt 31 statsministre p\u00e5 35 \u00e5r.<\/p>\n<p class=\"_paragraph_o9xde_4 _paragraph_6fko5_10 layout-component text-serif-m layout-normal text-serif-m layout-padded\">46 prosent av Nepals befolkning er under 24 \u00e5r, og over 915.000 skal stemme for f\u00f8rste gang i dette valget.<\/p>\n<p><img alt=\"En bygning ble satt i brann under demonstrasjonene i september 2025  Foto: Prakash Timalsina \/ AP \/ NTB\" class=\"_image_qp4xg_65 layout-component layout-normal\" data-fullscreen- data-track-element-type=\"Article image fullscreen\" data-track-name=\"ImageFullscreen\" decoding=\"async\" loading=\"lazy\" height=\"1800\" itemprop=\"image\"  src=\"https:\/\/www.europesays.com\/no\/wp-content\/uploads\/2026\/03\/28c217ce-0f63-481b-9c16-85ca3ffb5331.jpeg\"  style=\"object-position:0% 0%\" width=\"3200\"\/>En bygning ble satt i brann under demonstrasjonene i september 2025  Foto: Prakash Timalsina \/ AP \/ NTB<\/p>\n<p class=\"_paragraph_o9xde_4 _paragraph_6fko5_10 layout-component text-serif-m layout-normal text-serif-m layout-padded\">\u2013 Dette er historiske valg, sier Nishchal N Pandey, direkt\u00f8r ved Centre for South Asian Studies i Nepal, til <a href=\"https:\/\/www.bbc.com\/news\/articles\/c8r137lkj5zo\" class=\"_link_o9xde_39\" rel=\"nofollow noopener\" target=\"_blank\">BBC<\/a>.<\/p>\n<p class=\"_paragraph_o9xde_4 _paragraph_6fko5_10 layout-component text-serif-m layout-normal text-serif-m layout-padded\">Ungdomsarbeidsledigheten i Nepal st\u00e5r p\u00e5 20,6 prosent \u2013 blant de h\u00f8yeste i S\u00f8r-Asia, if\u00f8lge Verdensbanken.<\/p>\n<p class=\"_paragraph_o9xde_4 _paragraph_6fko5_10 layout-component text-serif-m layout-normal text-serif-m layout-padded\">Dersom en nykommer som Balen Shah skulle sl\u00e5 en veteran som KP Sharma Oli, vil det v\u00e6re et jordskjelv i nepalsk politikk.<\/p>\n<p>Les ogs\u00e5<\/p>\n","protected":false},"excerpt":{"rendered":"Den tidligere rapperen Balen Shah (35) kan bli Nepals neste statsminister etter at ungdomsprotester veltet den forrige regjeringen.&hellip;\n","protected":false},"author":2,"featured_media":178742,"comment_status":"","ping_status":"","sticky":false,"template":"","format":"standard","meta":{"footnotes":"","_share_on_mastodon":"0"},"categories":[12],"tags":[20,21,24,25,15,22,23,4881,13,30,28,29,14,16,26,27,42,46,43,44,45],"class_list":["post-178741","post","type-post","status-publish","format-standard","has-post-thumbnail","category-verden","tag-breaking-news","tag-breakingnews","tag-featured-news","tag-featurednews","tag-headlines","tag-latest-news","tag-latestnews","tag-nepal","tag-news","tag-no","tag-norge","tag-norway","tag-nyheter","tag-overskrifter","tag-top-stories","tag-topstories","tag-verden","tag-vgai","tag-world","tag-world-news","tag-worldnews"],"share_on_mastodon":{"url":"https:\/\/pubeurope.com\/@no\/116174346412203129","error":""},"_links":{"self":[{"href":"https:\/\/www.europesays.com\/no\/wp-json\/wp\/v2\/posts\/178741","targetHints":{"allow":["GET"]}}],"collection":[{"href":"https:\/\/www.europesays.com\/no\/wp-json\/wp\/v2\/posts"}],"about":[{"href":"https:\/\/www.europesays.com\/no\/wp-json\/wp\/v2\/types\/post"}],"author":[{"embeddable":true,"href":"https:\/\/www.europesays.com\/no\/wp-json\/wp\/v2\/users\/2"}],"replies":[{"embeddable":true,"href":"https:\/\/www.europesays.com\/no\/wp-json\/wp\/v2\/comments?post=178741"}],"version-history":[{"count":0,"href":"https:\/\/www.europesays.com\/no\/wp-json\/wp\/v2\/posts\/178741\/revisions"}],"wp:featuredmedia":[{"embeddable":true,"href":"https:\/\/www.europesays.com\/no\/wp-json\/wp\/v2\/media\/178742"}],"wp:attachment":[{"href":"https:\/\/www.europesays.com\/no\/wp-json\/wp\/v2\/media?parent=178741"}],"wp:term":[{"taxonomy":"category","embeddable":true,"href":"https:\/\/www.europesays.com\/no\/wp-json\/wp\/v2\/categories?post=178741"},{"taxonomy":"post_tag","embeddable":true,"href":"https:\/\/www.europesays.com\/no\/wp-json\/wp\/v2\/tags?post=178741"}],"curies":[{"name":"wp","href":"https:\/\/api.w.org\/{rel}","templated":true}]}}