{"id":17886,"date":"2025-08-25T19:32:19","date_gmt":"2025-08-25T19:32:19","guid":{"rendered":"https:\/\/www.europesays.com\/no\/17886\/"},"modified":"2025-08-25T19:32:19","modified_gmt":"2025-08-25T19:32:19","slug":"bur-seg-pa-a-redusere-mottaket-av-flyktningar-morenytt-no","status":"publish","type":"post","link":"https:\/\/www.europesays.com\/no\/17886\/","title":{"rendered":"(+) Bur seg p\u00e5 \u00e5 redusere mottaket av flyktningar &#8211; morenytt.no"},"content":{"rendered":"<ol>\n<li><a href=\"https:\/\/news.google.com\/rss\/articles\/CBMikwFBVV95cUxNcUlLLUJTMGNlRkxwRmo1SWx5VVFLSTcyVWRKMUE2X052WUJOMUQyMlB4b2RiWTNlU3Z0T2xiUXQ1NkJiVjNSNVZUV0UwdWcwT2c3NzBnY2d2RzdhcllWeWd1QlpUbUJycVBVT3dfUm11RlRPS2RwNzNTS3MzbVA4MjNNRm9lMkRwaHVFNUtZMk1wZ1E?oc=5\" target=\"_blank\" rel=\"nofollow noopener\">(+) Bur seg p\u00e5 \u00e5 redusere mottaket av flyktningar<\/a>&nbsp;&nbsp;morenytt.no<\/li>\n<li><a href=\"https:\/\/news.google.com\/rss\/articles\/CBMipAFBVV95cUxQNGd5cTZhZjVWOVNVUDA4TWlkUG13TVQtNURYa09UUHdMcGRKUWpkTDM4VS1DWkd2akhUZGJORGdPTngyNFBOaTBzMVVoRHB4QnVKMW00cUJvVVprVnl3MEZaVnM0djE3SGQwc3lOS3FDTkVGcnFfRWc5WHBlRmF6T2MxdlBuUTVvc3hncmRQMkphTENfYUpPR0phTlZNTjB1d2VFdQ?oc=5\" target=\"_blank\" rel=\"nofollow noopener\">60 barn fra Gaza har ankommet Norge. N\u00e5 hentes det ikke flere<\/a>&nbsp;&nbsp;Dagsavisen<\/li>\n<li><a href=\"https:\/\/news.google.com\/rss\/articles\/CBMibEFVX3lxTFBjWDdZcFVRTF9BRnFpRVVTSFRXdnJ1aDBpeVdnSGQwbUVDMWFOZWVwcjBBRlA2c0U0MUtXaFBSMi01OWlSTElwZ0JJb1lwT3V0cWhHTDZuWjI4QXg4Zk1SSlNTRW4xd00yS09yUw?oc=5\" target=\"_blank\" rel=\"nofollow noopener\">Flyktninger, Russlands krig i Ukraina | F\u00e6rre flyktninger til Skien<\/a>&nbsp;&nbsp;Telemarksavisa<\/li>\n<li><a href=\"https:\/\/news.google.com\/rss\/articles\/CBMilwFBVV95cUxQcVlNMGc1MTZWamh3S2Y3bUxDWHZiSS1ZWkVLVDhxQm9SN29USm8yTnBwdXZwRDhPMGluaklCdDVIdUJ2X1RlZFdCRTBlazNOd0hqS0NGajgtSXNtdWxKR2FTbmYtVEVLenRmU2lIeWYwMGw1WG1sQlJybnFmWnJBaUJ1WHVLTmQ3WjFTQU4tZUw1T3ZHekw0?oc=5\" target=\"_blank\" rel=\"nofollow noopener\">(+) F\u00e6rre flyktninger: \u2013 Lavere inntekter og mindre boligpress<\/a>&nbsp;&nbsp;vol.no<\/li>\n<li><a href=\"https:\/\/news.google.com\/rss\/articles\/CBMijgFBVV95cUxPaVByTnN5OVc1MTBQeVh5VEQzWTYwTFZLYVY0Mk16RGV4ZE9jbVc3TzVZanNHVkdObVk2QUNKUVF4VmE3RW1JYkJiUDI3aEpEWjZJU2NZbzNWMGNZeDZndm41ZDRrcXBLUDBuQmtiUlBVcmdBUUExNkVEQkoySTk3UGtycm1qRFhLamg5V0t3?oc=5\" target=\"_blank\" rel=\"nofollow noopener\">(+) Det kjem f\u00e6rre flykt\u00adningar til kommunane i \u00e5r<\/a>&nbsp;&nbsp;vigga.no<\/li>\n<\/ol>\n","protected":false},"excerpt":{"rendered":"(+) Bur seg p\u00e5 \u00e5 redusere mottaket av flyktningar&nbsp;&nbsp;morenytt.no 60 barn fra Gaza har ankommet Norge. N\u00e5 hentes&hellip;\n","protected":false},"author":2,"featured_media":17887,"comment_status":"","ping_status":"","sticky":false,"template":"","format":"standard","meta":{"footnotes":""},"categories":[10],"tags":[20,21,24,25,3211,15,3213,22,23,3212,13,30,28,29,14,16,26,27,2079],"class_list":{"0":"post-17886","1":"post","2":"type-post","3":"status-publish","4":"format-standard","5":"has-post-thumbnail","7":"category-norge","8":"tag-breaking-news","9":"tag-breakingnews","10":"tag-featured-news","11":"tag-featurednews","12":"tag-flyktningar","13":"tag-headlines","14":"tag-kommunedirektor","15":"tag-latest-news","16":"tag-latestnews","17":"tag-mottak","18":"tag-news","19":"tag-no","20":"tag-norge","21":"tag-norway","22":"tag-nyheter","23":"tag-overskrifter","24":"tag-top-stories","25":"tag-topstories","26":"tag-volda"},"share_on_mastodon":{"url":"","error":""},"_links":{"self":[{"href":"https:\/\/www.europesays.com\/no\/wp-json\/wp\/v2\/posts\/17886","targetHints":{"allow":["GET"]}}],"collection":[{"href":"https:\/\/www.europesays.com\/no\/wp-json\/wp\/v2\/posts"}],"about":[{"href":"https:\/\/www.europesays.com\/no\/wp-json\/wp\/v2\/types\/post"}],"author":[{"embeddable":true,"href":"https:\/\/www.europesays.com\/no\/wp-json\/wp\/v2\/users\/2"}],"replies":[{"embeddable":true,"href":"https:\/\/www.europesays.com\/no\/wp-json\/wp\/v2\/comments?post=17886"}],"version-history":[{"count":0,"href":"https:\/\/www.europesays.com\/no\/wp-json\/wp\/v2\/posts\/17886\/revisions"}],"wp:featuredmedia":[{"embeddable":true,"href":"https:\/\/www.europesays.com\/no\/wp-json\/wp\/v2\/media\/17887"}],"wp:attachment":[{"href":"https:\/\/www.europesays.com\/no\/wp-json\/wp\/v2\/media?parent=17886"}],"wp:term":[{"taxonomy":"category","embeddable":true,"href":"https:\/\/www.europesays.com\/no\/wp-json\/wp\/v2\/categories?post=17886"},{"taxonomy":"post_tag","embeddable":true,"href":"https:\/\/www.europesays.com\/no\/wp-json\/wp\/v2\/tags?post=17886"}],"curies":[{"name":"wp","href":"https:\/\/api.w.org\/{rel}","templated":true}]}}