{"id":179044,"date":"2026-03-05T10:59:11","date_gmt":"2026-03-05T10:59:11","guid":{"rendered":"https:\/\/www.europesays.com\/no\/179044\/"},"modified":"2026-03-05T10:59:11","modified_gmt":"2026-03-05T10:59:11","slug":"aursnes-usikker-for-landslagssamling-blir-vanskelig","status":"publish","type":"post","link":"https:\/\/www.europesays.com\/no\/179044\/","title":{"rendered":"Aursnes usikker f\u00f8r landslagssamling: \u2013 Blir vanskelig"},"content":{"rendered":"\n<p class=\"_lead_o9xde_2 _lead_6fko5_53 layout-component text-serif-m layout-normal text-serif-l layout-component layout-wide layout-padded _wide_17hqh_1 layout-padded\">Fredrik Aursnes er tilbake for det norske landslaget, men returen kan bli utsatt til VM-samlingen.<\/p>\n<p><img alt=\" Foto: Manu Fernandez \/ AP \/ NTB\" class=\"_image_qp4xg_65 layout-component layout-wide\" data-fullscreen- data-track-element-type=\"Article image fullscreen\" data-track-name=\"ImageFullscreen\" fetchpriority=\"high\" decoding=\"sync\" loading=\"eager\" height=\"4219\" itemprop=\"image\"  src=\"https:\/\/www.europesays.com\/no\/wp-content\/uploads\/2026\/03\/fd58da62-d929-48ee-b8ad-dab8f9422ee7.png\"  style=\"object-position:0% 0%\" width=\"6327\"\/> Foto: Manu Fernandez \/ AP \/ NTBBergen \/ Oslo Oppdatert torsdag 5. mars kl. 11:10     <\/p>\n<p class=\"_paragraph_o9xde_4 _paragraph_6fko5_10 layout-component text-serif-m layout-normal text-serif-m layout-padded\">\u2013 Vi har en midtbanesituasjon hvor Fredrik (Aursnes) har f\u00e5tt en skade som gj\u00f8r det vanskelig \u00e5 f\u00e5 ham med, sier landslagssjef St\u00e5le Solbakken til VG.<\/p>\n<p class=\"_paragraph_o9xde_4 _paragraph_6fko5_10 layout-component text-serif-m layout-normal text-serif-m layout-padded\">Det var i mandagens ligakamp at Aursnes m\u00e5tte ut med skade fem minutter ut i annenomgang. Midtbanespilleren tok seg til baksiden av l\u00e5ret da han m\u00e5tte av. If\u00f8lge portugisiske <a href=\"https:\/\/www.record.pt\/futebol\/futebol-nacional\/liga-betclic\/benfica\/detalhe\/noticia-record-fredrik-aursnes-fica-de-fora-do-classico?ref=Benfica_DestaquesPrincipais\" class=\"_link_o9xde_39\" rel=\"nofollow noopener\" target=\"_blank\">Record<\/a> mister sunnm\u00f8ringen storkampen mot Porto kommende helg.<\/p>\n<p class=\"_paragraph_o9xde_4 _paragraph_6fko5_10 layout-component text-serif-m layout-normal text-serif-m layout-padded\">Solbakken har ikke f\u00e5tt svar p\u00e5 n\u00f8yaktig alvorlighetsgrad p\u00e5 skaden.<\/p>\n<p class=\"_paragraph_o9xde_4 _paragraph_6fko5_10 layout-component text-serif-m layout-normal text-serif-m layout-padded\">\u2014 Jeg vet ikke, men jeg har en d\u00e5rlig f\u00f8lelse etter \u00e5 ha sett kampen p\u00e5 VG. Jeg har sett mange slike &#8211; klassisk hamstring &#8211; s\u00e5 den s\u00e5 lei ut. N\u00e5 f\u00e5r vi se an scanning, fortsetter Solbakken.<\/p>\n<p class=\"_paragraph_o9xde_4 _paragraph_6fko5_10 layout-component text-serif-m layout-normal text-serif-m layout-padded\">Landslagstroppen tas ut tirsdag 17. mars. Norge skal m\u00f8te Nederland og Sveits i to privatkamper.<\/p>\n<p class=\"_paragraph_o9xde_4 _paragraph_6fko5_10 layout-component text-serif-m layout-normal text-serif-m layout-padded\">Benfica-trener Jose Mourinho likte ikke det han s\u00e5 da Aursnes m\u00e5tte av.<\/p>\n<p class=\"_paragraph_o9xde_4 _paragraph_6fko5_10 layout-component text-serif-m layout-normal text-serif-m layout-padded\">\u2013 Vi har nesten alltid funnet m\u00e5ter \u00e5 f\u00e5 ham spilleklar p\u00e5, men det at han m\u00e5tte byttes ut s\u00e5 tidlig i andre gang, etter at han ikke kjente noe i 1. omgang, f\u00e5r meg til \u00e5 tro at det er mer alvorlig denne gangen, sa Mourinho.<\/p>\n<p class=\"_paragraph_o9xde_4 _paragraph_6fko5_10 layout-component text-serif-m layout-normal text-serif-m layout-padded\">I tillegg til Aursnes er det usikkerhet rundt Martin \u00d8degaard som ikke har v\u00e6rt med i troppen til Arsenal de siste kampene.<\/p>\n<p class=\"_paragraph_o9xde_4 _paragraph_6fko5_10 layout-component text-serif-m layout-normal text-serif-m layout-padded\">\u2013 Vi m\u00e5 se hvordan det g\u00e5r med Martin- det tar vi dag for dag. Det er ingen stor skade, men handler om n\u00e5r han er tilbake 100 prosent, fortsetter Solbakken.<\/p>\n<p class=\"_paragraph_o9xde_4 _paragraph_6fko5_10 layout-component text-serif-m layout-normal text-serif-m layout-padded\">Landslagssjefen bekrefter ogs\u00e5 at Sondre Lang\u00e5s (Derby) mister samlingen i mars. Midtstopperen var med landslaget da Norge ble klare for VM i november.<\/p>\n<p class=\"_paragraph_o9xde_4 _paragraph_6fko5_10 layout-component text-serif-m layout-normal text-serif-m layout-padded\">\u2013 Det gj\u00f8r at det er \u00e5pent der sammenlignet med troppen mot Italia, sier Solbakken.<\/p>\n<p class=\"_paragraph_o9xde_4 _paragraph_6fko5_10 layout-component text-serif-m layout-normal text-serif-m layout-padded\">Han letter ogs\u00e5 litt p\u00e5 sl\u00f8ret om hvilke hensyn han tar f\u00f8r den siste samlingen f\u00f8r VM-troppen skal tas ut.<\/p>\n<p class=\"_paragraph_o9xde_4 _paragraph_6fko5_10 layout-component text-serif-m layout-normal text-serif-m layout-padded\">\u2014 Det er en samling hvor flere f\u00e5r pr\u00f8ve seg da det er privatkamper og det er den hardeste perioden for de st\u00f8rste ligaeene. Da m\u00e5 vi se p\u00e5 hva som er best, forklarer landslagssjefen.<\/p>\n","protected":false},"excerpt":{"rendered":"Fredrik Aursnes er tilbake for det norske landslaget, men returen kan bli utsatt til VM-samlingen. Foto: Manu Fernandez&hellip;\n","protected":false},"author":2,"featured_media":179045,"comment_status":"","ping_status":"","sticky":false,"template":"","format":"standard","meta":{"footnotes":"","_share_on_mastodon":"0"},"categories":[59],"tags":[92,4762,3163,30,28,29,83,82],"class_list":["post-179044","post","type-post","status-publish","format-standard","has-post-thumbnail","category-sport","tag-fotball","tag-fredrik-aursnes","tag-herrelandslaget-fotball","tag-no","tag-norge","tag-norway","tag-sport","tag-sports"],"share_on_mastodon":{"url":"https:\/\/pubeurope.com\/@no\/116176222009241779","error":""},"_links":{"self":[{"href":"https:\/\/www.europesays.com\/no\/wp-json\/wp\/v2\/posts\/179044","targetHints":{"allow":["GET"]}}],"collection":[{"href":"https:\/\/www.europesays.com\/no\/wp-json\/wp\/v2\/posts"}],"about":[{"href":"https:\/\/www.europesays.com\/no\/wp-json\/wp\/v2\/types\/post"}],"author":[{"embeddable":true,"href":"https:\/\/www.europesays.com\/no\/wp-json\/wp\/v2\/users\/2"}],"replies":[{"embeddable":true,"href":"https:\/\/www.europesays.com\/no\/wp-json\/wp\/v2\/comments?post=179044"}],"version-history":[{"count":0,"href":"https:\/\/www.europesays.com\/no\/wp-json\/wp\/v2\/posts\/179044\/revisions"}],"wp:featuredmedia":[{"embeddable":true,"href":"https:\/\/www.europesays.com\/no\/wp-json\/wp\/v2\/media\/179045"}],"wp:attachment":[{"href":"https:\/\/www.europesays.com\/no\/wp-json\/wp\/v2\/media?parent=179044"}],"wp:term":[{"taxonomy":"category","embeddable":true,"href":"https:\/\/www.europesays.com\/no\/wp-json\/wp\/v2\/categories?post=179044"},{"taxonomy":"post_tag","embeddable":true,"href":"https:\/\/www.europesays.com\/no\/wp-json\/wp\/v2\/tags?post=179044"}],"curies":[{"name":"wp","href":"https:\/\/api.w.org\/{rel}","templated":true}]}}