{"id":17911,"date":"2025-08-25T20:02:08","date_gmt":"2025-08-25T20:02:08","guid":{"rendered":"https:\/\/www.europesays.com\/no\/17911\/"},"modified":"2025-08-25T20:02:08","modified_gmt":"2025-08-25T20:02:08","slug":"formuesskatt-utspel-var-feil-eg-kan-lite-om-det","status":"publish","type":"post","link":"https:\/\/www.europesays.com\/no\/17911\/","title":{"rendered":"Formuesskatt-utspel var feil: \u2013 Eg kan lite om det"},"content":{"rendered":"<p>Kort oppsummert  <\/p>\n<ul class=\"List\">\n<li>\n<p>Ein Venstre-delegasjon bes\u00f8kte Jacu kaffebrenneri i \u00c5lesund i starten av august.<\/p>\n<\/li>\n<li>\n<p>I ein artikkel vart det hevda at drivaren betalar 40.000 kroner i formuesskatt for ei ny kaffimaskin.<\/p>\n<\/li>\n<li>\n<p>Nettsida Fakta om formuesskatt har rekna seg fram til at bel\u00f8pet er mykje l\u00e5gare. No tek drivaren av kaffibrenneriet sj\u00f8lvkritikk.<\/p>\n<\/li>\n<\/ul>\n<p> Oppsummeringen er laget av KI-verkt\u00f8yet ChatGPT og kvalitetssikret av v\u00e5re journalister.<br \/><a href=\"https:\/\/www.smp.no\/reportasje\/i\/GMWkA9\/redaksjonelle-retningslinjer-for-bruk-av-ai-kunstig-intelligens-i-sunnmoersposten?x\" target=\"_blank\" rel=\"nofollow noopener\">Les mer om hvordan vi forholder oss til kunstig intelligens.<\/a> <\/p>\n<p><strong>\u2013 Eg kan mykje om kaffi, gr\u00fcnderskap og inkludering. Eg kan lite om formuesskatt. Talet p\u00e5 40.000 kroner kom ikkje fr\u00e5 meg, men det vart prata om kva denne verdien kunne ha kosta i formuesskatt. Det kom fr\u00e5 ein av politikarane som var p\u00e5 bes\u00f8k.<\/strong><\/p>\n<p>Det seier Anne Birte Bj\u00f8rdal Hanken n\u00e5r Sunnm\u00f8rsposten snakkar med henne m\u00e5ndag.<\/p>\n<p>Det var ho sj\u00f8lv som tok kontakt med avisa m\u00e5ndag morgon.<\/p>\n<p>Les saka her (er oppdatert):<\/p>\n<p><a href=\"https:\/\/www.smp.no\/nyheter\/i\/KMVoA5\/kjempeurettferdig-og-en-byrde\" rel=\"nofollow noopener\" target=\"_blank\"> <img decoding=\"async\" src=\"data:image\/gif;base64,R0lGODlhEAAJAIAAAP\/\/\/wAAACH5BAEAAAAALAAAAAAQAAkAAAIKhI+py+0Po5yUFQA7\" alt=\"\"\/>   \u2013 Kjempeurettferdig og en byrde  <\/a> <img decoding=\"async\" src=\"data:image\/gif;base64,R0lGODlhEAAJAIAAAP\/\/\/wAAACH5BAEAAAAALAAAAAAQAAkAAAIKhI+py+0Po5yUFQA7\" alt=\"\"\/><br \/>\n  Anne Birte Bj\u00f8rdal Hanken driv Jacu kaffebrenneri i \u00c5lesund.<br \/>\n  <strong>Foto:<\/strong> Staale Watt\u00f8Tema kom opp<\/p>\n<p>Det var i starten av august ein topptung Venstre-delegasjon bes\u00f8kte Jacu kaffebrenneri i \u00c5lesund.<\/p>\n<p><strong>Blant anna var stortingsrepresentant Alfred Bj\u00f8rlo og Erik Rolfsen, toppkandidat i M\u00f8re og Romsdal, med i f\u00f8lget.<\/strong><\/p>\n<p>Under bes\u00f8ket, som handla mykje om \u00e5 starte ei bedrift og \u00e5 vere gr\u00fcnder, kom temaet formuesskatt ogs\u00e5 opp.<\/p>\n<p>Drivaren av kaffibrenneriet, Anne Birte Bj\u00f8rdal Hanken, vart sitert p\u00e5 at dei m\u00e5 betale 40.000 kroner i formuesskatt \u00e5rleg grunna ei ny og stor kaffimaskin dei hadde kj\u00f8pt.<\/p>\n<p><strong>\u2013 Kjempeurettferdig og ei byrde, vart Bj\u00f8rdal Hanken blant anna sitert p\u00e5 i saka.<\/strong><\/p>\n<p>\u2013 Berre 360 kroner<\/p>\n<p>S\u00f8ndag kom derimot nettsida <a href=\"https:\/\/www.faktaomformuesskatt.no\/start\/korte-analyser\/jacu-kaffebrenneri\" rel=\"noopener nofollow\" target=\"_blank\">Fakta om formuesskatt<\/a> med eit anna reknestykke om kva Jacu kaffebrenneri betalar i formuesskatt.<\/p>\n<p>Fakta om formuesskatt er drive av <a href=\"https:\/\/www.faktaomformuesskatt.no\/start\/om-prosjektet\" rel=\"noopener nofollow\" target=\"_blank\">SV-aren Asle Olsen<\/a>.<\/p>\n<p><strong>Nettsida har rekna seg fram til at det korrekte bel\u00f8pet for kaffimaskina skal vere p\u00e5 berre 360 kroner.<\/strong><\/p>\n<p>Vidare skriv dei at berre to av tre eigarar av Jacu kaffebrenneri betalte formuesskatt i 2023.<\/p>\n<p>Deira samla eigardelar i selskapet utl\u00f8yste 2.034 kroner i formuesskatt.<\/p>\n<p><a href=\"https:\/\/www.smp.no\/nyheter\/i\/4B2a69\/ukjent-raudt-politikar-kalla-listhaug-sugarmama\" rel=\"nofollow noopener\" target=\"_blank\"> <img decoding=\"async\" src=\"data:image\/gif;base64,R0lGODlhEAAJAIAAAP\/\/\/wAAACH5BAEAAAAALAAAAAAQAAkAAAIKhI+py+0Po5yUFQA7\" alt=\"\"\/>   Ukjent Raudt-poli\u00adtikar kalla Listhaug \u00absugar\u00admama\u00bb  <\/a> \u2013 Svarte sp\u00f8kefullt<\/p>\n<p>Anne Birte Bj\u00f8rdal Hanken har snakka med revisoren sin, men s\u00e5 langt ikkje f\u00e5tt tak i dei korrekte tala for kva ho betalar i formuesskatt.<\/p>\n<p><strong>Ho er derimot klar p\u00e5 at utspelet om at ho betalar 40.000 kroner er basert p\u00e5 ei misforst\u00e5ing under bes\u00f8ket fr\u00e5 Venstre-delegasjonen.<\/strong><\/p>\n<p>\u2013 Midt oppe i praten kom temaet formuesskatt om. Dette er eit felt eg ikkje akkurat kan seie eg har doktorgrad i. Ein av politikarane nemnde eit reknestykke p\u00e5 kva den store brennemaskina kunne kosta i skatt. Eg svarte sp\u00f8kefullt \u00aboj, kvar skal eg ta dei pengane fr\u00e5?\u00bb, forklarer Bj\u00f8rdal Hanken.<\/p>\n<p>Ho presiserer at det aldri var hennar hensikt \u00e5 framst\u00e5 som ein ekspert p\u00e5 skattereglar \u2013 eller \u00e5 bruke maskina som d\u00f8me p\u00e5 urettferd.<\/p>\n<p><strong>\u2013 Neste gong eg blir intervjua om skatt lovar eg \u00e5 svare \u00abDet m\u00e5 du nesten sp\u00f8rje revisoren min om\u00bb, seier Anne Birte Bj\u00f8rdal Hanken.<\/strong><\/p>\n<p><img decoding=\"async\" src=\"data:image\/gif;base64,R0lGODlhEAAJAIAAAP\/\/\/wAAACH5BAEAAAAALAAAAAAQAAkAAAIKhI+py+0Po5yUFQA7\" alt=\"\"\/><br \/>\n  Anne Birte Bj\u00f8rdal Hanken saman med Alfred Bj\u00f8rlo.<br \/>\n  <strong>Foto:<\/strong> Staale Watt\u00f8<a href=\"https:\/\/www.smp.no\/nyheter\/i\/mPbV7v\/god-naeringspolitikk-betyr-ikkje-frislepp\" rel=\"nofollow noopener\" target=\"_blank\"> <img decoding=\"async\" src=\"data:image\/gif;base64,R0lGODlhEAAJAIAAAP\/\/\/wAAACH5BAEAAAAALAAAAAAQAAkAAAIKhI+py+0Po5yUFQA7\" alt=\"\"\/>   God n\u00e6rings\u00adpoli\u00adtikk betyr ikkje frislepp  <\/a> \u2013 Ikkje v\u00e5rt reknestykke<\/p>\n<p>Sunnm\u00f8rsposten har vore i kontakt med Venstres Alfred Bj\u00f8rlo, ein av dei som var avbilda i saka.<\/p>\n<p>Han seier at dei omtalte 40.000 kronene i formuesskatt ikkje var Venstre sitt reknestykke.<\/p>\n<p><strong>\u2013 Vi vart fortalt om desse tala under bes\u00f8ket. Eg har ingen f\u00f8resetnader for \u00e5 seie om dette var rett eller feil, kommenterer Bj\u00f8rlo.<\/strong><\/p>\n<p>Ansvarleg redakt\u00f8r i Sunnm\u00f8rsposten, Sindre Halkjelsvik, seier at avisa skulle ha kontrollert opplysningane dei fekk betre.<\/p>\n<p><strong>\u2013 40.000 kroner i formuesskatt for ei kaffimaskin er eit sv\u00e6rt h\u00f8gt bel\u00f8p. Dette skulle vore kontrollert betre f\u00f8r saka blei publisert. Det er v\u00e5rt sj\u00f8lvstendige ansvar \u00e5 ha fakta korrekt, og her m\u00e5 vi ta sj\u00f8lvkritikk og rette opp, seier Halkjelsvik.<\/strong><\/p>\n<p><a href=\"https:\/\/www.smp.no\/nyheter\/i\/qP51Bm\/gir-ikkje-opp-moereaksen\" rel=\"nofollow noopener\" target=\"_blank\"> <img decoding=\"async\" src=\"data:image\/gif;base64,R0lGODlhEAAJAIAAAP\/\/\/wAAACH5BAEAAAAALAAAAAAQAAkAAAIKhI+py+0Po5yUFQA7\" alt=\"\"\/>   Gir ikkje opp M\u00f8reaksen  <\/a> <\/p>\n<p>Anne Birte Bj\u00f8rdal Hanken seier at ho ikkje hugsar kven det var av dei bes\u00f8kande som gjorde reknestykket.<\/p>\n<p>Ho legg til at den skandinaviske modellen betyr mykje for henne.<\/p>\n<p><strong>\u2013 Vi har eit fellesskap som gjer at vi kan skape b\u00e5de arbeidsplassar og tryggleik for folk, seier kaffibrenneri-drivaren.<\/strong><\/p>\n<p><img decoding=\"async\" src=\"data:image\/gif;base64,R0lGODlhEAAJAIAAAP\/\/\/wAAACH5BAEAAAAALAAAAAAQAAkAAAIKhI+py+0Po5yUFQA7\" alt=\"\"\/><br \/>\n  Stortingsrepresentant Alfred Bj\u00f8rlo p\u00e5 \u00c5lesund-bes\u00f8k.<br \/>\n  <strong>Foto:<\/strong> Staale Watt\u00f8<a href=\"https:\/\/www.smp.no\/nyheter\/i\/OoM03w\/venstre-toppen-om-listhaug-det-er-ikkje-mitt-oenske\" rel=\"nofollow noopener\" target=\"_blank\"> <img decoding=\"async\" src=\"data:image\/gif;base64,R0lGODlhEAAJAIAAAP\/\/\/wAAACH5BAEAAAAALAAAAAAQAAkAAAIKhI+py+0Po5yUFQA7\" alt=\"\"\/>   Venstre-toppen om Listhaug: \u2013 Det er ikkje mitt \u00f8nske  <\/a> <\/p>\n","protected":false},"excerpt":{"rendered":"Kort oppsummert Ein Venstre-delegasjon bes\u00f8kte Jacu kaffebrenneri i \u00c5lesund i starten av august. I ein artikkel vart det&hellip;\n","protected":false},"author":2,"featured_media":17912,"comment_status":"","ping_status":"","sticky":false,"template":"","format":"standard","meta":{"footnotes":""},"categories":[5],"tags":[1703,2145,3214,20,21,24,25,1734,15,19,22,23,17,18,13,30,28,29,14,16,26,27,845],"class_list":{"0":"post-17911","1":"post","2":"type-post","3":"status-publish","4":"format-standard","5":"has-post-thumbnail","7":"category-overskrifter","8":"tag-alesund","9":"tag-alfred-bjorlo","10":"tag-asle-olsen","11":"tag-breaking-news","12":"tag-breakingnews","13":"tag-featured-news","14":"tag-featurednews","15":"tag-formuesskatt","16":"tag-headlines","17":"tag-hovedoppslag","18":"tag-latest-news","19":"tag-latestnews","20":"tag-main-news","21":"tag-mainnews","22":"tag-news","23":"tag-no","24":"tag-norge","25":"tag-norway","26":"tag-nyheter","27":"tag-overskrifter","28":"tag-top-stories","29":"tag-topstories","30":"tag-valg-2025"},"share_on_mastodon":{"url":"","error":""},"_links":{"self":[{"href":"https:\/\/www.europesays.com\/no\/wp-json\/wp\/v2\/posts\/17911","targetHints":{"allow":["GET"]}}],"collection":[{"href":"https:\/\/www.europesays.com\/no\/wp-json\/wp\/v2\/posts"}],"about":[{"href":"https:\/\/www.europesays.com\/no\/wp-json\/wp\/v2\/types\/post"}],"author":[{"embeddable":true,"href":"https:\/\/www.europesays.com\/no\/wp-json\/wp\/v2\/users\/2"}],"replies":[{"embeddable":true,"href":"https:\/\/www.europesays.com\/no\/wp-json\/wp\/v2\/comments?post=17911"}],"version-history":[{"count":0,"href":"https:\/\/www.europesays.com\/no\/wp-json\/wp\/v2\/posts\/17911\/revisions"}],"wp:featuredmedia":[{"embeddable":true,"href":"https:\/\/www.europesays.com\/no\/wp-json\/wp\/v2\/media\/17912"}],"wp:attachment":[{"href":"https:\/\/www.europesays.com\/no\/wp-json\/wp\/v2\/media?parent=17911"}],"wp:term":[{"taxonomy":"category","embeddable":true,"href":"https:\/\/www.europesays.com\/no\/wp-json\/wp\/v2\/categories?post=17911"},{"taxonomy":"post_tag","embeddable":true,"href":"https:\/\/www.europesays.com\/no\/wp-json\/wp\/v2\/tags?post=17911"}],"curies":[{"name":"wp","href":"https:\/\/api.w.org\/{rel}","templated":true}]}}