{"id":17919,"date":"2025-08-25T20:10:34","date_gmt":"2025-08-25T20:10:34","guid":{"rendered":"https:\/\/www.europesays.com\/no\/17919\/"},"modified":"2025-08-25T20:10:34","modified_gmt":"2025-08-25T20:10:34","slug":"varsles-nye-bud-vil-gi-over-30-millioner-kroner-for-til-juvel-itromso-no","status":"publish","type":"post","link":"https:\/\/www.europesays.com\/no\/17919\/","title":{"rendered":"(+) Varsles nye bud: Vil gi over 30 millioner kroner for TIL-juvel &#8211; itromso.no"},"content":{"rendered":"<ol>\n<li><a href=\"https:\/\/news.google.com\/rss\/articles\/CBMif0FVX3lxTE9SOEZUY1NDTUpXbzMtTVZINUF6VnVjNmVVNS0xalRsMXZhMWtBSGJzel9HMDJ5VFZEY2FFdFE0aEJ6RmJsUlJYSkxFOE90THpCNmNDT3ZGVm9iaHBGalZBaU13Tmg1LVJLanJ2LUxaeE5TS0kwMnFyWURpSEdQUkE?oc=5\" target=\"_blank\" rel=\"nofollow noopener\">(+) Varsles nye bud: Vil gi over 30 millioner kroner for TIL-juvel<\/a>&nbsp;&nbsp;itromso.no<\/li>\n<li><a href=\"https:\/\/news.google.com\/rss\/articles\/CBMikAFBVV95cUxNM1NTRVBac2lOMkI1YkUwbDJvWVNYbld1MjFyanV5NFhZQjJEbExvc2tfTUpGZnptcnExRlRTV2kxbkx6NU1RS21qajUwWU5zYUp5SGxpbVBMRXFua1RNc2xjUzItODZHSjFjQkFSSWZWa1pJMmVsRFpjbEc4NmxMMHpmS3I3UG9kZXFIc1NkZXI?oc=5\" target=\"_blank\" rel=\"nofollow noopener\">TV 2 erfarer: Bud p\u00e5 over 30 millioner p\u00e5 TIL-juvelen<\/a>&nbsp;&nbsp;TV2.no<\/li>\n<li><a href=\"https:\/\/news.google.com\/rss\/articles\/CBMiiAFBVV95cUxPb092R19SQWxWenRFVTVuVGZwa3JpM0c3Nzg5ZzIzamxSajVTb1Q5UDlrNFhRdk50a1VlUllyRC1jYi1lZDlVMUhsQ3BjTmNsR0Z0ZENIY21fTERiR2xhRHM2SHBjbm1vMXV5cTFfZ0FkM2EwUXJuclh3eUNJMTJUbS1veGhPako1?oc=5\" target=\"_blank\" rel=\"nofollow noopener\">TIL, Fotball | Takket nei til nytt bud: Forhandler videre<\/a>&nbsp;&nbsp;Nordlys<\/li>\n<li><a href=\"https:\/\/news.google.com\/rss\/articles\/CBMikwFBVV95cUxPQ3VHSm1WM1BZVXpYaVZ3amxPZnEzejU3YXBQQlVoQzRvMkR1TG5KQVNMdWdqamxBSVNFbTNYVm5XMHBiZ1ltU0RNTmJKN0xGektlS1psYVZiWVNhOVlmX000TG85NnhJR0s1YnNLV2RyVExER0o1Mk1GOEx6NUpRS3k1M1VVUmtuMm9SalFiQUk0Z0U?oc=5\" target=\"_blank\" rel=\"nofollow noopener\">(+) Ble tatt av til pause: S\u00e5 svarte han p\u00e5 sp\u00f8rsm\u00e5lene om interessen<\/a>&nbsp;&nbsp;folkebladet.no<\/li>\n<li><a href=\"https:\/\/news.google.com\/rss\/articles\/CBMihwFBVV95cUxQM1dpejlHeHVJdHpDQ25sLWxYc2NXSUdIM0ZTSVN3Wm0tN1hpRl9VU2ItQWpKWnJIRTZ2alcwSzlmYVRTeEdyanVYdjA4cnZXUVhNZGpjTU9ydmhfdDM5cFViQ0xTajZFaGhBbzA1WEZEUGZaMUhYNmNyX09aUE8zX1UwdGNVc1k?oc=5\" target=\"_blank\" rel=\"nofollow noopener\">TIL, FireFireBlod | Nyhetene hagler: \u2013 Vekker interesse i England<\/a>&nbsp;&nbsp;Nordlys<\/li>\n<\/ol>\n","protected":false},"excerpt":{"rendered":"(+) Varsles nye bud: Vil gi over 30 millioner kroner for TIL-juvel&nbsp;&nbsp;itromso.no TV 2 erfarer: Bud p\u00e5 over&hellip;\n","protected":false},"author":2,"featured_media":17920,"comment_status":"","ping_status":"","sticky":false,"template":"","format":"standard","meta":{"footnotes":""},"categories":[59],"tags":[30,28,29,3215,83,82],"class_list":{"0":"post-17919","1":"post","2":"type-post","3":"status-publish","4":"format-standard","5":"has-post-thumbnail","7":"category-sport","8":"tag-no","9":"tag-norge","10":"tag-norway","11":"tag-runar-norheim","12":"tag-sport","13":"tag-sports"},"share_on_mastodon":{"url":"","error":""},"_links":{"self":[{"href":"https:\/\/www.europesays.com\/no\/wp-json\/wp\/v2\/posts\/17919","targetHints":{"allow":["GET"]}}],"collection":[{"href":"https:\/\/www.europesays.com\/no\/wp-json\/wp\/v2\/posts"}],"about":[{"href":"https:\/\/www.europesays.com\/no\/wp-json\/wp\/v2\/types\/post"}],"author":[{"embeddable":true,"href":"https:\/\/www.europesays.com\/no\/wp-json\/wp\/v2\/users\/2"}],"replies":[{"embeddable":true,"href":"https:\/\/www.europesays.com\/no\/wp-json\/wp\/v2\/comments?post=17919"}],"version-history":[{"count":0,"href":"https:\/\/www.europesays.com\/no\/wp-json\/wp\/v2\/posts\/17919\/revisions"}],"wp:featuredmedia":[{"embeddable":true,"href":"https:\/\/www.europesays.com\/no\/wp-json\/wp\/v2\/media\/17920"}],"wp:attachment":[{"href":"https:\/\/www.europesays.com\/no\/wp-json\/wp\/v2\/media?parent=17919"}],"wp:term":[{"taxonomy":"category","embeddable":true,"href":"https:\/\/www.europesays.com\/no\/wp-json\/wp\/v2\/categories?post=17919"},{"taxonomy":"post_tag","embeddable":true,"href":"https:\/\/www.europesays.com\/no\/wp-json\/wp\/v2\/tags?post=17919"}],"curies":[{"name":"wp","href":"https:\/\/api.w.org\/{rel}","templated":true}]}}