{"id":17937,"date":"2025-08-25T20:32:09","date_gmt":"2025-08-25T20:32:09","guid":{"rendered":"https:\/\/www.europesays.com\/no\/17937\/"},"modified":"2025-08-25T20:32:09","modified_gmt":"2025-08-25T20:32:09","slug":"mening-sarpsborg-08-nylands-grep-ga-null-effekt","status":"publish","type":"post","link":"https:\/\/www.europesays.com\/no\/17937\/","title":{"rendered":"Mening, Sarpsborg 08 | Nylands grep ga null effekt"},"content":{"rendered":"\n<p>Sander H\u00e5skjold Nyland rykket opp fra tredjetrener til sjef da Christian Michelsen og Joakim Kl\u00e6boe ble sendt ut d\u00f8ra p\u00e5 Sarpsborg stadion. Og den meget fotballfaglig sterke interimstreneren, viste i sin f\u00f8rste kamp at han langt fra er blunkesky.<\/p>\n<p>Med seks endringer fra den svake V\u00e5lerenga-kampen, inkludert noe omdiskuterte Mamour Ndiaye tilbake mellom stengene, nygammel formasjon (4-2-3-1) og interessante grep i form av bruk av h\u00f8yreback Eirik Wichne som indrel\u00f8per i angrep i reneste Stefan Billborn-stil, v\u00e5get Sander H\u00e5skjold Nyland \u00e5 gj\u00f8re ganske store endringer i et lag som har hatt voldsomme problemer de siste ukene.<\/p>\n<p>Berget plutselig klar!<\/p>\n<p>N\u00e5r han i tillegg brukte Jo Inge Berget fra start og i samtlige minutter denne mandagskvelden \u2013 han som visstnok kun orket tyve minutter da Christian Michelsen styrte skuta p\u00e5 Intility for seks dager siden \u2013 var det liten tvil om det var et nytt tankesett p\u00e5 Sarpsborg 08s trenerbenk.<\/p>\n<p>Jo Inge Bergets 90 minutter pluss tillegg mot Kristiansund gj\u00f8r for \u00f8vrig at det er all mulig grunn til \u00e5 stille sp\u00f8rsm\u00e5l ved hvorfor han ikke er blitt benyttet mer de siste ukene.<\/p>\n<p>Handler det om en intern konflikt? Eller passet ikke Berget inn i Michelsens stil? Jeg nekter i hvert fall \u00e5 tro at det er medisinske \u00e5rsaker til at Berget bare fikk noen minutter helt p\u00e5 tampen av kampene mot Haugesund og V\u00e5lerenga.<\/p>\n<p>Det hele virker rett og slett merkelig. Og for dumt all den tid han er en av ytterst f\u00e5 sjefer i dette laget.<\/p>\n<p>Jeg synes alle som er glad i Sarpsborg 08 i denne byen hadde fortjent en forklaring eller i hvert fall lagt bedre kommunikasjon rundt dette temaet.<\/p>\n<p>Liten effekt<\/p>\n<p>Dessverre ble det liten effekt ut av det nye trenerteamets friske og s\u00e5gar noe v\u00e5gale valg mot KBK.<\/p>\n<p>Uten at jeg p\u00e5 noen m\u00e5te gir Sander H\u00e5skjold Nyland skylda for det.<\/p>\n<p>For ingen trener i verden kan lastes for at entusiasmen er frav\u00e6rende, pasningene ikke sitter og balltapene \u2013 som det til Jo Inge Berget i forkant av 0-1-scoringen \u2013 er s\u00e5 mange at det er rent vondt \u00e5 se p\u00e5.<\/p>\n<p>Spesielt f\u00f8r pause var det ille.<\/p>\n<p>Etter pause var tr\u00f8kket i laget langt bedre. Men da skortet det p\u00e5 kvalitet, smartness og oppfinnsomhet p\u00e5 siste tredjedelen av banen. Det ble med en lang rekke innlegg, dueller inne i KBKs felt, men ingen scoring.<\/p>\n<p>N\u00e6rmest var Alagie Sanyang, et annet noe overraskende start-valg fra Sander H\u00e5skjold Nyland, da han etter 56 minutter ikke klarte \u00e5 gj\u00f8re om en god pasning fra Jo Inge Berget i tellende resultat.<\/p>\n<p>Deilig \u00e5 se Utvik<\/p>\n<p>Dagens eneste opptur p\u00e5 Sarpsborg stadion var uten tvil \u00e5 se Bj\u00f8rn Inge Utvik tilbake i den bl\u00e5hvite drakta. Det var rett og slett deilig \u00e5 se og h\u00f8re midtstopper styre den bakre fireren i kjent stil. Med det ikoniske 13-tallet p\u00e5 tr\u00f8ya \u2013 nummeret Ole Heieren Hansen vant s\u00e5 mange hjerter med da han var symbolet p\u00e5 alt som var bra i Sarpsborg 08 \u2013 viste han seg som en virkelig leder. Selv om ogs\u00e5 Utvik var en del av den kollektive ansvarsfraskrivelsen da Daniel Tufekic fikk spasere inn kampens eneste m\u00e5l.<\/p>\n<p>Apropos ledere:<\/p>\n<p>I likhet med de siste ukene, viste KBK-kampen at behovet for nye spillere sentralt p\u00e5 midtbanen er enormt. Langtidsskadede Aimar Sher er fortsatt noen uker unna \u00e5 kunne v\u00e6re kamp-aktuell, og<a href=\"https:\/\/www.sa.no\/nibe-snart-spilleklar-det-er-kun-et-sporsmal-om-tid\/s\/5-46-1872546\" rel=\"Follow nofollow noopener\" target=\"_blank\"> nykommer Andreas Nibe er fortsatt ikke kampklar. <\/a><\/p>\n<p>Jeg er overbevist om at Sarpsborg 08 m\u00e5 bruke penger i overgangsvinduets siste uke for \u00e5 skape mer tyngde i det viktige maskinrommet midt p\u00e5 banen.<\/p>\n<p>Ellers kan man ogs\u00e5 registrere at andre av sommerens nykommere, Sondre S\u00f8rli og Heine Bruseth, trenger tid f\u00f8r de er p\u00e5 et niv\u00e5 der de kan gj\u00f8re en forskjell for et Sarpsborg 08-lag i fritt fall.<\/p>\n<p>At en annen nykommer, Michael Opoku, satt 90 minutter p\u00e5 benken, sier ogs\u00e5 sitt om at sommeren 2025 s\u00e5 langt ikke har v\u00e6rt i n\u00e6rheten av optimal fra Sarpsborg 08s sportslige ledelse sin side.<\/p>\n<p>Selv om Bj\u00f8rn Inge Utvik er en signering i absolutt toppklasse.<\/p>\n<p>Selv om det hjalp sv\u00e6rt i en kamp der kun ett ord beskriver Sarpsborg 08s situasjon akkurat n\u00e5: <b>Krise!<\/b><\/p>\n<p>  <a href=\"https:\/\/www.sa.no\/5-46-1870951\" class=\"related-teaser has-image default-story-teaser article--c-eRUmMG article--c-eRUmMG-jKCPdD-design-default\" rel=\"nofollow noopener\" target=\"_blank\"><\/p>\n<p>    <img decoding=\"async\" loading=\"lazy\"  src=\"https:\/\/www.europesays.com\/no\/wp-content\/uploads\/2025\/08\/cueres_scp-mangler_navn_CTzq2zJGBqk.jpg\" alt=\"\" class=\"brick-c-cFOWSL\" style=\"\"\/><\/p>\n<p>\n            Les ogs\u00e5<\/p>\n<p>              Femte strake tap og tung retur for Utvik: &#8211; Vi trenger \u00e5 bygge opp selvtilliten\n        <\/p>\n<p>  <\/a><\/p>\n","protected":false},"excerpt":{"rendered":"Sander H\u00e5skjold Nyland rykket opp fra tredjetrener til sjef da Christian Michelsen og Joakim Kl\u00e6boe ble sendt ut&hellip;\n","protected":false},"author":2,"featured_media":17938,"comment_status":"","ping_status":"","sticky":false,"template":"","format":"standard","meta":{"footnotes":""},"categories":[59],"tags":[36,92,3218,30,28,29,1533,1178,133,83,82],"class_list":{"0":"post-17937","1":"post","2":"type-post","3":"status-publish","4":"format-standard","5":"has-post-thumbnail","7":"category-sport","8":"tag-art","9":"tag-fotball","10":"tag-mening","11":"tag-no","12":"tag-norge","13":"tag-norway","14":"tag-opinion","15":"tag-petter-kalnes","16":"tag-sarpsborg-08","17":"tag-sport","18":"tag-sports"},"share_on_mastodon":{"url":"","error":""},"_links":{"self":[{"href":"https:\/\/www.europesays.com\/no\/wp-json\/wp\/v2\/posts\/17937","targetHints":{"allow":["GET"]}}],"collection":[{"href":"https:\/\/www.europesays.com\/no\/wp-json\/wp\/v2\/posts"}],"about":[{"href":"https:\/\/www.europesays.com\/no\/wp-json\/wp\/v2\/types\/post"}],"author":[{"embeddable":true,"href":"https:\/\/www.europesays.com\/no\/wp-json\/wp\/v2\/users\/2"}],"replies":[{"embeddable":true,"href":"https:\/\/www.europesays.com\/no\/wp-json\/wp\/v2\/comments?post=17937"}],"version-history":[{"count":0,"href":"https:\/\/www.europesays.com\/no\/wp-json\/wp\/v2\/posts\/17937\/revisions"}],"wp:featuredmedia":[{"embeddable":true,"href":"https:\/\/www.europesays.com\/no\/wp-json\/wp\/v2\/media\/17938"}],"wp:attachment":[{"href":"https:\/\/www.europesays.com\/no\/wp-json\/wp\/v2\/media?parent=17937"}],"wp:term":[{"taxonomy":"category","embeddable":true,"href":"https:\/\/www.europesays.com\/no\/wp-json\/wp\/v2\/categories?post=17937"},{"taxonomy":"post_tag","embeddable":true,"href":"https:\/\/www.europesays.com\/no\/wp-json\/wp\/v2\/tags?post=17937"}],"curies":[{"name":"wp","href":"https:\/\/api.w.org\/{rel}","templated":true}]}}