{"id":17988,"date":"2025-08-25T21:45:40","date_gmt":"2025-08-25T21:45:40","guid":{"rendered":"https:\/\/www.europesays.com\/no\/17988\/"},"modified":"2025-08-25T21:45:40","modified_gmt":"2025-08-25T21:45:40","slug":"jakob-ingebrigtsen-friidrett-ny-beskjed-om-jakob-ingebrigtsen","status":"publish","type":"post","link":"https:\/\/www.europesays.com\/no\/17988\/","title":{"rendered":"Jakob Ingebrigtsen, Friidrett | Ny beskjed om Jakob Ingebrigtsen"},"content":{"rendered":"<p> (<a href=\"https:\/\/www.nettavisen.no\" rel=\"nofollow noopener\" target=\"_blank\">Nettavisen<\/a>) <\/p>\n<p>Jakob Asserson Ingebrigtsen (24) \u00f8nsket \u00e5 gj\u00f8re comeback i torsdagens Diamond League-finale i Z\u00fcrich. Det f\u00e5r han ikke, if\u00f8lge <a href=\"https:\/\/www.vg.no\/sport\/i\/nyd9en\/jakob-ingebrigtsen-stoppet-av-regler-han-skulle-gjerne-vaert-med\" rel=\"Follow nofollow noopener\" target=\"_blank\">VG.<\/a> <\/p>\n<p>\u00abFor \u00e5 v\u00e6re kvalifisert for \u00e5 f\u00e5 et wildcard til Diamond League-finalen m\u00e5 man ha l\u00f8pt minst et tidligere stevne samme sesong\u00bb, skriver avisen.<\/p>\n<p>Arrang\u00f8ren skal likevel ha \u00f8nsket \u00e5 gi Ingebrigtsen et wildcard, men s\u00f8knaden ble avsl\u00e5tt. Det f\u00e5r VG bekreftet av pressesjefen for stevnet i Z\u00fcrich.<\/p>\n<p>\u2013 Vi \u00f8nsket i aller h\u00f8yeste grad at Jakob skulle v\u00e6re en del av Weltklasse Z\u00fcrich 2025 og sendte inn en s\u00f8knad om wildcard for ham. Dessverre ble s\u00f8knaden v\u00e5r ikke godkjent hos styret i Diamond League. Reglene i Diamond League er tydelige, skriver Elisabeth Walden til avisen.<\/p>\n<p>Ingebrigtsen har slitt med en skade i en lengre periode, men har drevet med opptrening og rehabilitering gjennom sommeren. N\u00e5 virker han alts\u00e5 \u00e5 v\u00e6re klar for et comeback, men det blir alts\u00e5 ikke i Z\u00fcrich. <\/p>\n<p>      Jobber mot VM<\/p>\n<p>Det er ikke bekreftet hvorvidt Ingebrigtsen reiser til VM i Tokyo om f\u00e5 uker, men mye tyder n\u00e5 p\u00e5 at l\u00f8peren er i stand til \u00e5 konkurrere igjen.<\/p>\n<p>\u2013 Det peker definitivt i riktig retning, men det er fortsatt mye jobb som gjenst\u00e5r for \u00e5 v\u00e6re 100 prosent forberedt til VM. Det er definitivt en kamp mot klokken, sa friidrettsstjernen selv i en video p\u00e5 YouTube nylig.<\/p>\n<p><b>Les ogs\u00e5: <a href=\"https:\/\/www.nettavisen.no\/sport\/aleesami-tok-drastisk-kostholdsgrep-blitt-enda-mer-ekstrem\/s\/5-95-2573018\" rel=\"Follow nofollow noopener\" target=\"_blank\">Aleesami tok drastisk kostholdsgrep: \u2013 Blitt enda mer ekstrem<\/a><\/b><\/p>\n<p>\u2013 F\u00f8lte seg klar<\/p>\n<p>Han la til at de neste ukene ville gi mange nye svar om hvor godt forberedt han kommer til VM.<\/p>\n<p>\u2013 Han f\u00f8lte seg klar til \u00e5 delta til helgen, sier presser\u00e5dgiver Skoland til NTB.<\/p>\n<p>NTB har ogs\u00e5 stilt Skoland sp\u00f8rsm\u00e5l om det er aktuelt for Ingebrigtsen \u00e5 finne en annen konkurranse for \u00e5 f\u00e5 en gjennomkj\u00f8ring f\u00f8r VM.<\/p>\n<p>\u2013 Andre eventualiteter m\u00e5 vi komme tilbake til, svarer han.<\/p>\n<p>Gullh\u00e5pet skal ha sin egen precamp i Japan foran det kommende meterskapet. Han f\u00f8lger dermed ikke felles opplegget til Norges Friidrettsforbund.<\/p>\n<p>Jakob Ingebrigtsen har vunnet de to siste VM-gullene p\u00e5 5000 meter, men \u00e5 bli verdensmester p\u00e5 1500 meter gjenst\u00e5r etter to strake s\u00f8lvmedaljer.<\/p>\n<p>VM i Tokyo arrangeres fra 13 til 21. september. <\/p>\n","protected":false},"excerpt":{"rendered":"(Nettavisen) Jakob Asserson Ingebrigtsen (24) \u00f8nsket \u00e5 gj\u00f8re comeback i torsdagens Diamond League-finale i Z\u00fcrich. Det f\u00e5r han&hellip;\n","protected":false},"author":2,"featured_media":17989,"comment_status":"","ping_status":"","sticky":false,"template":"","format":"standard","meta":{"footnotes":""},"categories":[59],"tags":[36,423,422,30,28,29,83,82,1510],"class_list":{"0":"post-17988","1":"post","2":"type-post","3":"status-publish","4":"format-standard","5":"has-post-thumbnail","7":"category-sport","8":"tag-art","9":"tag-friidrett","10":"tag-jakob-ingebrigtsen","11":"tag-no","12":"tag-norge","13":"tag-norway","14":"tag-sport","15":"tag-sports","16":"tag-story"},"share_on_mastodon":{"url":"","error":""},"_links":{"self":[{"href":"https:\/\/www.europesays.com\/no\/wp-json\/wp\/v2\/posts\/17988","targetHints":{"allow":["GET"]}}],"collection":[{"href":"https:\/\/www.europesays.com\/no\/wp-json\/wp\/v2\/posts"}],"about":[{"href":"https:\/\/www.europesays.com\/no\/wp-json\/wp\/v2\/types\/post"}],"author":[{"embeddable":true,"href":"https:\/\/www.europesays.com\/no\/wp-json\/wp\/v2\/users\/2"}],"replies":[{"embeddable":true,"href":"https:\/\/www.europesays.com\/no\/wp-json\/wp\/v2\/comments?post=17988"}],"version-history":[{"count":0,"href":"https:\/\/www.europesays.com\/no\/wp-json\/wp\/v2\/posts\/17988\/revisions"}],"wp:featuredmedia":[{"embeddable":true,"href":"https:\/\/www.europesays.com\/no\/wp-json\/wp\/v2\/media\/17989"}],"wp:attachment":[{"href":"https:\/\/www.europesays.com\/no\/wp-json\/wp\/v2\/media?parent=17988"}],"wp:term":[{"taxonomy":"category","embeddable":true,"href":"https:\/\/www.europesays.com\/no\/wp-json\/wp\/v2\/categories?post=17988"},{"taxonomy":"post_tag","embeddable":true,"href":"https:\/\/www.europesays.com\/no\/wp-json\/wp\/v2\/tags?post=17988"}],"curies":[{"name":"wp","href":"https:\/\/api.w.org\/{rel}","templated":true}]}}