{"id":17998,"date":"2025-08-25T22:02:13","date_gmt":"2025-08-25T22:02:13","guid":{"rendered":"https:\/\/www.europesays.com\/no\/17998\/"},"modified":"2025-08-25T22:02:13","modified_gmt":"2025-08-25T22:02:13","slug":"erna-solberg-vil-kutte-statlig-byrakrati","status":"publish","type":"post","link":"https:\/\/www.europesays.com\/no\/17998\/","title":{"rendered":"Erna Solberg: Vil kutte statlig byr\u00e5krati"},"content":{"rendered":"\n<p class=\"_lead_1bvmi_2 _lead_xtcu6_50 layout-component text-serif-m layout-normal text-serif-l layout-component layout-wide layout-padded _wide_17hqh_1 layout-padded\">Erna Solberg vil bruke flere skattepenger p\u00e5 helse, politi og forsvar, og f\u00e6rre p\u00e5 byr\u00e5krater som lager PowerPoint.<\/p>\n<p><img alt=\" Foto: Helge Mikalsen \/ VG\" class=\"_image_qp4xg_65 layout-component layout-wide\" data-fullscreen- data-track-element-type=\"Article image fullscreen\" data-track-name=\"ImageFullscreen\" fetchpriority=\"high\" decoding=\"sync\" loading=\"eager\" height=\"5016\" itemprop=\"image\"  src=\"https:\/\/www.europesays.com\/no\/wp-content\/uploads\/2025\/08\/59ab0008-b1fa-4d10-9214-ab2788cb687a\"  style=\"object-position:0% 0%\" width=\"7010\"\/> Foto: Helge Mikalsen \/ VG<\/p>\n<ul aria-hidden=\"true\" class=\"_images_1y6fe_106\">\n<li><a class=\"_link_1y6fe_111\" href=\"https:\/\/www.vg.no\/forfatter\/martin-laegland\" style=\"z-index:2\" title=\"Martin L\u00e6gland\" rel=\"nofollow noopener\" target=\"_blank\"><img alt=\"Bilde av Martin L\u00e6gland\" class=\"_image_1y6fe_88\" fetchpriority=\"low\" loading=\"lazy\" decoding=\"async\" itemprop=\"image\"  src=\"https:\/\/www.europesays.com\/no\/wp-content\/uploads\/2025\/08\/1756159332_998_1d252117-c6eb-46e9-84ad-c09428caf56e\"  width=\"480\"\/><\/a><\/li>\n<li><a class=\"_link_1y6fe_111\" href=\"https:\/\/www.vg.no\/forfatter\/helge-mikalsen\" style=\"z-index:1\" title=\"Helge Mikalsen (foto)\" rel=\"nofollow noopener\" target=\"_blank\"><img alt=\"Bilde av Helge Mikalsen (foto)\" class=\"_image_1y6fe_88\" fetchpriority=\"low\" loading=\"lazy\" decoding=\"async\" itemprop=\"image\"  src=\"https:\/\/www.europesays.com\/no\/wp-content\/uploads\/2025\/08\/28493d15-65ed-4183-8dac-cf9c125f8eeb\"  width=\"480\"\/><\/a><\/li>\n<\/ul>\n<p> Oppdatert mandag 25. august kl. 20:32    <\/p>\n<ul class=\"_list_1bvmi_3 _list_1flq1_85 _unordered_1bvmi_99 text-sans-m\">\n<li class=\"_item_1bvmi_30\">Erna Solberg vil bruke mer penger p\u00e5 helse, politi og forsvar, og mindre p\u00e5 byr\u00e5krati.<\/li>\n<li class=\"_item_1bvmi_30\">Hun roser Bod\u00f8-ordf\u00f8rer Odd Emil Ingebrigtsens kommunekutt.<\/li>\n<li class=\"_item_1bvmi_30\">Solberg varsler en ny reform for avbyr\u00e5kratisering og effektivisering i staten.<\/li>\n<li class=\"_item_1bvmi_30\">Hun lover f\u00e6rre byr\u00e5krater om fire \u00e5r hvis hun blir statsminister.<\/li>\n<\/ul>\n<p>Vis mer <\/p>\n<p class=\"_paragraph_1bvmi_4 _paragraph_xtcu6_10 layout-component text-serif-m layout-normal text-serif-m layout-padded\">\u2013 Det Odd Emil har f\u00e5tt til er inspirerende. Det viser at det g\u00e5r an \u00e5 finne andre l\u00f8sninger enn bare \u00e5 bruke mer penger, sier hun. <\/p>\n<p class=\"_paragraph_1bvmi_4 _paragraph_xtcu6_10 layout-component text-serif-m layout-normal text-serif-m layout-padded\">Forrige uke gikk Bod\u00f8-ordf\u00f8rer Odd Emil Ingebrigtsen ut i VG og ba H\u00f8yre g\u00e5 <a href=\"https:\/\/www.vg.no\/nyheter\/i\/vgL8aw\/odd-emil-ingebrigtsen-hoeyre-maa-kutte-staten-med-minst-fem-prosent\" data-track-element-type=\"Link\" data-track-id=\"link:vgL8aw\" class=\"_link_1bvmi_39\" rel=\"nofollow noopener\" target=\"_blank\">mye t\u00f8ffere til verks<\/a> for \u00e5 fjerne statlig byr\u00e5krati. <\/p>\n<p class=\"_paragraph_1bvmi_4 _paragraph_xtcu6_10 layout-component text-serif-m layout-normal text-serif-m layout-padded\">Han er selv ansvarlig for \u00e5 kutte seks prosent av byr\u00e5kratiet i Bod\u00f8, tilsvarende 165 \u00e5rsverk \u2013 etter \u00e5 ha skjermet skole og eldreomsorg. <\/p>\n<p class=\"_paragraph_1bvmi_4 _paragraph_xtcu6_10 layout-component text-serif-m layout-normal text-serif-m layout-padded\">P\u00e5 et bes\u00f8k til et sykehjem i <a href=\"https:\/\/www.vg.no\/tag\/bodoe?utm_source=vg-article&amp;utm_medium=auto-tagger&amp;utm_campaign=4B25ja\" class=\"_link_1bvmi_39\" rel=\"nofollow noopener\" target=\"_blank\">Bod\u00f8<\/a> sl\u00e5r Solberg fast: <\/p>\n<p class=\"_paragraph_1bvmi_4 _paragraph_xtcu6_10 layout-component text-serif-m layout-normal text-serif-m layout-padded\">\u2013 Det er her vi skal bruke pengene, sier hun og utdyper:<\/p>\n<p class=\"_paragraph_1bvmi_4 _paragraph_xtcu6_10 layout-component text-serif-m layout-normal text-serif-m layout-padded\">\u2013 I staten m\u00e5 vi bli flere i f\u00f8rstelinjen og f\u00e6rre som administrerer. Vi m\u00e5 ha flere som m\u00f8ter elevene v\u00e5re, flere som pleier v\u00e5re syke og gamle, flere som hjelper folk ut i jobb, flere som arresterer de kriminelle. Veldig forenklet kan du gjerne si flere varme hender, og f\u00e6rre som lager PowerPoint. \u00a0\u00a0<\/p>\n<p><img alt=\"Foto: Helge Mikalsen \/ VG\" class=\"_image_qp4xg_65 layout-component layout-normal\" data-fullscreen- data-track-element-type=\"Article image fullscreen\" data-track-name=\"ImageFullscreen\" decoding=\"async\" loading=\"lazy\" height=\"5452\" itemprop=\"image\"  src=\"https:\/\/www.europesays.com\/no\/wp-content\/uploads\/2025\/08\/aa76ec3b-6686-4c06-8dda-407dc46a5473\"  style=\"object-position:0% 0%\" width=\"8070\"\/>Foto: Helge Mikalsen \/ VG<\/p>\n<p class=\"_paragraph_1bvmi_4 _paragraph_xtcu6_10 layout-component text-serif-m layout-normal text-serif-m layout-padded\">Hun sier at en kombinasjon av flere eldre og fallende oljeinntekter gj\u00f8r at det kreves mer disiplin i norsk politikk \u2013 og hvis vi skal kunne prioritere eldre og penger til forsvar.<\/p>\n<p class=\"_paragraph_1bvmi_4 _paragraph_xtcu6_10 layout-component text-serif-m layout-normal text-serif-m layout-padded\">\u2013 Vi mener det er helt avgj\u00f8rende for staten \u00e5 drive mer effektivt enn vi gj\u00f8r i dag.<\/p>\n<p><img alt=\"Foto: Helge Mikalsen \/ VG\" class=\"_image_qp4xg_65 layout-component layout-normal\" data-fullscreen- data-track-element-type=\"Article image fullscreen\" data-track-name=\"ImageFullscreen\" decoding=\"async\" loading=\"lazy\" height=\"5327\" itemprop=\"image\"  src=\"https:\/\/www.europesays.com\/no\/wp-content\/uploads\/2025\/08\/e31908b3-742f-449f-a2fc-fa8551a958b3\"  style=\"object-position:0% 0%\" width=\"7689\"\/>Foto: Helge Mikalsen \/ VG<\/p>\n<p class=\"_paragraph_1bvmi_4 _paragraph_xtcu6_10 layout-component text-serif-m layout-normal text-serif-m layout-padded\">Solberg begynner \u00e5 lese opp punktlisten sin fra en jukselapp, f\u00f8r hun avbryter seg selv: <\/p>\n<p class=\"_paragraph_1bvmi_4 _paragraph_xtcu6_10 layout-component text-serif-m layout-normal text-serif-m layout-padded\">\u2013 Dette kommer du vel til \u00e5 begrave i en faktaboks? <\/p>\n<p class=\"_paragraph_1bvmi_4 _paragraph_xtcu6_10 layout-component text-serif-m layout-normal text-serif-m layout-padded\">Helt riktig, Erna! Du kjenner oss for godt.<\/p>\n<p class=\"_paragraph_1bvmi_4 _paragraph_xtcu6_10 layout-component text-serif-m layout-normal text-serif-m layout-padded\">S\u00e5 i faktaboksen under kan man lese alle punktene i Solbergs kuttliste. <\/p>\n<p>Ernas kuttplan<\/p>\n<ol class=\"_list_1bvmi_3 _list_xtcu6_9 _list_16v91_9 _ordered_1bvmi_79 layout-component text-serif-m layout-normal text-sans-m layout-padded\">\n<li class=\"_item_1bvmi_30\">Alle statsr\u00e5der i en ny regjering skal ha i oppdrag \u00e5 forenkle og redusere kostnader, og det skal etableres et eget Digitaliserings- og forenklingsutvalg ledet av statsministeren.<\/li>\n<li class=\"_item_1bvmi_30\">For hver nye regel i offentlig sektor, skal to ut.<\/li>\n<li class=\"_item_1bvmi_30\">Effektiviseringsreform p\u00e5 minst 0,5 prosent. Forventninger om kutt i byr\u00e5krati og administrasjon \u2013 ikke i tjenestene.<\/li>\n<li class=\"_item_1bvmi_30\">Forenklingspanel: Flytte makt fra regjeringen til n\u00e6ringslivet. M\u00e5let er \u00e5 forenkle for minst 15 mrd.<\/li>\n<li class=\"_item_1bvmi_30\">Forenkle plan- og bygningsloven. Fjerne flere krav for \u00e5 gj\u00f8re det billigere \u00e5 kj\u00f8pe bolig.<\/li>\n<li class=\"_item_1bvmi_30\">Kutte i subsidier. Stanse \u00abgr\u00f8nn industrifinansiering\u00bb.<\/li>\n<\/ol>\n<p>Vis mer<\/p>\n<p class=\"_paragraph_1bvmi_4 _paragraph_xtcu6_10 layout-component text-serif-m layout-normal text-serif-m layout-padded\">Forrige gang Erna Solberg var statsminister var kutt i statlig byr\u00e5krati ogs\u00e5 et tema. H\u00f8yres regjeringspartner lovet \u00abkrig mot byr\u00e5kratiet\u00bb. Men at etter de hadde styrt i fire \u00e5r laget <a href=\"https:\/\/www.aftenposten.no\/norge\/politikk\/i\/0R960\/i-opposisjon-varslet-frp-krig-mot-byraakratiet-naa-har-staten-over-1000-flere-byraakrater\" class=\"_link_1bvmi_39\" rel=\"nofollow noopener\" target=\"_blank\">Aftenposten i 2017 en sak<\/a> om at det var blitt 1000 flere byr\u00e5krater direktoratene og departementene p\u00e5 fire \u00e5r \u2013 tilsvarende en kostnads\u00f8kning p\u00e5 en halv milliard kroner i \u00e5ret.<\/p>\n<p class=\"_paragraph_1bvmi_4 _paragraph_xtcu6_10 layout-component text-serif-m layout-normal text-serif-m layout-padded\">\u2013 S\u00e5 hvilken troverdighet har egentlig du p\u00e5 kutt i offentlig sektor? <\/p>\n<p class=\"_paragraph_1bvmi_4 _paragraph_xtcu6_10 layout-component text-serif-m layout-normal text-serif-m layout-padded\">\u2013 Frps egne l\u00f8fter fra 2013, synes jeg det er mest riktig at Frp f\u00e5r svare for. Men vi klarte faktisk sammen \u00e5 redusere antallet ansatte i departementene og bremse veksten i sentralforvaltningen i staten. N\u00e5 er jeg opptatt av hva H\u00f8yre vil gj\u00f8re fremover, for dette er en sak H\u00f8yre har tenkt til \u00e5 levere p\u00e5, sier hun.<\/p>\n<p class=\"_paragraph_1bvmi_4 _paragraph_xtcu6_10 layout-component text-serif-m layout-normal text-serif-m layout-padded\">H\u00f8yre mener tallene til Aftenposten ikke gir et helt presist bilde, og. at den forrige regjeringen dempet veksten i sentralforvaltningen. Solberg ogs\u00e5 viser til at det i perioden kom 35 000 flere asyls\u00f8kere til Norge, og at regjeringen m\u00e5tte oppbemanne i UDI og UNE.<\/p>\n<p>Ny kutt-reform<\/p>\n<p class=\"_paragraph_1bvmi_4 _paragraph_xtcu6_10 layout-component text-serif-m layout-normal text-serif-m layout-padded\">Solberg varsler en ny avbyr\u00e5kratiserings- og effektiviseringsreform. Det betyr at alle deler av staten hvert \u00e5r f\u00e5r et lite kutt sammenlignet med \u00e5ret f\u00f8r.<\/p>\n<p class=\"_paragraph_1bvmi_4 _paragraph_xtcu6_10 layout-component text-serif-m layout-normal text-serif-m layout-padded\">\u2013 Det var en veldig sunn reform, som gj\u00f8r at alle som er ledere vet at de f\u00e5r litt mindre penger for \u00e5 gj\u00f8re de samme oppgavene. Da m\u00e5 de se om de kan gj\u00f8re oppgavene p\u00e5 en mer effektiv m\u00e5te. <\/p>\n<p class=\"_paragraph_1bvmi_4 _paragraph_xtcu6_10 layout-component text-serif-m layout-normal text-serif-m layout-padded\">Hun sier at det ogs\u00e5 er kommet en \u00abskjult\u00bb byr\u00e5kratisering i staten. Hun peker p\u00e5 helsesektoren. <\/p>\n<p class=\"_paragraph_1bvmi_4 _paragraph_xtcu6_10 layout-component text-serif-m layout-normal text-serif-m layout-padded\">\u2013 Ser vi fra 2005 til 2025, s\u00e5 er det administrative arbeidet til legene ved sykehusene v\u00e5re \u00f8kt tilsvarende \u00e9n dag i uken. Det har vi sagt at vi skal ta ned igjen. <\/p>\n<p class=\"_paragraph_1bvmi_4 _paragraph_xtcu6_10 layout-component text-serif-m layout-normal text-serif-m layout-padded\">\u2013 Kan du love at det blir mindre statlig byr\u00e5krati om fire \u00e5r hvis du blir statsminister?<\/p>\n<p class=\"_paragraph_1bvmi_4 _paragraph_xtcu6_10 layout-component text-serif-m layout-normal text-serif-m layout-padded\">\u2013 Ja, det kan jeg love. <\/p>\n","protected":false},"excerpt":{"rendered":"Erna Solberg vil bruke flere skattepenger p\u00e5 helse, politi og forsvar, og f\u00e6rre p\u00e5 byr\u00e5krater som lager PowerPoint.&hellip;\n","protected":false},"author":2,"featured_media":17999,"comment_status":"","ping_status":"","sticky":false,"template":"","format":"standard","meta":{"footnotes":""},"categories":[5],"tags":[1525,20,21,327,24,25,15,19,22,23,17,18,13,30,28,281,29,14,16,26,27],"class_list":{"0":"post-17998","1":"post","2":"type-post","3":"status-publish","4":"format-standard","5":"has-post-thumbnail","7":"category-overskrifter","8":"tag-bodo","9":"tag-breaking-news","10":"tag-breakingnews","11":"tag-erna-solberg","12":"tag-featured-news","13":"tag-featurednews","14":"tag-headlines","15":"tag-hovedoppslag","16":"tag-latest-news","17":"tag-latestnews","18":"tag-main-news","19":"tag-mainnews","20":"tag-news","21":"tag-no","22":"tag-norge","23":"tag-norsk-politikk","24":"tag-norway","25":"tag-nyheter","26":"tag-overskrifter","27":"tag-top-stories","28":"tag-topstories"},"share_on_mastodon":{"url":"","error":""},"_links":{"self":[{"href":"https:\/\/www.europesays.com\/no\/wp-json\/wp\/v2\/posts\/17998","targetHints":{"allow":["GET"]}}],"collection":[{"href":"https:\/\/www.europesays.com\/no\/wp-json\/wp\/v2\/posts"}],"about":[{"href":"https:\/\/www.europesays.com\/no\/wp-json\/wp\/v2\/types\/post"}],"author":[{"embeddable":true,"href":"https:\/\/www.europesays.com\/no\/wp-json\/wp\/v2\/users\/2"}],"replies":[{"embeddable":true,"href":"https:\/\/www.europesays.com\/no\/wp-json\/wp\/v2\/comments?post=17998"}],"version-history":[{"count":0,"href":"https:\/\/www.europesays.com\/no\/wp-json\/wp\/v2\/posts\/17998\/revisions"}],"wp:featuredmedia":[{"embeddable":true,"href":"https:\/\/www.europesays.com\/no\/wp-json\/wp\/v2\/media\/17999"}],"wp:attachment":[{"href":"https:\/\/www.europesays.com\/no\/wp-json\/wp\/v2\/media?parent=17998"}],"wp:term":[{"taxonomy":"category","embeddable":true,"href":"https:\/\/www.europesays.com\/no\/wp-json\/wp\/v2\/categories?post=17998"},{"taxonomy":"post_tag","embeddable":true,"href":"https:\/\/www.europesays.com\/no\/wp-json\/wp\/v2\/tags?post=17998"}],"curies":[{"name":"wp","href":"https:\/\/api.w.org\/{rel}","templated":true}]}}