{"id":18018,"date":"2025-08-25T22:50:10","date_gmt":"2025-08-25T22:50:10","guid":{"rendered":"https:\/\/www.europesays.com\/no\/18018\/"},"modified":"2025-08-25T22:50:10","modified_gmt":"2025-08-25T22:50:10","slug":"fedre-vi-ma-snakke-med-gutta-vare","status":"publish","type":"post","link":"https:\/\/www.europesays.com\/no\/18018\/","title":{"rendered":"Fedre, vi m\u00e5 snakke med gutta v\u00e5re!"},"content":{"rendered":"<p>   <img decoding=\"async\" alt=\"Bilde av Av: TRYGVE ULSET\" class=\"_image_ygndg_42\" height=\"51\" itemprop=\"image\" loading=\"lazy\"  src=\"https:\/\/www.europesays.com\/no\/wp-content\/uploads\/2025\/08\/dcdf2efd-4896-4c5e-8cb8-9d8217675752\"  width=\"40\"\/><strong class=\"_name_ygndg_51 title-serif-xs\">Av: TRYGVE ULSET<\/strong><\/p>\n<p class=\"_paragraph_1bvmi_4 text-sans-m _description_ygndg_56\">Pappa<\/p>\n<p class=\"_paragraph_1bvmi_4 _paragraph_xtcu6_10 layout-component text-serif-m layout-normal text-serif-m layout-padded\">Jeg er pappa til to nesten voksne jenter og en 16 \u00e5r gammel gutt.<\/p>\n<p class=\"_paragraph_1bvmi_4 _paragraph_xtcu6_10 layout-component text-serif-m layout-normal text-serif-m layout-padded\"><strong class=\"_strong_1bvmi_25\">Dette skal handle om hans verden.<\/strong><\/p>\n<p class=\"_paragraph_1bvmi_4 _paragraph_xtcu6_10 layout-component text-serif-m layout-normal text-serif-m layout-padded\">Han har en hjerne som helt tydelig fremdeles er under konstruksjon, men dette til tross er han riktig s\u00e5 oppeg\u00e5ende og er fascinert av for f\u00f8rste gang \u00e5 f\u00f8lge en valgkamp. <\/p>\n<p class=\"_paragraph_1bvmi_4 _paragraph_xtcu6_10 layout-component text-serif-m layout-normal text-serif-m layout-padded\">Han vokser opp med sterke kvinner rundt seg, i garderobe og skole, men er ikke minst en del av en generasjon som vokser opp i en storm av algoritmer, ufiltrert meningsp\u00e5virkning og en maskulinhetsb\u00f8lge som er b\u00e5de gammeldags og farlig.<\/p>\n<p class=\"_paragraph_1bvmi_4 _paragraph_xtcu6_10 layout-component text-serif-m layout-normal text-serif-m layout-padded\">Vi snakker ikke lenger bare om \u00abgutter som roper ting i skoleg\u00e5rden\u00bb.<\/p>\n<p class=\"_paragraph_1bvmi_4 _paragraph_xtcu6_10 layout-component text-serif-m layout-normal text-serif-m layout-padded\">N\u00e5 er det systematisk p\u00e5virkning, pakket inn i velprodusert innhold, levert av figurer som selger en verden hvor menn skal v\u00e6re overlegne, kvinner skal v\u00e6re underdanige, og empati er tegn p\u00e5 svakhet.<\/p>\n<p class=\"_paragraph_1bvmi_4 _paragraph_xtcu6_10 layout-component text-serif-m layout-normal text-serif-m layout-padded\">De ulike unge mannlige podkasterne og tiktokerne presenterer seg gjerne som realister, og serverer et budskap bygget p\u00e5 skepsis mot et samfunn de mener er dominert av kvinner, og formidler en bakstreversk forst\u00e5else av kj\u00f8nn og makt.<\/p>\n<p class=\"_paragraph_1bvmi_4 _paragraph_xtcu6_10 layout-component text-serif-m layout-normal text-serif-m layout-padded\">Det \u00e5 v\u00e6re egoist er kult, og folk f\u00e5r som fortjent.<\/p>\n<p class=\"_paragraph_1bvmi_4 _paragraph_xtcu6_10 layout-component text-serif-m layout-normal text-serif-m layout-padded\">Og det er ikke bare gutter som elsker dem. Det gj\u00f8r algoritmene ogs\u00e5.<\/p>\n<p><img alt=\"DIGITALT FELLESSKAP: \u00abOss imot resten skaper den deilige f\u00f8lelsen av guttefellesskap der de sitter alene p\u00e5 hvert sitt gutterom og f\u00f8lelsen av at n\u00e5r alle skj\u00f8nner det vi skj\u00f8nner er vi fri\u00bb, skriver Trygve Ulset.\" class=\"_image_qp4xg_65 layout-component layout-normal\" data-fullscreen- data-track-element-type=\"Article image fullscreen\" data-track-name=\"ImageFullscreen\" decoding=\"async\" loading=\"lazy\" height=\"1000\" itemprop=\"image\"  src=\"https:\/\/www.europesays.com\/no\/wp-content\/uploads\/2025\/08\/31a3b258-c95d-42fd-b4b1-f749f80974ca\"  style=\"object-position:0% 0%\" width=\"1500\"\/>DIGITALT FELLESSKAP: \u00abOss imot resten skaper den deilige f\u00f8lelsen av guttefellesskap der de sitter alene p\u00e5 hvert sitt gutterom og f\u00f8lelsen av at n\u00e5r alle skj\u00f8nner det vi skj\u00f8nner er vi fri\u00bb, skriver Trygve Ulset.<\/p>\n<p class=\"_paragraph_1bvmi_4 _paragraph_xtcu6_10 layout-component text-serif-m layout-normal text-serif-m layout-padded\">Det bekymrer meg \u2013 ikke fordi guttene v\u00e5re m\u00f8ter disse holdningene.<\/p>\n<p class=\"_paragraph_1bvmi_4 _paragraph_xtcu6_10 layout-component text-serif-m layout-normal text-serif-m layout-padded\">Det har de ikke vondt av, men fordi altfor mange gutter mangler voksne \u00e5 snakke med n\u00e5r de st\u00f8ter p\u00e5 dem. <\/p>\n<p class=\"_paragraph_1bvmi_4 _paragraph_xtcu6_10 layout-component text-serif-m layout-normal text-serif-m layout-padded\">De mangler motkultur og motstemmer.<\/p>\n<p class=\"_paragraph_1bvmi_4 _paragraph_xtcu6_10 layout-component text-serif-m layout-normal text-serif-m layout-padded\"><strong class=\"_strong_1bvmi_25\">For \u00e6rlig talt: N\u00e5r snakket du sist med s\u00f8nnen din om kvinnesyn? Om ansvar? Om hva det egentlig betyr \u00e5 v\u00e6re gutt eller mann i dag?<\/strong><\/p>\n<p class=\"_paragraph_1bvmi_4 _paragraph_xtcu6_10 layout-component text-serif-m layout-normal text-serif-m layout-padded\">Pappa er ikke kulest i verden n\u00e5r poden er i den mest formative fasen og den politiske oppv\u00e5kningen skjer.<\/p>\n<p class=\"_paragraph_1bvmi_4 _paragraph_xtcu6_10 layout-component text-serif-m layout-normal text-serif-m layout-padded\">Tyngdekraften og algoritmene jobber imot oss, og vi kan ta oss i \u00e5 misunne Sisyfos\u2019 bestrebelser.<\/p>\n<p class=\"_paragraph_1bvmi_4 _paragraph_xtcu6_10 layout-component text-serif-m layout-normal text-serif-m layout-padded\">Kanskje er det derfor altfor mange fedre tier?<\/p>\n<p class=\"_paragraph_1bvmi_4 _paragraph_xtcu6_10 layout-component text-serif-m layout-normal text-serif-m layout-padded\">Kanskje fordi det er ubehagelig. Kanskje fordi vi ikke helt vet hva vi skal si.<\/p>\n<p class=\"_paragraph_1bvmi_4 _paragraph_xtcu6_10 layout-component text-serif-m layout-normal text-serif-m layout-padded\">Eller kanskje fordi vi selv vokste opp i en tid hvor det \u00e5 snakke om f\u00f8lelser, makt og kj\u00f8nn ikke var vanlig.<\/p>\n<p class=\"_paragraph_1bvmi_4 _paragraph_xtcu6_10 layout-component text-serif-m layout-normal text-serif-m layout-padded\">Ideologien som forfektes er lett tilgjengelig, popul\u00e6r og profesjonelt pakket inn.<\/p>\n<p class=\"_paragraph_1bvmi_4 _paragraph_xtcu6_10 layout-component text-serif-m layout-normal text-serif-m layout-padded\">De mest popul\u00e6re snakker et spr\u00e5k som tiltrekker seg unge:<\/p>\n<p class=\"_paragraph_1bvmi_4 _paragraph_xtcu6_10 layout-component text-serif-m layout-normal text-serif-m layout-padded\"><strong class=\"_strong_1bvmi_25\">De bruker humor, status, og en slags \u00abanti-woke\u00bb oppr\u00f8rstrang som f\u00e5r det til \u00e5 virke som om de har skj\u00f8nt noe vi andre ikke har.<\/strong><\/p>\n<p class=\"_paragraph_1bvmi_4 _paragraph_xtcu6_10 layout-component text-serif-m layout-normal text-serif-m layout-padded\">\u00abOss imot resten\u00bb skaper den deilige f\u00f8lelsen av guttefellesskap der de sitter alene p\u00e5 hvert sitt gutterom, og f\u00f8lelsen av at n\u00e5r alle skj\u00f8nner det vi skj\u00f8nner, er vi fri.<\/p>\n<p class=\"_paragraph_1bvmi_4 _paragraph_xtcu6_10 layout-component text-serif-m layout-normal text-serif-m layout-padded\">Men budskapet som selges er ikke frihet. Det er frykt. Frykt for \u00e5 miste kontroll. Frykt for \u00e5 bli myk. Frykt for \u00e5 tenke p\u00e5 sin neste.<\/p>\n<p class=\"_paragraph_1bvmi_4 _paragraph_xtcu6_10 layout-component text-serif-m layout-normal text-serif-m layout-padded\"><strong class=\"_strong_1bvmi_25\">Og hva er det motsatte av frykt?<\/strong><\/p>\n<p class=\"_paragraph_1bvmi_4 _paragraph_xtcu6_10 layout-component text-serif-m layout-normal text-serif-m layout-padded\"><strong class=\"_strong_1bvmi_25\">Det er trygghet. Respekt. \u00c5penhet. Omtanke. <\/strong><\/p>\n<p class=\"_paragraph_1bvmi_4 _paragraph_xtcu6_10 layout-component text-serif-m layout-normal text-serif-m layout-padded\">Og dette l\u00e6rer ikke guttene v\u00e5re av podder og tiktoks hvor svogerforskning og anekdotiske historier brukes som fasit.<\/p>\n<p class=\"_paragraph_1bvmi_4 _paragraph_xtcu6_10 layout-component text-serif-m layout-normal text-serif-m layout-padded\">De l\u00e6rer det av oss.<\/p>\n<p class=\"_paragraph_1bvmi_4 _paragraph_xtcu6_10 layout-component text-serif-m layout-normal text-serif-m layout-padded\">Derfor vil jeg si dette, til deg som er far: Vi m\u00e5 tr\u00e5 til.<\/p>\n<p class=\"_paragraph_1bvmi_4 _paragraph_xtcu6_10 layout-component text-serif-m layout-normal text-serif-m layout-padded\"><strong class=\"_strong_1bvmi_25\">Vi m\u00e5 t\u00f8rre \u00e5 ta de samtalene.<\/strong><\/p>\n<p class=\"_paragraph_1bvmi_4 _paragraph_xtcu6_10 layout-component text-serif-m layout-normal text-serif-m layout-padded\">Ikke \u00e9n gang, men som SisyfosSisyfosSisyfos er en figur fra gresk mytologi som ble d\u00f8mt til \u00e5 rulle en stor stein opp en bakke, bare for at den skulle rulle ned igjen hver gang han n\u00e5dde toppen, som et symbol p\u00e5 en evig og meningsl\u00f8s oppgave.: Igjen og igjen og igjen.<\/p>\n<p class=\"_paragraph_1bvmi_4 _paragraph_xtcu6_10 layout-component text-serif-m layout-normal text-serif-m layout-padded\">Ikke med pekefinger, men med nysgjerrighet.<\/p>\n<p class=\"_paragraph_1bvmi_4 _paragraph_xtcu6_10 layout-component text-serif-m layout-normal text-serif-m layout-padded\">Sp\u00f8r hva de ser. Hva de tenker. Hva de f\u00f8ler.<\/p>\n<p class=\"_paragraph_1bvmi_4 _paragraph_xtcu6_10 layout-component text-serif-m layout-normal text-serif-m layout-padded\">Og s\u00e5 m\u00e5 vi v\u00e6re tydelige:<\/p>\n<p class=\"_paragraph_1bvmi_4 _paragraph_xtcu6_10 layout-component text-serif-m layout-normal text-serif-m layout-padded\">P\u00e5 hva vi mener, hva vi verdsetter, og hvem vi vil v\u00e6re som menn og medmennesker.<\/p>\n<p class=\"_paragraph_1bvmi_4 _paragraph_xtcu6_10 layout-component text-serif-m layout-normal text-serif-m layout-padded\">Verden er ikke bra nok og vi er, <a href=\"https:\/\/www.youtube.com\/watch?v=h3vyUA4fF_M\" class=\"_link_1bvmi_39\" rel=\"nofollow noopener\" target=\"_blank\">Cezinandos ord til tross<\/a>, ikke perfekte.<\/p>\n<p class=\"_paragraph_1bvmi_4 _paragraph_xtcu6_10 layout-component text-serif-m layout-normal text-serif-m layout-padded\">Men det trenger vi ikke. Vi trenger bare \u00e5 v\u00e6re en motvekt.<\/p>\n<p class=\"_paragraph_1bvmi_4 _paragraph_xtcu6_10 layout-component text-serif-m layout-normal text-serif-m layout-padded\">Gjennom ord. Gjennom handling.<\/p>\n<p class=\"_paragraph_1bvmi_4 _paragraph_xtcu6_10 layout-component text-serif-m layout-normal text-serif-m layout-padded\">For hvis ikke vi snakker med gutta v\u00e5re, gj\u00f8r noen andre det \u2013 og vi vet ikke alltid hva de sier.<\/p>\n<p>   Dette er en kronikk. Kronikken gir uttrykk for skribentens holdning. Du kan sende inn kronikker og debattinnlegg til <a class=\"_link_jv5ak_10\" href=\"https:\/\/www.vg.no\/nyheter\/i\/25rvov\/mailto:debatt@vg.no\" rel=\"nofollow noopener\" target=\"_blank\">debatt@vg.no<\/a>. <\/p>\n","protected":false},"excerpt":{"rendered":"Av: TRYGVE ULSET Pappa Jeg er pappa til to nesten voksne jenter og en 16 \u00e5r gammel gutt.&hellip;\n","protected":false},"author":2,"featured_media":18019,"comment_status":"","ping_status":"","sticky":false,"template":"","format":"standard","meta":{"footnotes":""},"categories":[10],"tags":[20,21,24,25,15,22,23,1007,13,30,28,29,14,16,2974,1679,3222,26,27,103],"class_list":{"0":"post-18018","1":"post","2":"type-post","3":"status-publish","4":"format-standard","5":"has-post-thumbnail","7":"category-norge","8":"tag-breaking-news","9":"tag-breakingnews","10":"tag-featured-news","11":"tag-featurednews","12":"tag-headlines","13":"tag-latest-news","14":"tag-latestnews","15":"tag-menn","16":"tag-news","17":"tag-no","18":"tag-norge","19":"tag-norway","20":"tag-nyheter","21":"tag-overskrifter","22":"tag-pappa","23":"tag-psykisk-helse","24":"tag-sosiale-medier","25":"tag-top-stories","26":"tag-topstories","27":"tag-vgmeninger"},"share_on_mastodon":{"url":"","error":""},"_links":{"self":[{"href":"https:\/\/www.europesays.com\/no\/wp-json\/wp\/v2\/posts\/18018","targetHints":{"allow":["GET"]}}],"collection":[{"href":"https:\/\/www.europesays.com\/no\/wp-json\/wp\/v2\/posts"}],"about":[{"href":"https:\/\/www.europesays.com\/no\/wp-json\/wp\/v2\/types\/post"}],"author":[{"embeddable":true,"href":"https:\/\/www.europesays.com\/no\/wp-json\/wp\/v2\/users\/2"}],"replies":[{"embeddable":true,"href":"https:\/\/www.europesays.com\/no\/wp-json\/wp\/v2\/comments?post=18018"}],"version-history":[{"count":0,"href":"https:\/\/www.europesays.com\/no\/wp-json\/wp\/v2\/posts\/18018\/revisions"}],"wp:featuredmedia":[{"embeddable":true,"href":"https:\/\/www.europesays.com\/no\/wp-json\/wp\/v2\/media\/18019"}],"wp:attachment":[{"href":"https:\/\/www.europesays.com\/no\/wp-json\/wp\/v2\/media?parent=18018"}],"wp:term":[{"taxonomy":"category","embeddable":true,"href":"https:\/\/www.europesays.com\/no\/wp-json\/wp\/v2\/categories?post=18018"},{"taxonomy":"post_tag","embeddable":true,"href":"https:\/\/www.europesays.com\/no\/wp-json\/wp\/v2\/tags?post=18018"}],"curies":[{"name":"wp","href":"https:\/\/api.w.org\/{rel}","templated":true}]}}