{"id":18039,"date":"2025-08-25T23:38:10","date_gmt":"2025-08-25T23:38:10","guid":{"rendered":"https:\/\/www.europesays.com\/no\/18039\/"},"modified":"2025-08-25T23:38:10","modified_gmt":"2025-08-25T23:38:10","slug":"tromso-trafikk-mener-krysset-har-blitt-en-dodsfelle-har-nesten-blitt-pakjort-flere-ganger","status":"publish","type":"post","link":"https:\/\/www.europesays.com\/no\/18039\/","title":{"rendered":"Troms\u00f8, Trafikk | Mener krysset har blitt en d\u00f8dsfelle: \u2013 Har nesten blitt p\u00e5kj\u00f8rt flere ganger"},"content":{"rendered":"\n<p>Tidligere har krysset v\u00e6rt regulert med lys, og myke trafikanter kunne krysse veien p\u00e5 en trygg m\u00e5te.<\/p>\n<p>N\u00e5 st\u00e5r lysene p\u00e5 gult, og fotgjengerfeltet er heller ikke skiltet. If\u00f8lge flere beboere i omr\u00e5det har dette skapt stor usikkerhet i trafikken.<\/p>\n<p>\u2013 Forvirringen knyttet til fotgjengerfeltet som ikke er skiltet har gjort krysset til en d\u00f8dsfelle, spesielt for barnefamilier med vogn og funksjonshemmede. Jeg har selv opplevd \u00e5 nesten bli p\u00e5kj\u00f8rt med barnevogn flere ganger, sier en tipser til Nordlys.<\/p>\n<p>  <a href=\"https:\/\/www.nordlys.no\/5-34-2110168\" class=\"related-teaser has-image default-story-teaser article--c-eRUmMG article--c-eRUmMG-jKCPdD-design-default\" rel=\"nofollow noopener\" target=\"_blank\"><\/p>\n<p>    <img decoding=\"async\" loading=\"lazy\"  src=\"https:\/\/www.europesays.com\/no\/wp-content\/uploads\/2025\/08\/BeFunky-collage+-+2025-02-04T160226.538.jpg\" alt=\"\" class=\"brick-c-cFOWSL\" style=\"\"\/><\/p>\n<p>\n            Les ogs\u00e5<\/p>\n<p>              Dette er de kritiske strekningene: \u2013 Det vil bli stopp\n        <\/p>\n<p>  <\/a><\/p>\n<p>Stakkevollveien er en av de mest trafikkerte veien i Troms\u00f8. Etter stengingen av tunnelen har trafikken \u00f8kt ytterligere, noe som gj\u00f8r situasjonen ekstra utfordrende for fotgjengere som skal over veien.<\/p>\n<p>Enkelte mener det er kritikkverdig at kommunen har endret lysreguleringen uten \u00e5 legge til rette for en trygg l\u00f8sning. De peker p\u00e5 at n\u00e6rheten til b\u00e5de boliger, butikker og The Box gj\u00f8r at mange har behov for \u00e5 krysse veien daglig.<\/p>\n<p>  <a href=\"https:\/\/www.nordlys.no\/5-34-1892842\" class=\"related-teaser has-image default-story-teaser article--c-eRUmMG article--c-eRUmMG-jKCPdD-design-default\" rel=\"nofollow noopener\" target=\"_blank\"><\/p>\n<p>    <img decoding=\"async\" loading=\"lazy\"  src=\"https:\/\/www.europesays.com\/no\/wp-content\/uploads\/2025\/08\/trafikklys.jpg\" alt=\"\" class=\"brick-c-cFOWSL\" style=\"\"\/><\/p>\n<p>\n            Les ogs\u00e5<\/p>\n<p>              Fjernet lysregulering: \u2013 Skapte farlige situasjoner\n        <\/p>\n<p>  <\/a><\/p>\n<p>Troms\u00f8 kommune bekrefter at krysset st\u00e5r i gulblink, men understreker at det er midlertidig.<\/p>\n<p>\u2013 Meningen er at vi skal begynne \u00e5 grave der om ikke lenge for \u00e5 f\u00e5 p\u00e5 plass et nytt system, sier Odd Helge Vekve, fagleder i Bydrift.<\/p>\n<p>  <a href=\"https:\/\/www.nordlys.no\/5-34-1777351\" class=\"related-teaser has-image default-story-teaser article--c-eRUmMG article--c-eRUmMG-jKCPdD-design-default\" rel=\"nofollow noopener\" target=\"_blank\"><\/p>\n<p>    <img decoding=\"async\" loading=\"lazy\"  src=\"https:\/\/www.europesays.com\/no\/wp-content\/uploads\/2025\/08\/TromsB8%2Blangs%2BStakkevollvegen%2BBreivika%2BDJI_0630.jpg\" alt=\"\" class=\"brick-c-cFOWSL\" style=\"\"\/><\/p>\n<p>\n            Les ogs\u00e5<\/p>\n<p>              Straks tunnelene \u00e5pner, starter arbeidet med Stakkevollvegen\n        <\/p>\n<p>  <\/a><\/p>\n<p>If\u00f8lge Vekve er de gamle r\u00f8rene under bakken \u00f8delagte, og det er behov for en ny teknisk l\u00f8sning.<\/p>\n<p>\u2013 Det blir et nytt system med foto, slik at vi slipper \u00e5 grave ned f\u00f8lere under asfalten hver gang vi freser. Dette vil gi en mer stabil og varig regulering, og samtidig bedre trafikkavviklingen, forklarer han.<\/p>\n<p>  <a href=\"https:\/\/www.nordlys.no\/5-34-2146112\" class=\"related-teaser has-image default-story-teaser article--c-eRUmMG article--c-eRUmMG-jKCPdD-design-default\" rel=\"nofollow noopener\" target=\"_blank\"><\/p>\n<p>    <img decoding=\"async\" loading=\"lazy\"  src=\"https:\/\/www.europesays.com\/no\/wp-content\/uploads\/2025\/08\/BeFunky-collagesss+%2835%29.jpg\" alt=\"\" class=\"brick-c-cFOWSL\" style=\"\"\/><\/p>\n<p>\n            Les ogs\u00e5<\/p>\n<p>              Nordlys beklager &#8211; dette er de nordligste lyskryssene i verden\n        <\/p>\n<p>  <\/a><\/p>\n<p>Les mer om: artikkelemnene<\/p>\n","protected":false},"excerpt":{"rendered":"Tidligere har krysset v\u00e6rt regulert med lys, og myke trafikanter kunne krysse veien p\u00e5 en trygg m\u00e5te. N\u00e5&hellip;\n","protected":false},"author":2,"featured_media":18040,"comment_status":"","ping_status":"","sticky":false,"template":"","format":"standard","meta":{"footnotes":""},"categories":[56],"tags":[36,60,61,62,30,28,29,3224,1510,224,263],"class_list":{"0":"post-18039","1":"post","2":"type-post","3":"status-publish","4":"format-standard","5":"has-post-thumbnail","7":"category-naeringsliv","8":"tag-art","9":"tag-business","10":"tag-economy","11":"tag-naeringsliv","12":"tag-no","13":"tag-norge","14":"tag-norway","15":"tag-stakkevollveien","16":"tag-story","17":"tag-trafikk","18":"tag-tromso"},"share_on_mastodon":{"url":"","error":""},"_links":{"self":[{"href":"https:\/\/www.europesays.com\/no\/wp-json\/wp\/v2\/posts\/18039","targetHints":{"allow":["GET"]}}],"collection":[{"href":"https:\/\/www.europesays.com\/no\/wp-json\/wp\/v2\/posts"}],"about":[{"href":"https:\/\/www.europesays.com\/no\/wp-json\/wp\/v2\/types\/post"}],"author":[{"embeddable":true,"href":"https:\/\/www.europesays.com\/no\/wp-json\/wp\/v2\/users\/2"}],"replies":[{"embeddable":true,"href":"https:\/\/www.europesays.com\/no\/wp-json\/wp\/v2\/comments?post=18039"}],"version-history":[{"count":0,"href":"https:\/\/www.europesays.com\/no\/wp-json\/wp\/v2\/posts\/18039\/revisions"}],"wp:featuredmedia":[{"embeddable":true,"href":"https:\/\/www.europesays.com\/no\/wp-json\/wp\/v2\/media\/18040"}],"wp:attachment":[{"href":"https:\/\/www.europesays.com\/no\/wp-json\/wp\/v2\/media?parent=18039"}],"wp:term":[{"taxonomy":"category","embeddable":true,"href":"https:\/\/www.europesays.com\/no\/wp-json\/wp\/v2\/categories?post=18039"},{"taxonomy":"post_tag","embeddable":true,"href":"https:\/\/www.europesays.com\/no\/wp-json\/wp\/v2\/tags?post=18039"}],"curies":[{"name":"wp","href":"https:\/\/api.w.org\/{rel}","templated":true}]}}