{"id":180536,"date":"2026-03-06T23:35:11","date_gmt":"2026-03-06T23:35:11","guid":{"rendered":"https:\/\/www.europesays.com\/no\/180536\/"},"modified":"2026-03-06T23:35:11","modified_gmt":"2026-03-06T23:35:11","slug":"tror-ikke-pa-sproyter-og-sann","status":"publish","type":"post","link":"https:\/\/www.europesays.com\/no\/180536\/","title":{"rendered":"\u2013 Tror ikke p\u00e5 spr\u00f8yter og s\u00e5nn"},"content":{"rendered":"\n<p class=\"_lead_145nj_2 _lead_6fko5_53 layout-component text-serif-m layout-normal text-serif-l layout-component layout-wide layout-padded _wide_17hqh_1 layout-padded\">Skuespilleren sier hun aldri har f\u00e5tt spr\u00f8ytet noe inn i ansiktet.<\/p>\n<p><img alt=\"Joan Collins p\u00e5 en boklansering i London i fjor. Foto: Jonathan Brady \/ Pa Photos \/ NTB\" class=\"_image_1kupn_65 layout-component layout-wide\" data-fullscreen- data-track-element-type=\"Article image fullscreen\" data-track-name=\"ImageFullscreen\" fetchpriority=\"high\" decoding=\"sync\" loading=\"eager\" height=\"2545\" itemprop=\"image\"  src=\"https:\/\/www.europesays.com\/no\/wp-content\/uploads\/2026\/03\/425f95e1-e4f3-49c8-b2ad-4b07bbf07cd6.jpeg\"  style=\"object-position:0% 0%\" width=\"3033\"\/>Joan Collins p\u00e5 en boklansering i London i fjor. Foto: Jonathan Brady \/ Pa Photos \/ NTB<\/p>\n<ul aria-hidden=\"true\" class=\"_images_ntbth_112\">\n<li><a class=\"_link_ntbth_117\" href=\"https:\/\/www.vg.no\/forfatter\/catherine-gonsholt-ighanian\" style=\"z-index:1\" title=\"Catherine Gonsholt Ighanian\" rel=\"nofollow noopener\" target=\"_blank\"><img alt=\"Bilde av Catherine Gonsholt Ighanian\" class=\"_image_ntbth_93\" fetchpriority=\"low\" loading=\"lazy\" decoding=\"async\" itemprop=\"image\"  src=\"https:\/\/www.europesays.com\/no\/wp-content\/uploads\/2026\/03\/1772840110_826_72dca32d-ee6f-474c-a50e-72a9bb49f38a.jpeg\"  width=\"480\"\/><\/a><\/li>\n<\/ul>\n<p> Oppdatert fredag 6. mars kl. 22:53    <\/p>\n<ul class=\"_list_145nj_3 _list_64s2r_85 _unordered_145nj_106 text-sans-m\">\n<li class=\"_item_145nj_30\">Joan Collins sier at hun aldri har brukt kosmetiske inngrep som botox.<\/li>\n<li class=\"_item_145nj_30\">Collins er kritisk til slankespr\u00f8yten Ozempic.<\/li>\n<li class=\"_item_145nj_30\">Skuespillerinnen trener opp mot fire ganger i uken og f\u00f8lger en streng diett.<\/li>\n<li class=\"_item_145nj_30\">Hun sier at en sunn livsstil er n\u00f8kkelen til godt utseende.<\/li>\n<\/ul>\n<p>Vis mer <\/p>\n<p class=\"_paragraph_145nj_4 _paragraph_6fko5_10 layout-component text-serif-m layout-normal text-serif-m layout-padded\">Skuespillerveteranen har levd et langt liv i rampelyset, og at hun er opptatt av utseendet, er det ingen tvil om.<\/p>\n<p class=\"_paragraph_145nj_4 _paragraph_6fko5_10 layout-component text-serif-m layout-normal text-serif-m layout-padded\"><a href=\"https:\/\/www.vg.no\/tag\/joan-collins?utm_source=vg-article&amp;utm_medium=auto-tagger&amp;utm_campaign=bOgAV5\" class=\"_link_145nj_39\" rel=\"nofollow noopener\" target=\"_blank\">Joan Collins<\/a> er alltid stylet, frisert og sminket til fingerspissene n\u00e5r hun opptrer i offentligheten.<\/p>\n<p class=\"_paragraph_145nj_4 _paragraph_6fko5_10 layout-component text-serif-m layout-normal text-serif-m layout-padded\">Men \u2013 hun forsikrer at hun aldri har tydd til kosmetiske inngrep for \u00e5 se yngre ut enn hun er.<\/p>\n<p class=\"_paragraph_145nj_4 _paragraph_6fko5_10 layout-component text-serif-m layout-normal text-serif-m layout-padded\">\u2013 Jeg tror ikke p\u00e5 spr\u00f8yter og s\u00e5nt. Jeg har aldri tatt botox eller noe annet i ansiktet, sier Collins til magasinet <a href=\"https:\/\/www.hellomagazine.com\/healthandbeauty\/health-and-fitness\/886553\/dame-joan-collins-reveals-honest-thoughts-botox-ozempic-weight-loss\/\" class=\"_link_145nj_39\" rel=\"nofollow noopener\" target=\"_blank\">Hello!<\/a>.<\/p>\n<p class=\"_paragraph_145nj_4 _paragraph_6fko5_10 layout-component text-serif-m layout-normal text-serif-m layout-padded\">Intervjuet er filmet og inng\u00e5r i bladets kostholds-TV-serie \u00abDon\u00b4t Judge Me\u00bb. Praten finner sted p\u00e5 et luksuri\u00f8st hotell i London.<\/p>\n<p>\u2013 Kunne aldri brukt<\/p>\n<p class=\"_paragraph_145nj_4 _paragraph_6fko5_10 layout-component text-serif-m layout-normal text-serif-m layout-padded\">\u00abDynastiet\u00bb-stjernen er i tillegg krystallklar p\u00e5 hva hun mener om slankespr\u00f8yten <a href=\"https:\/\/www.vg.no\/forbruker\/i\/8pwMAw\/slankemedisin-slik-faar-du-best-effekt-under-og-etter-behandling\" data-track-element-type=\"Link\" data-track-id=\"link:8pwMAw\" class=\"_link_145nj_39\" rel=\"nofollow noopener\" target=\"_blank\">Ozempic<\/a>, som er blitt et popul\u00e6rt slankemiddel blant kjendiser og andre.<\/p>\n<p class=\"_paragraph_145nj_4 _paragraph_6fko5_10 layout-component text-serif-m layout-normal text-serif-m layout-padded\">\u2013 Jeg kunne aldri brukt noe s\u00e5nt. Jeg har sett altfor mange katastrofale ansikter, sier Collins.<\/p>\n<p class=\"_paragraph_145nj_4 _paragraph_6fko5_10 layout-component text-serif-m layout-normal text-serif-m layout-padded\">92-\u00e5ringen mener at dersom man vil g\u00e5 ned i vekt, m\u00e5 man kutte ned p\u00e5 matinntaket.<\/p>\n<p class=\"_paragraph_145nj_4 _paragraph_6fko5_10 layout-component text-serif-m layout-normal text-serif-m layout-padded\">\u2013 Du vil nyte livet ditt. Du vil ikke leve p\u00e5 en selleribit.<\/p>\n<p class=\"_paragraph_145nj_4 _paragraph_6fko5_10 layout-component text-serif-m layout-normal text-serif-m layout-padded\">Collins opplyser at hun trener opp mot fire ganger i uken.<\/p>\n<p class=\"_paragraph_145nj_4 _paragraph_6fko5_10 layout-component text-serif-m layout-normal text-serif-m layout-padded\">\u2013 Du f\u00e5r ikke disse beina ellers, sier hun.<\/p>\n<p class=\"_paragraph_145nj_4 _paragraph_6fko5_10 layout-component text-serif-m layout-normal text-serif-m layout-padded\">Ellers lever skuespillerdivaen etter mottoet \u00abhvis du f\u00f8ler deg bra, s\u00e5 ser du bra ut\u00bb. <\/p>\n<p class=\"_paragraph_145nj_4 _paragraph_6fko5_10 layout-component text-serif-m layout-normal text-serif-m layout-padded\">Hun spiser sjelden frokost og unng\u00e5r mat rett f\u00f8r leggetid.<\/p>\n<p class=\"_paragraph_145nj_4 _paragraph_6fko5_10 layout-component text-serif-m layout-normal text-serif-m layout-padded\">\u2013 Jeg tror kroppen v\u00e5r er en fabrikk som m\u00e5 f\u00e5 riktig n\u00e6ring. Hvis du har en flott bil, putter du ikke d\u00e5rlig drivstoff i den. Jeg er veldig kresen p\u00e5 hva jeg spiser.<\/p>\n<p class=\"_paragraph_145nj_4 _paragraph_6fko5_10 layout-component text-serif-m layout-normal text-serif-m layout-padded\">Men \u00e9n ting skeier hun ut med iblant \u2013 nemlig sjokolade.<\/p>\n<p class=\"_paragraph_145nj_4 _paragraph_6fko5_10 layout-component text-serif-m layout-normal text-serif-m layout-padded\">\u2013 Det unner jeg meg. Hvorfor ikke? Jo billigere dess bedre.<\/p>\n<p><img alt=\"Percy Gibson og Joan Collins i London i fjor.  Foto: CRISTINA MASSEI \/ ipa-agency.net \/ Pa Photos \/ NTB\" class=\"_image_1kupn_65 layout-component layout-normal\" data-fullscreen- data-track-element-type=\"Article image fullscreen\" data-track-name=\"ImageFullscreen\" decoding=\"async\" loading=\"lazy\" height=\"4024\" itemprop=\"image\"  src=\"https:\/\/www.europesays.com\/no\/wp-content\/uploads\/2026\/03\/03b779b7-d211-4309-b8df-b3ea1ce347ea.jpeg\"  style=\"object-position:0% 0%\" width=\"6048\"\/>Percy Gibson og Joan Collins i London i fjor.  Foto: CRISTINA MASSEI \/ ipa-agency.net \/ Pa Photos \/ NTB<\/p>\n<p class=\"_paragraph_145nj_4 _paragraph_6fko5_10 layout-component text-serif-m layout-normal text-serif-m layout-padded\">P\u00e5 privaten er Collins fortsatt gift med produsent Percy Gibson (61). De har n\u00e5 v\u00e6rt ektefeller i 24 \u00e5r.<\/p>\n<p class=\"_paragraph_145nj_4 _paragraph_6fko5_10 layout-component text-serif-m layout-normal text-serif-m layout-padded\">Akkurat det er ikke tema under praten med Hello!, men Collins utbroderte lykken i <a href=\"https:\/\/www.vg.no\/rampelys\/i\/RGMpq5\/joan-collins-90-skryter-av-ektemannen-percy-gibson-58\" data-track-element-type=\"Link\" data-track-id=\"link:RGMpq5\" class=\"_link_145nj_39\" rel=\"nofollow noopener\" target=\"_blank\">et annet intervju i 2023<\/a>:<\/p>\n<p class=\"_paragraph_145nj_4 _paragraph_6fko5_10 layout-component text-serif-m layout-normal text-serif-m layout-padded\">\u2013 Alder er bare et tall. Det er aldri for sent \u00e5 finne kj\u00e6rligheten i livet, uttalte hun da.<\/p>\n<p>Les ogs\u00e5<\/p>\n","protected":false},"excerpt":{"rendered":"Skuespilleren sier hun aldri har f\u00e5tt spr\u00f8ytet noe inn i ansiktet. Joan Collins p\u00e5 en boklansering i London&hellip;\n","protected":false},"author":2,"featured_media":180537,"comment_status":"","ping_status":"","sticky":false,"template":"","format":"standard","meta":{"footnotes":"","_share_on_mastodon":"0"},"categories":[58],"tags":[71,80,18436,30,28,29,9232,72,46],"class_list":["post-180536","post","type-post","status-publish","format-standard","has-post-thumbnail","category-underholdning","tag-entertainment","tag-hollywood","tag-joan-collins","tag-no","tag-norge","tag-norway","tag-ozempic","tag-underholdning","tag-vgai"],"share_on_mastodon":{"url":"https:\/\/pubeurope.com\/@no\/116184856873925996","error":""},"_links":{"self":[{"href":"https:\/\/www.europesays.com\/no\/wp-json\/wp\/v2\/posts\/180536","targetHints":{"allow":["GET"]}}],"collection":[{"href":"https:\/\/www.europesays.com\/no\/wp-json\/wp\/v2\/posts"}],"about":[{"href":"https:\/\/www.europesays.com\/no\/wp-json\/wp\/v2\/types\/post"}],"author":[{"embeddable":true,"href":"https:\/\/www.europesays.com\/no\/wp-json\/wp\/v2\/users\/2"}],"replies":[{"embeddable":true,"href":"https:\/\/www.europesays.com\/no\/wp-json\/wp\/v2\/comments?post=180536"}],"version-history":[{"count":0,"href":"https:\/\/www.europesays.com\/no\/wp-json\/wp\/v2\/posts\/180536\/revisions"}],"wp:featuredmedia":[{"embeddable":true,"href":"https:\/\/www.europesays.com\/no\/wp-json\/wp\/v2\/media\/180537"}],"wp:attachment":[{"href":"https:\/\/www.europesays.com\/no\/wp-json\/wp\/v2\/media?parent=180536"}],"wp:term":[{"taxonomy":"category","embeddable":true,"href":"https:\/\/www.europesays.com\/no\/wp-json\/wp\/v2\/categories?post=180536"},{"taxonomy":"post_tag","embeddable":true,"href":"https:\/\/www.europesays.com\/no\/wp-json\/wp\/v2\/tags?post=180536"}],"curies":[{"name":"wp","href":"https:\/\/api.w.org\/{rel}","templated":true}]}}