{"id":180625,"date":"2026-03-07T03:10:10","date_gmt":"2026-03-07T03:10:10","guid":{"rendered":"https:\/\/www.europesays.com\/no\/180625\/"},"modified":"2026-03-07T03:10:10","modified_gmt":"2026-03-07T03:10:10","slug":"dennis-hauger-langt-bak-i-indycar-kvalifisering","status":"publish","type":"post","link":"https:\/\/www.europesays.com\/no\/180625\/","title":{"rendered":"Dennis Hauger langt bak i Indycar-kvalifisering"},"content":{"rendered":"\n<p class=\"_lead_145nj_2 _lead_6fko5_53 layout-component text-serif-m layout-normal text-serif-l layout-component layout-wide layout-padded _wide_17hqh_1 layout-padded\">Dennis Hauger greide bare 22. beste tid i kvalifiseringen til l\u00f8rdagens Grand Prix-l\u00f8p i Indycar i Arizona. Det er hans f\u00f8rste l\u00f8p p\u00e5 ovalbane.<\/p>\n<p><img alt=\"Dennis Hauger ble nummer 22 i kvalifiseringen til l\u00f8rdagens indycarl\u00f8p i Arizona.  Foto: Javad Parsa \/ NTB\" class=\"_image_1kupn_65 layout-component layout-wide\" data-fullscreen- data-track-element-type=\"Article image fullscreen\" data-track-name=\"ImageFullscreen\" fetchpriority=\"high\" decoding=\"sync\" loading=\"eager\" height=\"5760\" itemprop=\"image\"  src=\"https:\/\/www.europesays.com\/no\/wp-content\/uploads\/2026\/03\/41c72ad7-6a2b-46c6-a9c2-af4d956bfd00.png\"  style=\"object-position:0% 0%\" width=\"8640\"\/>Dennis Hauger ble nummer 22 i kvalifiseringen til l\u00f8rdagens indycarl\u00f8p i Arizona.  Foto: Javad Parsa \/ NTB<\/p>\n<ul aria-hidden=\"true\" class=\"_images_ntbth_112\">\n<li><a class=\"_link_ntbth_117\" href=\"https:\/\/www.vg.no\/forfatter\/ntb\" style=\"z-index:1\" title=\"NTB\" rel=\"nofollow noopener\" target=\"_blank\"><img alt=\"Bilde av NTB\" class=\"_image_ntbth_93\" fetchpriority=\"low\" loading=\"lazy\" decoding=\"async\" itemprop=\"image\"  src=\"https:\/\/www.europesays.com\/no\/wp-content\/uploads\/2026\/03\/1772853010_82_c33980b0-5d07-4027-84a1-813f90a7c8d6.png\"  width=\"480\"\/><\/a><\/li>\n<\/ul>\n<p> Oppdatert fredag 6. mars kl. 23:24     <\/p>\n<p class=\"_paragraph_145nj_4 _paragraph_6fko5_10 layout-component text-serif-m layout-normal text-serif-m layout-padded\">David Malukas og Josef Newgarden fra Penske-laget hadde de to beste tidene. F\u00f8rstnevnte hadde en snittfart p\u00e5 282,2 km\/t p\u00e5 ovalbanen i Avondale utenfor Phoenix. Hauger hadde snittfart p\u00e5 273,2 km\/t.<\/p>\n<p class=\"_paragraph_145nj_4 _paragraph_6fko5_10 layout-component text-serif-m layout-normal text-serif-m layout-padded\">Malukas sikret seg pole position for f\u00f8rste gang i karrieren.<\/p>\n<p class=\"_paragraph_145nj_4 _paragraph_6fko5_10 layout-component text-serif-m layout-normal text-serif-m layout-padded\">For nordmannen handler helgen i Arizona mye om \u00e5 l\u00e6re hvordan man h\u00e5ndterer l\u00f8p p\u00e5 slike baner. Hver deltager kj\u00f8rte to runder, og sammenlagt tid ble gjeldende.<\/p>\n<p class=\"_paragraph_145nj_4 _paragraph_6fko5_10 layout-component text-serif-m layout-normal text-serif-m layout-padded\">Hauger fikk en lovende debut som indycarf\u00f8rer med 10.-plass i St. Petersburg i Florida sist helg. Det var p\u00e5 en gatebane.<\/p>\n<p class=\"_paragraph_145nj_4 _paragraph_6fko5_10 layout-component text-serif-m layout-normal text-serif-m layout-padded\">Will Power, som er indycarmester sammenlagt to ganger, krasjet under kvalifiseringen og m\u00e5 starte som nummer 25 i l\u00f8rdagens l\u00f8p. Han har byttet til Andretti-laget etter 17 sesonger som Penske-f\u00f8rer, men han ble bare nummer 22 i sesong\u00e5pningen.<\/p>\n<p class=\"_paragraph_145nj_4 _paragraph_6fko5_10 layout-component text-serif-m layout-normal text-serif-m layout-padded\">Felix Rosenqvist krasjet under trening og starter som nummer 24. Hverken han eller Power ble skadet i uhellene.<\/p>\n","protected":false},"excerpt":{"rendered":"Dennis Hauger greide bare 22. beste tid i kvalifiseringen til l\u00f8rdagens Grand Prix-l\u00f8p i Indycar i Arizona. Det&hellip;\n","protected":false},"author":2,"featured_media":180626,"comment_status":"","ping_status":"","sticky":false,"template":"","format":"standard","meta":{"footnotes":"","_share_on_mastodon":"0"},"categories":[59],"tags":[1119,1120,30,28,29,83,82],"class_list":["post-180625","post","type-post","status-publish","format-standard","has-post-thumbnail","category-sport","tag-dennis-hauger","tag-motorsport","tag-no","tag-norge","tag-norway","tag-sport","tag-sports"],"share_on_mastodon":{"url":"https:\/\/pubeurope.com\/@no\/116185702392220374","error":""},"_links":{"self":[{"href":"https:\/\/www.europesays.com\/no\/wp-json\/wp\/v2\/posts\/180625","targetHints":{"allow":["GET"]}}],"collection":[{"href":"https:\/\/www.europesays.com\/no\/wp-json\/wp\/v2\/posts"}],"about":[{"href":"https:\/\/www.europesays.com\/no\/wp-json\/wp\/v2\/types\/post"}],"author":[{"embeddable":true,"href":"https:\/\/www.europesays.com\/no\/wp-json\/wp\/v2\/users\/2"}],"replies":[{"embeddable":true,"href":"https:\/\/www.europesays.com\/no\/wp-json\/wp\/v2\/comments?post=180625"}],"version-history":[{"count":0,"href":"https:\/\/www.europesays.com\/no\/wp-json\/wp\/v2\/posts\/180625\/revisions"}],"wp:featuredmedia":[{"embeddable":true,"href":"https:\/\/www.europesays.com\/no\/wp-json\/wp\/v2\/media\/180626"}],"wp:attachment":[{"href":"https:\/\/www.europesays.com\/no\/wp-json\/wp\/v2\/media?parent=180625"}],"wp:term":[{"taxonomy":"category","embeddable":true,"href":"https:\/\/www.europesays.com\/no\/wp-json\/wp\/v2\/categories?post=180625"},{"taxonomy":"post_tag","embeddable":true,"href":"https:\/\/www.europesays.com\/no\/wp-json\/wp\/v2\/tags?post=180625"}],"curies":[{"name":"wp","href":"https:\/\/api.w.org\/{rel}","templated":true}]}}