{"id":18067,"date":"2025-08-26T02:19:08","date_gmt":"2025-08-26T02:19:08","guid":{"rendered":"https:\/\/www.europesays.com\/no\/18067\/"},"modified":"2025-08-26T02:19:08","modified_gmt":"2025-08-26T02:19:08","slug":"casper-ruud-videre-til-2-runde-etter-seier-mot-sebastian-ofner","status":"publish","type":"post","link":"https:\/\/www.europesays.com\/no\/18067\/","title":{"rendered":"Casper Ruud videre til 2. runde etter seier mot Sebastian Ofner"},"content":{"rendered":"\n<p class=\"_lead_1bvmi_2 _lead_xtcu6_50 layout-component text-serif-m layout-normal text-serif-l layout-component layout-wide layout-padded _wide_17hqh_1 layout-padded\">Norges tennisstjerne Casper Ruud har tatt seg forbi f\u00f8rste hinder i \u00e5rets siste Grand Slam-turnering. Sebastian Ofner ble sl\u00e5tt i US Open natt til tirsdag.<\/p>\n<p><img alt=\"Casper Ruud tok seg videre fra f\u00f8rste runde i US Open.  Foto: Yuki Iwamura \/ AP \/ NTB\" class=\"_image_qp4xg_65 layout-component layout-wide\" data-fullscreen- data-track-element-type=\"Article image fullscreen\" data-track-name=\"ImageFullscreen\" fetchpriority=\"high\" decoding=\"sync\" loading=\"eager\" height=\"4000\" itemprop=\"image\"  src=\"https:\/\/www.europesays.com\/no\/wp-content\/uploads\/2025\/08\/4ab7c995-12ab-448f-8d30-d6c15d42a15b\"  style=\"object-position:0% 0%\" width=\"6000\"\/>Casper Ruud tok seg videre fra f\u00f8rste runde i US Open.  Foto: Yuki Iwamura \/ AP \/ NTB<\/p>\n<ul aria-hidden=\"true\" class=\"_images_1y6fe_106\">\n<li><a class=\"_link_1y6fe_111\" href=\"https:\/\/www.vg.no\/forfatter\/ntb\" style=\"z-index:1\" title=\"NTB\" rel=\"nofollow noopener\" target=\"_blank\"><img alt=\"Bilde av NTB\" class=\"_image_1y6fe_88\" fetchpriority=\"low\" loading=\"lazy\" decoding=\"async\" itemprop=\"image\"  src=\"https:\/\/www.europesays.com\/no\/wp-content\/uploads\/2025\/08\/1756174748_949_c33980b0-5d07-4027-84a1-813f90a7c8d6\"  width=\"480\"\/><\/a><\/li>\n<\/ul>\n<p> Oppdatert tirsdag 26. august kl. 03:48     <\/p>\n<p class=\"_paragraph_1bvmi_4 _paragraph_xtcu6_10 layout-component text-serif-m layout-normal text-serif-m layout-padded\">Ruud tok seg greit forbi f\u00f8rste hinder i \u00e5rets siste Grand Slam-turnering. Nordmannen vant mot \u00f8sterrikeren Sebastian Ofner (140 p\u00e5 verdensrankingen) med sifrene 1-6, 2-6, 6-7 (5-7).<\/p>\n<p class=\"_paragraph_1bvmi_4 _paragraph_xtcu6_10 layout-component text-serif-m layout-normal text-serif-m layout-padded\">Ofner kom til turneringen med fem strake tap p\u00e5 ATP-touren og klarte ikke \u00e5 snu trenden mot nordmannen som er p\u00e5 12.-plass p\u00e5 verdensrankingen.<\/p>\n<p class=\"_paragraph_1bvmi_4 _paragraph_xtcu6_10 layout-component text-serif-m layout-normal text-serif-m layout-padded\">I neste runde m\u00f8ter Ruud nok en spiller utenfor topp 100 p\u00e5 ATP-rankingen. Da m\u00f8ter han belgieren Raphael Collignon, nummer 107 p\u00e5 verdensrankingen.<\/p>\n<p class=\"_paragraph_1bvmi_4 _paragraph_xtcu6_10 layout-component text-serif-m layout-normal text-serif-m layout-padded\">Ruud har v\u00e6rt h\u00f8yt og lavt denne sesongen. H\u00f8ydepunktet kom da han vant Masters1000-turneringen i Madrid \u2013 den st\u00f8rste triumfen i hans karriere s\u00e5 langt. I Roland-Garros en snau m\u00e5ned senere ble det exit i 2. runde etter \u00e5 ha tr\u00f8blet med en skade.<\/p>\n<p class=\"_paragraph_1bvmi_4 _paragraph_xtcu6_10 layout-component text-serif-m layout-normal text-serif-m layout-padded\">Deretter fulgte en lengre periode p\u00e5 sidelinjen. Han har slitt med \u00e5 finne formen den siste tiden etter comebacket og r\u00f8k i 1. runde i Cincinnati for et par uker siden. Likevel har han blitt godt kjent med hardcourten i New York.<\/p>\n<p class=\"_paragraph_1bvmi_4 _paragraph_xtcu6_10 layout-component text-serif-m layout-normal text-serif-m layout-padded\">Sist uke gikk han til finalen i mixed double med Iga Swiatek. Og de gode minnene fra US Open er flere for Ruud, som gikk til finalen i hovedturneringen i 2022. Da ble det tap i fire sett mot Carlos Alcaraz.<\/p>\n","protected":false},"excerpt":{"rendered":"Norges tennisstjerne Casper Ruud har tatt seg forbi f\u00f8rste hinder i \u00e5rets siste Grand Slam-turnering. Sebastian Ofner ble&hellip;\n","protected":false},"author":2,"featured_media":18068,"comment_status":"","ping_status":"","sticky":false,"template":"","format":"standard","meta":{"footnotes":""},"categories":[59],"tags":[908,30,28,29,83,82,2473],"class_list":{"0":"post-18067","1":"post","2":"type-post","3":"status-publish","4":"format-standard","5":"has-post-thumbnail","7":"category-sport","8":"tag-casper-ruud","9":"tag-no","10":"tag-norge","11":"tag-norway","12":"tag-sport","13":"tag-sports","14":"tag-us-open"},"share_on_mastodon":{"url":"","error":""},"_links":{"self":[{"href":"https:\/\/www.europesays.com\/no\/wp-json\/wp\/v2\/posts\/18067","targetHints":{"allow":["GET"]}}],"collection":[{"href":"https:\/\/www.europesays.com\/no\/wp-json\/wp\/v2\/posts"}],"about":[{"href":"https:\/\/www.europesays.com\/no\/wp-json\/wp\/v2\/types\/post"}],"author":[{"embeddable":true,"href":"https:\/\/www.europesays.com\/no\/wp-json\/wp\/v2\/users\/2"}],"replies":[{"embeddable":true,"href":"https:\/\/www.europesays.com\/no\/wp-json\/wp\/v2\/comments?post=18067"}],"version-history":[{"count":0,"href":"https:\/\/www.europesays.com\/no\/wp-json\/wp\/v2\/posts\/18067\/revisions"}],"wp:featuredmedia":[{"embeddable":true,"href":"https:\/\/www.europesays.com\/no\/wp-json\/wp\/v2\/media\/18068"}],"wp:attachment":[{"href":"https:\/\/www.europesays.com\/no\/wp-json\/wp\/v2\/media?parent=18067"}],"wp:term":[{"taxonomy":"category","embeddable":true,"href":"https:\/\/www.europesays.com\/no\/wp-json\/wp\/v2\/categories?post=18067"},{"taxonomy":"post_tag","embeddable":true,"href":"https:\/\/www.europesays.com\/no\/wp-json\/wp\/v2\/tags?post=18067"}],"curies":[{"name":"wp","href":"https:\/\/api.w.org\/{rel}","templated":true}]}}