{"id":18069,"date":"2025-08-26T02:21:08","date_gmt":"2025-08-26T02:21:08","guid":{"rendered":"https:\/\/www.europesays.com\/no\/18069\/"},"modified":"2025-08-26T02:21:08","modified_gmt":"2025-08-26T02:21:08","slug":"analytiker-forventer-at-sony-vil-oke-playstation-5-prisene-ytterligere","status":"publish","type":"post","link":"https:\/\/www.europesays.com\/no\/18069\/","title":{"rendered":"Analytiker forventer at Sony vil \u00f8ke PlayStation 5-prisene ytterligere &#8211;"},"content":{"rendered":"<p>I forrige uke bekreftet Sony at prisen p\u00e5 PlayStation 5 vil \u00f8ke i USA, noe mange mener er knyttet til tollsatsene som nylig ble innf\u00f8rt i landet. Hvorvidt dette ogs\u00e5 vil p\u00e5virke resten av verden er fortsatt ukjent, men Sony har tidligere hevet prisene i flere markeder mer enn \u00e9n gang.<\/p>\n<p>En som ikke er optimistisk med tanke p\u00e5 pris\u00f8kninger, er Mat Piscatella. Han er analytiker og leder i Circana, og har bedre innsikt i salget enn noen andre. Gjennom Bluesky skriver han om Sonys pris\u00f8kning at det &laquo;sannsynligvis ikke er siste gang vi vil se pris\u00f8kninger&raquo;.<\/p>\n<p>I tidligere generasjoner har det v\u00e6rt vanlig at prisene har falt over tid, men denne gangen har det v\u00e6rt stikk motsatt (dette gjelder ogs\u00e5 Sonys konkurrenter). De som kj\u00f8pte konsollen sin f\u00f8rst, fikk den laveste prisen og mest tid med den, mens de som kj\u00f8per senere, m\u00e5 betale mer og har mindre tid igjen.<\/p>\n<p>Hva synes du om denne utviklingen?<\/p>\n<blockquote class=\"bluesky-embed\" data-bluesky-uri=\"at:\/\/did:plc:bhqrrxt7yyfpwguioa7rwa7x\/app.bsky.feed.post\/3lwusuo4hlk2f\" data-bluesky-cid=\"bafyreiakbbcq4vfhnz2ugeghdbvnoifyn5nmtlttkfzptkeboq2awlc3hm\"\/><p><img loading=\"lazy\" decoding=\"async\" id=\"img-1846303-4338993\" data-fullsize=\"\/media\/89\/playstation5pro_4338993b.jpg\" data-lazy=\"\" src=\"https:\/\/www.europesays.com\/no\/wp-content\/uploads\/2025\/08\/playstation5pro_4338993_650x.jpg\" width=\"650\" onclick=\"if (!window.__cfRLUnblockHandlers) return false; gallery_openmodal('1846303','4338993',false,'0b7668aeb69cb9ba57292dec0f034d9f');\" height=\"363\" alt=\"Analytiker forventer at Sony vil \u00f8ke PlayStation 5-prisene ytterligere\" class=\"rwd_col_content lazy\" data-cf-modified-040c8d79fce2cca9a6683424-=\"\"\/><\/p>\n","protected":false},"excerpt":{"rendered":"I forrige uke bekreftet Sony at prisen p\u00e5 PlayStation 5 vil \u00f8ke i USA, noe mange mener er&hellip;\n","protected":false},"author":2,"featured_media":1382,"comment_status":"","ping_status":"","sticky":false,"template":"","format":"standard","meta":{"footnotes":""},"categories":[57],"tags":[30,28,29,65,63,64,66,70,69,67,68],"class_list":{"0":"post-18069","1":"post","2":"type-post","3":"status-publish","4":"format-standard","5":"has-post-thumbnail","7":"category-vitenskap-og-teknologi","8":"tag-no","9":"tag-norge","10":"tag-norway","11":"tag-science","12":"tag-science-and-technology","13":"tag-scienceandtechnology","14":"tag-technology","15":"tag-teknologi","16":"tag-vitenskap","17":"tag-vitenskap-og-teknologi","18":"tag-vitenskapteknologi"},"share_on_mastodon":{"url":"","error":""},"_links":{"self":[{"href":"https:\/\/www.europesays.com\/no\/wp-json\/wp\/v2\/posts\/18069","targetHints":{"allow":["GET"]}}],"collection":[{"href":"https:\/\/www.europesays.com\/no\/wp-json\/wp\/v2\/posts"}],"about":[{"href":"https:\/\/www.europesays.com\/no\/wp-json\/wp\/v2\/types\/post"}],"author":[{"embeddable":true,"href":"https:\/\/www.europesays.com\/no\/wp-json\/wp\/v2\/users\/2"}],"replies":[{"embeddable":true,"href":"https:\/\/www.europesays.com\/no\/wp-json\/wp\/v2\/comments?post=18069"}],"version-history":[{"count":0,"href":"https:\/\/www.europesays.com\/no\/wp-json\/wp\/v2\/posts\/18069\/revisions"}],"wp:featuredmedia":[{"embeddable":true,"href":"https:\/\/www.europesays.com\/no\/wp-json\/wp\/v2\/media\/1382"}],"wp:attachment":[{"href":"https:\/\/www.europesays.com\/no\/wp-json\/wp\/v2\/media?parent=18069"}],"wp:term":[{"taxonomy":"category","embeddable":true,"href":"https:\/\/www.europesays.com\/no\/wp-json\/wp\/v2\/categories?post=18069"},{"taxonomy":"post_tag","embeddable":true,"href":"https:\/\/www.europesays.com\/no\/wp-json\/wp\/v2\/tags?post=18069"}],"curies":[{"name":"wp","href":"https:\/\/api.w.org\/{rel}","templated":true}]}}