{"id":18088,"date":"2025-08-26T04:09:09","date_gmt":"2025-08-26T04:09:09","guid":{"rendered":"https:\/\/www.europesays.com\/no\/18088\/"},"modified":"2025-08-26T04:09:09","modified_gmt":"2025-08-26T04:09:09","slug":"iran-star-bak-antisemittiske-angrep","status":"publish","type":"post","link":"https:\/\/www.europesays.com\/no\/18088\/","title":{"rendered":"Iran st\u00e5r bak antisemittiske angrep"},"content":{"rendered":"\n<p class=\"_lead_1bvmi_2 _lead_xtcu6_50 layout-component text-serif-m layout-normal text-serif-l layout-component layout-wide layout-padded _wide_17hqh_1 layout-padded\">Australias statsminister sier Iran har v\u00e6rt innblandet i to antisemittiske angrep i landet. Irans ambassad\u00f8r blir utvist.<\/p>\n<p><img alt=\"Australias statsminister Anthony Albanese utviser Irans ambassad\u00f8r. Foto: HILARY WARDHAUGH \/ AFP \/ NTB\" class=\"_image_qp4xg_65 layout-component layout-wide\" data-fullscreen- data-track-element-type=\"Article image fullscreen\" data-track-name=\"ImageFullscreen\" fetchpriority=\"high\" decoding=\"sync\" loading=\"eager\" height=\"2893\" itemprop=\"image\"  src=\"https:\/\/www.europesays.com\/no\/wp-content\/uploads\/2025\/08\/c7df0ca2-e97b-41a2-8570-53b2c033077b\"  style=\"object-position:0% 0%\" width=\"4340\"\/>Australias statsminister Anthony Albanese utviser Irans ambassad\u00f8r. Foto: HILARY WARDHAUGH \/ AFP \/ NTB<\/p>\n<ul aria-hidden=\"true\" class=\"_images_1y6fe_106\">\n<li><a class=\"_link_1y6fe_111\" href=\"https:\/\/www.vg.no\/forfatter\/ntb\" style=\"z-index:2\" title=\"NTB\" rel=\"nofollow noopener\" target=\"_blank\"><img alt=\"Bilde av NTB\" class=\"_image_1y6fe_88\" fetchpriority=\"low\" loading=\"lazy\" decoding=\"async\" itemprop=\"image\"  src=\"https:\/\/www.europesays.com\/no\/wp-content\/uploads\/2025\/08\/1756181349_450_c33980b0-5d07-4027-84a1-813f90a7c8d6\"  width=\"480\"\/><\/a><\/li>\n<li><a class=\"_link_1y6fe_111\" href=\"https:\/\/www.vg.no\/forfatter\/hege-varsi\" style=\"z-index:1\" title=\"Hege Varsi\" rel=\"nofollow noopener\" target=\"_blank\"><img alt=\"Bilde av Hege Varsi\" class=\"_image_1y6fe_88\" fetchpriority=\"low\" loading=\"lazy\" decoding=\"async\" itemprop=\"image\"  src=\"https:\/\/www.europesays.com\/no\/wp-content\/uploads\/2025\/08\/1756181349_218_d48c09ee-ae08-4a71-8e5b-8db7c6b4f37d\"  width=\"480\"\/><\/a><\/li>\n<\/ul>\n<p> Oppdatert tirsdag 26. august kl. 05:34     <\/p>\n<p class=\"_paragraph_1bvmi_4 _paragraph_xtcu6_10 layout-component text-serif-m layout-normal text-serif-m layout-padded\">Anthony Albanese sier Irans regjering har styrt minst to antisemittiske angrep i storbyene Melbourne og Sydney.<\/p>\n<p class=\"_paragraph_1bvmi_4 _paragraph_xtcu6_10 layout-component text-serif-m layout-normal text-serif-m layout-padded\">Angrepene var rettet mot Adass Israel-synagogen i Melbourne og Lewis&#8217; Continental Kitchen i Sydney. Lewis&#8217; Continental Kitchen og Adass Israel-synagogen ble utsatt for mistenkte antisemittiske brannangrep i fjor, i henholdsvis oktober og desember.<\/p>\n<p class=\"_paragraph_1bvmi_4 _paragraph_xtcu6_10 layout-component text-serif-m layout-normal text-serif-m layout-padded\">Irans ambassad\u00f8r til <a href=\"https:\/\/www.vg.no\/tag\/australia?utm_source=vg-article&amp;utm_medium=auto-tagger&amp;utm_campaign=B0OykE\" class=\"_link_1bvmi_39\" rel=\"nofollow noopener\" target=\"_blank\">Australia<\/a> og tre andre tjenestemenn har f\u00e5tt en uke p\u00e5 seg til \u00e5 forlate landet. Det er f\u00f8rste gang siden andre verdenskrig at Australia utviser en ambassad\u00f8r, sa utenriksminister Penny Wong p\u00e5 en pressekonferanse i morgentimene tirsdag norsk tid.<\/p>\n<p class=\"_paragraph_1bvmi_4 _paragraph_xtcu6_10 layout-component text-serif-m layout-normal text-serif-m layout-padded\">\u2013 Australias sikkerhetstjeneste vurderer det som sannsynlig at Iran ogs\u00e5 sto bak ytterligere angrep. Dette var ekstraordin\u00e6re og farlige angrepshandlinger, orkestrert av en fremmed stat p\u00e5 australsk jord. Det var fors\u00f8k p\u00e5 \u00e5 undergrave sosial samh\u00f8righet, sa Albanese if\u00f8lge <a href=\"https:\/\/www.smh.com.au\/politics\/federal\/iran-suspected-of-involvement-in-synagogue-arson-attack-20250826-p5mpx8.html\" class=\"_link_1bvmi_39\" rel=\"nofollow noopener\" target=\"_blank\">The Sydney Morning Herald<\/a>. <\/p>\n<p class=\"_paragraph_1bvmi_4 _paragraph_xtcu6_10 layout-component text-serif-m layout-normal text-serif-m layout-padded\">Albanese sier driften av Australias ambassade i Teheran er midlertidig stanset og at alle deres ambassad\u00f8rer er i sikkerhet i et annet land.<\/p>\n<p class=\"_paragraph_1bvmi_4 _paragraph_xtcu6_10 layout-component text-serif-m layout-normal text-serif-m layout-padded\">Statsministeren sier ogs\u00e5 at den australske regjeringen vil legge fram et lovforslag som klassifiserer Irans revolusjonsgarde som en terrororganisasjon.<\/p>\n","protected":false},"excerpt":{"rendered":"Australias statsminister sier Iran har v\u00e6rt innblandet i to antisemittiske angrep i landet. Irans ambassad\u00f8r blir utvist. Australias&hellip;\n","protected":false},"author":2,"featured_media":18089,"comment_status":"","ping_status":"","sticky":false,"template":"","format":"standard","meta":{"footnotes":""},"categories":[12],"tags":[47,20,21,24,25,15,3228,22,23,13,30,28,29,14,16,26,27,42,43,44,45],"class_list":{"0":"post-18088","1":"post","2":"type-post","3":"status-publish","4":"format-standard","5":"has-post-thumbnail","7":"category-verden","8":"tag-australia","9":"tag-breaking-news","10":"tag-breakingnews","11":"tag-featured-news","12":"tag-featurednews","13":"tag-headlines","14":"tag-iran","15":"tag-latest-news","16":"tag-latestnews","17":"tag-news","18":"tag-no","19":"tag-norge","20":"tag-norway","21":"tag-nyheter","22":"tag-overskrifter","23":"tag-top-stories","24":"tag-topstories","25":"tag-verden","26":"tag-world","27":"tag-world-news","28":"tag-worldnews"},"share_on_mastodon":{"url":"","error":""},"_links":{"self":[{"href":"https:\/\/www.europesays.com\/no\/wp-json\/wp\/v2\/posts\/18088","targetHints":{"allow":["GET"]}}],"collection":[{"href":"https:\/\/www.europesays.com\/no\/wp-json\/wp\/v2\/posts"}],"about":[{"href":"https:\/\/www.europesays.com\/no\/wp-json\/wp\/v2\/types\/post"}],"author":[{"embeddable":true,"href":"https:\/\/www.europesays.com\/no\/wp-json\/wp\/v2\/users\/2"}],"replies":[{"embeddable":true,"href":"https:\/\/www.europesays.com\/no\/wp-json\/wp\/v2\/comments?post=18088"}],"version-history":[{"count":0,"href":"https:\/\/www.europesays.com\/no\/wp-json\/wp\/v2\/posts\/18088\/revisions"}],"wp:featuredmedia":[{"embeddable":true,"href":"https:\/\/www.europesays.com\/no\/wp-json\/wp\/v2\/media\/18089"}],"wp:attachment":[{"href":"https:\/\/www.europesays.com\/no\/wp-json\/wp\/v2\/media?parent=18088"}],"wp:term":[{"taxonomy":"category","embeddable":true,"href":"https:\/\/www.europesays.com\/no\/wp-json\/wp\/v2\/categories?post=18088"},{"taxonomy":"post_tag","embeddable":true,"href":"https:\/\/www.europesays.com\/no\/wp-json\/wp\/v2\/tags?post=18088"}],"curies":[{"name":"wp","href":"https:\/\/api.w.org\/{rel}","templated":true}]}}