{"id":18126,"date":"2025-08-26T05:15:14","date_gmt":"2025-08-26T05:15:14","guid":{"rendered":"https:\/\/www.europesays.com\/no\/18126\/"},"modified":"2025-08-26T05:15:14","modified_gmt":"2025-08-26T05:15:14","slug":"israel-palestina-israel-palestina-og-historien-vi-ikke-ma-glemme","status":"publish","type":"post","link":"https:\/\/www.europesays.com\/no\/18126\/","title":{"rendered":"Israel, Palestina | Israel, Palestina og historien vi ikke m\u00e5 glemme"},"content":{"rendered":"\n<p>N\u00e5r man f\u00f8lger debatten om Israel og Palestina f\u00e5r man ofte inntrykk av at historien begynner 7. oktober 2023. Det stemmer ikke. For \u00e5 forst\u00e5 dagens situasjon m\u00e5 vi se p\u00e5 de lange linjene.<\/p>\n<p>I 1947 vedtok FN en delingsplan som skulle gi b\u00e5de j\u00f8der og palestinere sin egen stat. J\u00f8dene aksepterte planen, men den ble avvist av arabiske ledere som mente den var urettferdig. Resultatet ble krig, og i 1948 ble staten Israel opprettet. For palestinerne ble dette starten p\u00e5 Nakba, katastrofen, da mer enn 700.000 mennesker ble drevet fra hjemmene sine. De fleste fikk aldri vende tilbake.<\/p>\n<p>Siden da har Israel ikke bare holdt seg innenfor grensene FN trakk opp, men stadig utvidet sitt territorium gjennom kriger, okkupasjon og ulovlige bosetninger. Vestbredden er i dag delt opp i sm\u00e5 omr\u00e5der, omringet av israelske bosettinger, milit\u00e6re kontrollposter og en mur som gj\u00f8r hverdagen nesten umulig. Gaza har siden 2007 v\u00e6rt under en blokade som FN og menneskerettighetsorganisasjoner kaller kollektiv avstraffelse av en hel befolkning.<\/p>\n<p>Israel liker \u00e5 fremstille seg selv som et lite land i konstant selvforsvar. Men sannheten er at Israel er den sterke parten, med en av verdens mest moderne h\u00e6rer, atomv\u00e5pen og st\u00f8tte fra stormakter. Palestinerne har ingen stat, ingen h\u00e6r, ingen kontroll over grenser eller luftrom. Det de har, er et liv under okkupasjon, med diskriminering, fattigdom og stadig mindre land \u00e5 leve p\u00e5.<\/p>\n<p>FN har vedtatt mange resolusjoner som p\u00e5legger Israel \u00e5 trekke seg tilbake fra okkuperte omr\u00e5der og respektere palestinernes rettigheter. Likevel fortsetter Israel \u00e5 ignorere dem, uten at verdenssamfunnet setter makt bak kravene. Det er dette hykleriet som har f\u00e5tt mange til \u00e5 miste troen p\u00e5 at Vesten egentlig \u00f8nsker en rettferdig fred.<\/p>\n<p>Hamas sine angrep p\u00e5 sivile 7. oktober var brutale og uakseptable. Men \u00e5 bruke den dagen som p\u00e5skudd for \u00e5 utslette Gaza, bombe sykehus, sulte barn og fordrive et helt folk er ikke forsvar, det er krigsforbrytelser.<\/p>\n<p>Israel kunne valgt en annen vei. De kunne anerkjent palestinernes rett til selvbestemmelse. De kunne stoppet bosettingene og avsluttet blokaden. Men gang p\u00e5 gang har de vist at de ikke \u00f8nsker en tostatsl\u00f8sning. De \u00f8nsker kontroll, og de \u00f8nsker land.<\/p>\n<p>Og her hjemme har vi Israels-vennene som forsvarer alt med bibelvers. For dem er alt greit s\u00e5 lenge det er Israel som gj\u00f8r det. Hadde et annet land bombet sykehus, sultet barn og jaget folk fra hjemmene sine, ville de v\u00e6rt de f\u00f8rste til \u00e5 ford\u00f8mme. N\u00e5r det er Israel, er det plutselig Guds vilje. \u00c5 bruke religion for \u00e5 unnskylde folkerettsbrudd og lidelse er ikke tro, det er \u00e5 gj\u00f8re seg blind med vilje.<\/p>\n<p>Hvis det noen gang skal bli fred, m\u00e5 vi v\u00e5ge \u00e5 se hele historien, ikke bare den delen som passer Israel.<\/p>\n","protected":false},"excerpt":{"rendered":"N\u00e5r man f\u00f8lger debatten om Israel og Palestina f\u00e5r man ofte inntrykk av at historien begynner 7. oktober&hellip;\n","protected":false},"author":2,"featured_media":7879,"comment_status":"","ping_status":"","sticky":false,"template":"","format":"standard","meta":{"footnotes":""},"categories":[12],"tags":[36,20,21,2987,24,25,15,52,22,23,38,13,30,28,29,14,1533,16,261,26,27,42,43,44,45],"class_list":{"0":"post-18126","1":"post","2":"type-post","3":"status-publish","4":"format-standard","5":"has-post-thumbnail","7":"category-verden","8":"tag-art","9":"tag-breaking-news","10":"tag-breakingnews","11":"tag-fb","12":"tag-featured-news","13":"tag-featurednews","14":"tag-headlines","15":"tag-israel","16":"tag-latest-news","17":"tag-latestnews","18":"tag-leserbrev","19":"tag-news","20":"tag-no","21":"tag-norge","22":"tag-norway","23":"tag-nyheter","24":"tag-opinion","25":"tag-overskrifter","26":"tag-palestina","27":"tag-top-stories","28":"tag-topstories","29":"tag-verden","30":"tag-world","31":"tag-world-news","32":"tag-worldnews"},"share_on_mastodon":{"url":"","error":""},"_links":{"self":[{"href":"https:\/\/www.europesays.com\/no\/wp-json\/wp\/v2\/posts\/18126","targetHints":{"allow":["GET"]}}],"collection":[{"href":"https:\/\/www.europesays.com\/no\/wp-json\/wp\/v2\/posts"}],"about":[{"href":"https:\/\/www.europesays.com\/no\/wp-json\/wp\/v2\/types\/post"}],"author":[{"embeddable":true,"href":"https:\/\/www.europesays.com\/no\/wp-json\/wp\/v2\/users\/2"}],"replies":[{"embeddable":true,"href":"https:\/\/www.europesays.com\/no\/wp-json\/wp\/v2\/comments?post=18126"}],"version-history":[{"count":0,"href":"https:\/\/www.europesays.com\/no\/wp-json\/wp\/v2\/posts\/18126\/revisions"}],"wp:featuredmedia":[{"embeddable":true,"href":"https:\/\/www.europesays.com\/no\/wp-json\/wp\/v2\/media\/7879"}],"wp:attachment":[{"href":"https:\/\/www.europesays.com\/no\/wp-json\/wp\/v2\/media?parent=18126"}],"wp:term":[{"taxonomy":"category","embeddable":true,"href":"https:\/\/www.europesays.com\/no\/wp-json\/wp\/v2\/categories?post=18126"},{"taxonomy":"post_tag","embeddable":true,"href":"https:\/\/www.europesays.com\/no\/wp-json\/wp\/v2\/tags?post=18126"}],"curies":[{"name":"wp","href":"https:\/\/api.w.org\/{rel}","templated":true}]}}