{"id":181287,"date":"2026-03-07T19:35:03","date_gmt":"2026-03-07T19:35:03","guid":{"rendered":"https:\/\/www.europesays.com\/no\/181287\/"},"modified":"2026-03-07T19:35:03","modified_gmt":"2026-03-07T19:35:03","slug":"blatt-er-fargen-som-dominerer-i-moteverdenen-i-2026","status":"publish","type":"post","link":"https:\/\/www.europesays.com\/no\/181287\/","title":{"rendered":"Bl\u00e5tt er fargen som dominerer i moteverdenen i 2026"},"content":{"rendered":"<p class=\"kicker \" style=\"\">Mote:<\/p>\n<p>    En av \u00e5rets mest toneangivende farger.\u00a0<\/p>\n<p>\n    SE MIN KJOLE: Mote er mer enn bare kl\u00e6r, og farger trender gjerne av en grunn. Foto: Noor-u-nisa Khan.\n  <\/p>\n<p>Da v\u00e5r- og sommerkolleksjonene fra de store motehusene var klare for h\u00f8st, var det \u00e9n farge som gikk igjen.\u00a0<\/p>\n<p class=\"font-weight-bold m-font-weight-bold\" data-lab-font_weight=\"font-weight-bold\">Du forbinder den kanskje med ro og ettertanke. Fargen er ogs\u00e5 gjerne forbundet med himmel, hav og evighet.<\/p>\n<p class=\"font-weight-bold m-font-weight-bold\" data-lab-font_weight=\"font-weight-bold\">Hva er det egentlig med fargen bl\u00e5?<\/p>\n<p>    <a itemprop=\"url\" href=\"https:\/\/www.kk.no\/mote\/na-denne-er-80-tallsdillen-tilbake\/84071762\" rel=\"nofollow noopener\" target=\"_blank\"><\/p>\n<p>        <img loading=\"lazy\" decoding=\"async\" src=\"https:\/\/www.europesays.com\/no\/wp-content\/uploads\/2026\/03\/1772912081_213_84127387.webp.webp\" width=\"980\" height=\"441\" title=\"N\u00e5 denne er 80-tallsdillen tilbake\" alt=\"\" class=\"lazyload\" style=\"--aspect-ratio-image: 2.22; \"\/><\/p>\n<p>        N\u00e5 denne er 80-tallsdillen tilbake<\/p>\n<p>    <\/a><\/p>\n<p>Det er for s\u00e5 vidt ikke bare \u00e9n nyanse, men alle nyanser av bl\u00e5tt som gj\u00f8r seg gjeldende n\u00e5.\u00a0Courr\u00e8ges, for eksempel, \u00e5pnet sin visning med fire ulike bl\u00e5toner.\u00a0<\/p>\n<p>\u2013 Det vi trenger n\u00e5\t<\/p>\n<p>\u2013 I fargesymbolikk representerer bl\u00e5tt\u00a0ro, tillit og stabilitet. Er det ikke akkurat det vi trenger n\u00e5? I en urolig verden ser vi gjerne nettopp til dette, sier KKs moteansvarlig Ida Elise Eide Einarsd\u00f3ttir.\u00a0<\/p>\n<p>        <img loading=\"lazy\" decoding=\"async\" src=\"https:\/\/www.europesays.com\/no\/wp-content\/uploads\/2026\/03\/84307144.webp.webp\" width=\"980\" height=\"1470\" title=\"BL\u00c5TT TIL LYST: Fra catwalken hos Lanvin. Foto: NTB.\" alt=\"\" class=\"\" style=\"--aspect-ratio-image: 0.67; \"\/><\/p>\n<p>\n        BL\u00c5TT TIL LYST: Fra catwalken hos Lanvin. Foto: NTB.\n    <\/p>\n<p>Men bl\u00e5tt har ogs\u00e5 en annen betydning.\u00a0<\/p>\n<p class=\"font-weight-bold m-font-weight-bold\" data-lab-font_weight=\"font-weight-bold\">\u2013 Ja, for bl\u00e5tt er gjerne knyttet til h\u00f8yresiden politisk sett, og ikke minst det konservative som jo trender n\u00e5.\u00a0<\/p>\n<p>    <a itemprop=\"url\" href=\"https:\/\/www.kk.no\/mote\/slik-vet-du-om-du-kler-gull-eller-solvsmykker-best\/83783175\" rel=\"nofollow noopener\" target=\"_blank\"><\/p>\n<p>        <img loading=\"lazy\" decoding=\"async\" src=\"https:\/\/www.europesays.com\/no\/wp-content\/uploads\/2026\/03\/83783259.webp.webp\" width=\"980\" height=\"441\" title=\"Slik vet du om du kler gull- eller s\u00f8lvsmykker best\" alt=\"\" class=\"lazyload\" style=\"--aspect-ratio-image: 2.22; \"\/><\/p>\n<p>        Slik vet du om du kler gull- eller s\u00f8lvsmykker best<\/p>\n<p>    <\/a><\/p>\n<p>I en tid der motebransjen, som oss andre, s\u00f8ker etter relevans \u2013 midt i inflasjon, klimakrise, krig og politisk uro \u2013 er det tilfeldig at designerne vender seg mot nettopp denne fargen n\u00e5? Neppe.\u00a0<\/p>\n<p class=\"color_mobile_no_bg_color font-weight-bold m-font-weight-bold\" data-lab-text_background_color=\"\" data-lab-font_weight=\"font-weight-bold\">\u2013 Det er jo sjeldent det. Det kan selvsagt ogs\u00e5 forklares med at trender kommer og g\u00e5r \u2013 og kommer igjen. Men det er fristende \u00e5 legge mer i det, sier hun.<\/p>\n<p>        <img loading=\"lazy\" decoding=\"async\" src=\"https:\/\/www.europesays.com\/no\/wp-content\/uploads\/2026\/03\/1772912088_561_84087386.webp.webp\" width=\"980\" height=\"1470\" title=\"Ida Elise Eide Einarsd\u00f3ttir er moteredakt\u00f8r i KK. Foto: Polina Vinogradova.\" alt=\"\" class=\"\" style=\"--aspect-ratio-image: 0.67; \"\/><\/p>\n<p>\n        Ida Elise Eide Einarsd\u00f3ttir er moteredakt\u00f8r i KK. Foto: Polina Vinogradova.\n    <\/p>\n<p>For fargevalg speiler historisk sett gjerne tiden vi lever i. Og det er ikke bare innen mote. Etter b\u00f8rskrakket p\u00e5 slutten av 1920-tallet gikk bilindustrien i USA bort fra lyse, mer optimistiske farger og over til de langt m\u00f8rkere og dypere tonene.<\/p>\n<p class=\"font-weight-bold m-font-weight-bold\" data-lab-font_weight=\"font-weight-bold\">En politisk farge<\/p>\n<p>Spesielt himmelbl\u00e5tt var overalt. Hos Courr\u00e8ges, Jil Sander, Prada, Miu Miu, Fendi, Anteprima &#8211; for \u00e5 nevne noen.\u00a0<\/p>\n<p>        <img loading=\"lazy\" decoding=\"async\" src=\"https:\/\/www.europesays.com\/no\/wp-content\/uploads\/2026\/03\/84300730.webp.webp\" width=\"686\" height=\"858\" title=\"TRENDFARGE: Backstage hos Anne Sofie Madsen under moteuken i K\u00f8benhavn. Foto: Bryndis Thorsteinsdottir.\" alt=\"\" class=\"\" style=\"--aspect-ratio-image: 0.80; \"\/><\/p>\n<p>\n        TRENDFARGE: Backstage hos Anne Sofie Madsen under moteuken i K\u00f8benhavn. Foto: Bryndis Thorsteinsdottir.\n    <\/p>\n<p class=\"color_mobile_no_bg_color\" data-lab-text_background_color=\"\">Klein-bl\u00e5tt har alltid v\u00e6rt ladet med kunst, intellekt og makt. I 2026 vender nyansen tilbake i en mer nyansert form som for eksempel hos Gucci, Victoria Beckham, Lacoste, Lanvin og Tom Ford.<\/p>\n<p>    <a itemprop=\"url\" href=\"https:\/\/www.kk.no\/mote\/fargen-forventes-a-bli-megastor-varen-2026\/83750304\" rel=\"nofollow noopener\" target=\"_blank\"><\/p>\n<p>        <img loading=\"lazy\" decoding=\"async\" src=\"https:\/\/www.europesays.com\/no\/wp-content\/uploads\/2026\/03\/83750625.webp.webp\" width=\"980\" height=\"441\" title=\"Fargen forventes \u00e5 bli megastor v\u00e5ren 2026\" alt=\"\" class=\"lazyload\" style=\"--aspect-ratio-image: 2.22; \"\/><\/p>\n<p>        Fargen forventes \u00e5 bli megastor v\u00e5ren 2026<\/p>\n<p>    <\/a><\/p>\n<p>        <img loading=\"lazy\" decoding=\"async\" src=\"https:\/\/www.europesays.com\/no\/wp-content\/uploads\/2026\/03\/84307162.webp.webp\" width=\"980\" height=\"1470\" title=\"LAG P\u00c5 LAG: Bl\u00e5tt hos Armani. Foto: NTB.\" alt=\"\" class=\"\" style=\"--aspect-ratio-image: 0.67; \"\/><\/p>\n<p>\n        LAG P\u00c5 LAG: Bl\u00e5tt hos Armani. Foto: NTB.\n    <\/p>\n<p>Marinebl\u00e5tt er kanskje den mest politiske bl\u00e5tonen av dem alle. Den utstr\u00e5ler en helt egen for for autoritet \u2013 tenk bare p\u00e5 den klassiske \u00abold money\u00bb-stilen eller de ikoniske dressene til verdens ledere \u2013 som etter hvert har mistet sin pondus.\u00a0<\/p>\n<p>Fargen oser av makt og tidl\u00f8s eleganse.\u00a0<\/p>\n<p>Og vi s\u00e5 den p\u00e5 catwalken hos blant andre\u00a0Ala\u00efa, Khaite, Herm\u00e8s, Bottega Veneta, Saint Laurent, Dior og Miu Miu.<\/p>\n<p>Den bl\u00e5 perioden\t<\/p>\n<p>Men bl\u00e5 har ogs\u00e5 en annen side. Den melankolske, ensomme og depresive.<\/p>\n<p>Picassos bl\u00e5 periode p\u00e5 begynnelsen av 1900-tallet brukte fargen til \u00e5 uttrykke b\u00e5de sorg, fattigdom og isolasjon. Med det i mente er det kanskje ikke s\u00e5 overraskende at fargen trender n\u00e5.\u00a0<\/p>\n<p>        <img loading=\"lazy\" decoding=\"async\" src=\"https:\/\/www.europesays.com\/no\/wp-content\/uploads\/2026\/03\/84300733.webp.webp\" width=\"686\" height=\"858\" title=\"I ALLE NYANSER: Turkis er ogs\u00e5 blant trendfargene denne v\u00e5ren. Foto: NTB.\" alt=\"\" class=\"\" style=\"--aspect-ratio-image: 0.80; \"\/><\/p>\n<p>\n        I ALLE NYANSER: Turkis er ogs\u00e5 blant trendfargene denne v\u00e5ren. Foto: NTB.\n    <\/p>\n<p>    <a itemprop=\"url\" href=\"https:\/\/www.kk.no\/mote\/ikke-spesielt-gode-nyheter\/82998162\" rel=\"nofollow noopener\" target=\"_blank\"><\/p>\n<p>        <img loading=\"lazy\" decoding=\"async\" src=\"https:\/\/www.europesays.com\/no\/wp-content\/uploads\/2026\/03\/83019365.webp.webp\" width=\"980\" height=\"441\" title=\"\u2013 Ikke spesielt gode nyheter\" alt=\"\" class=\"lazyload\" style=\"--aspect-ratio-image: 2.22; \"\/><\/p>\n<p>        \u2013 Ikke spesielt gode nyheter<\/p>\n<p>    <\/a><\/p>\n<p>\u00a0\u2013 Det er ogs\u00e5 en m\u00e5te \u00e5 se det p\u00e5. Motens viktigste oppgave er \u00e5 speile samtiden, og designerne gj\u00f8r det gjennom nettopp fargevalg, materialer og silhuetter. Dette er ikke nytt, for vi vet at farger p\u00e5virker oss, sier Einarsd\u00f3ttir.\u00a0<\/p>\n<p>        <img loading=\"lazy\" decoding=\"async\" src=\"https:\/\/www.europesays.com\/no\/wp-content\/uploads\/2026\/03\/84300724.webp.webp\" width=\"686\" height=\"858\" title=\"BL\u00c5TT P\u00c5 BL\u00c5TT: Som her hos Birrot. Foto: Bryndis Thorsteinsdottir.\" alt=\"\" class=\"\" style=\"--aspect-ratio-image: 0.80; \"\/><\/p>\n<p>\n        BL\u00c5TT P\u00c5 BL\u00c5TT: Som her hos Birrot. Foto: Bryndis Thorsteinsdottir.\n    <\/p>\n<p>Og det fortsetter: Lysebl\u00e5tt hos Giorgio Armani, Loewe, Jacquemus, Prabal Gurung og MM6 Maison Margiela.<\/p>\n<p>        <img loading=\"lazy\" decoding=\"async\" src=\"https:\/\/www.europesays.com\/no\/wp-content\/uploads\/2026\/03\/84300694.webp.webp\" width=\"686\" height=\"858\" title=\"GATEMOTE: Bl\u00e5tt er ogs\u00e5 i gatemoten \u2013 her i K\u00f8benhavn. Foto: Noor-u-nisa Khan.\" alt=\"\" class=\"\" style=\"--aspect-ratio-image: 0.80; \"\/><\/p>\n<p>\n        GATEMOTE: Bl\u00e5tt er ogs\u00e5 i gatemoten \u2013 her i K\u00f8benhavn. Foto: Noor-u-nisa Khan.\n    <\/p>\n<p>Turkis og \u00abteal\u00bb hos blant andre Erdem, Chloe, Stella McCartney og Missoni.<\/p>\n","protected":false},"excerpt":{"rendered":"Mote: En av \u00e5rets mest toneangivende farger.\u00a0 SE MIN KJOLE: Mote er mer enn bare kl\u00e6r, og farger&hellip;\n","protected":false},"author":2,"featured_media":181288,"comment_status":"","ping_status":"","sticky":false,"template":"","format":"standard","meta":{"footnotes":"","_share_on_mastodon":"0"},"categories":[58],"tags":[18482,71,7057,4621,18484,282,4024,10173,10918,18483,30,28,29,5624,72],"class_list":["post-181287","post","type-post","status-publish","format-standard","has-post-thumbnail","category-underholdning","tag-blatt","tag-entertainment","tag-farger","tag-ida-elise-eide-einarsdottir","tag-konservativ-mote","tag-kultur-underholdning","tag-mote","tag-mote-trender","tag-motebransjen","tag-moteindustrien","tag-no","tag-norge","tag-norway","tag-trender","tag-underholdning"],"share_on_mastodon":{"url":"https:\/\/pubeurope.com\/@no\/116189575651360580","error":""},"_links":{"self":[{"href":"https:\/\/www.europesays.com\/no\/wp-json\/wp\/v2\/posts\/181287","targetHints":{"allow":["GET"]}}],"collection":[{"href":"https:\/\/www.europesays.com\/no\/wp-json\/wp\/v2\/posts"}],"about":[{"href":"https:\/\/www.europesays.com\/no\/wp-json\/wp\/v2\/types\/post"}],"author":[{"embeddable":true,"href":"https:\/\/www.europesays.com\/no\/wp-json\/wp\/v2\/users\/2"}],"replies":[{"embeddable":true,"href":"https:\/\/www.europesays.com\/no\/wp-json\/wp\/v2\/comments?post=181287"}],"version-history":[{"count":0,"href":"https:\/\/www.europesays.com\/no\/wp-json\/wp\/v2\/posts\/181287\/revisions"}],"wp:featuredmedia":[{"embeddable":true,"href":"https:\/\/www.europesays.com\/no\/wp-json\/wp\/v2\/media\/181288"}],"wp:attachment":[{"href":"https:\/\/www.europesays.com\/no\/wp-json\/wp\/v2\/media?parent=181287"}],"wp:term":[{"taxonomy":"category","embeddable":true,"href":"https:\/\/www.europesays.com\/no\/wp-json\/wp\/v2\/categories?post=181287"},{"taxonomy":"post_tag","embeddable":true,"href":"https:\/\/www.europesays.com\/no\/wp-json\/wp\/v2\/tags?post=181287"}],"curies":[{"name":"wp","href":"https:\/\/api.w.org\/{rel}","templated":true}]}}