{"id":18214,"date":"2025-08-26T07:13:08","date_gmt":"2025-08-26T07:13:08","guid":{"rendered":"https:\/\/www.europesays.com\/no\/18214\/"},"modified":"2025-08-26T07:13:08","modified_gmt":"2025-08-26T07:13:08","slug":"dobling-i-straffesaker-mot-unge-pa-tre-ar","status":"publish","type":"post","link":"https:\/\/www.europesays.com\/no\/18214\/","title":{"rendered":"Dobling i straffesaker mot unge p\u00e5 tre \u00e5r"},"content":{"rendered":"\n<p class=\"_lead_1bvmi_2 _lead_xtcu6_50 layout-component text-serif-m layout-normal text-serif-l layout-component layout-wide layout-padded _wide_17hqh_1 layout-padded\">Regjeringen setter av 6,5 millioner i \u00e5rets statsbudsjett til \u00e5 styrke hurtigsporet for ungdomssaker. Antall straffesaker mot unge under 18 \u00e5r har \u00f8kt kraftig de tre siste \u00e5rene.<\/p>\n<p><img alt=\"Justis- og beredskapsminister Astri Aas-Hansen (Ap) sier regjeringen setter av 6,5 millioner kroner i \u00e5rets statsbudsjett til \u00e5 styrke hurtigsporet for ungdomssaker.  Foto: Jonas Been Henriksen \/ NTB\" class=\"_image_qp4xg_65 layout-component layout-wide\" data-fullscreen- data-track-element-type=\"Article image fullscreen\" data-track-name=\"ImageFullscreen\" fetchpriority=\"high\" decoding=\"sync\" loading=\"eager\" height=\"3638\" itemprop=\"image\"  src=\"https:\/\/www.europesays.com\/no\/wp-content\/uploads\/2025\/08\/1f530f42-a16c-4e41-af15-0993002c09fb\"  style=\"object-position:0% 0%\" width=\"5456\"\/>Justis- og beredskapsminister Astri Aas-Hansen (Ap) sier regjeringen setter av 6,5 millioner kroner i \u00e5rets statsbudsjett til \u00e5 styrke hurtigsporet for ungdomssaker.  Foto: Jonas Been Henriksen \/ NTB<\/p>\n<ul aria-hidden=\"true\" class=\"_images_1y6fe_106\">\n<li><a class=\"_link_1y6fe_111\" href=\"https:\/\/www.vg.no\/forfatter\/ntb\" style=\"z-index:1\" title=\"NTB\" rel=\"nofollow noopener\" target=\"_blank\"><img alt=\"Bilde av NTB\" class=\"_image_1y6fe_88\" fetchpriority=\"low\" loading=\"lazy\" decoding=\"async\" itemprop=\"image\"  src=\"https:\/\/www.europesays.com\/no\/wp-content\/uploads\/2025\/08\/1756192388_562_c33980b0-5d07-4027-84a1-813f90a7c8d6\"  width=\"480\"\/><\/a><\/li>\n<\/ul>\n<p> Oppdatert tirsdag 26. august kl. 08:10     <\/p>\n<p class=\"_paragraph_1bvmi_4 _paragraph_xtcu6_10 layout-component text-serif-m layout-normal text-serif-m layout-padded\">I et m\u00f8te med politiet, domstolen, kriminalomsorgen og konfliktr\u00e5det mandag, fikk justisminister <a href=\"https:\/\/www.vg.no\/tag\/astri-aas-hansen?utm_source=vg-article&amp;utm_medium=auto-tagger&amp;utm_campaign=kw7p1A\" class=\"_link_1bvmi_39\" rel=\"nofollow noopener\" target=\"_blank\">Astri Aas-Hansen (Ap)<\/a> en oppdatering p\u00e5 hvordan det g\u00e5r med hurtigsporet for unge kriminelle.<\/p>\n<p class=\"_paragraph_1bvmi_4 _paragraph_xtcu6_10 layout-component text-serif-m layout-normal text-serif-m layout-padded\">Tall fra Oslo tingrett, som leder den nasjonale arbeidsgruppen for tiltaket, viser at kriminaliteten har blitt mer alvorlig og at antall straffesaker mot unge under 18 \u00e5r har \u00f8kt kraftig de tre siste \u00e5rene, skriver\u00a0<a href=\"https:\/\/www.nrk.no\/norge\/nye-oslo-tall_-dobling-i-straffesaker-mot-unge-pa-tre-ar-1.17539881\" class=\"_link_1bvmi_39\" rel=\"nofollow noopener\" target=\"_blank\">NRK<\/a>.<\/p>\n<p class=\"_paragraph_1bvmi_4 _paragraph_xtcu6_10 layout-component text-serif-m layout-normal text-serif-m layout-padded\">Blant annet har antall tiltaltetiltalteEn som er tiltalt er en person som er anklaget for \u00e5 ha gjort noe ulovlig og som m\u00e5 m\u00f8te i retten. det siste \u00e5ret har \u00f8kt med 73 prosent \u2013 og sju av ti unge lovbrytere som tiltales, tiltales for vold eller ran. De siste tre \u00e5rene har antall straffesaker \u00f8kt fra 27 til 54.<\/p>\n<p class=\"_paragraph_1bvmi_4 _paragraph_xtcu6_10 layout-component text-serif-m layout-normal text-serif-m layout-padded\">I februar ba en samlet justiskomit\u00e9justiskomit\u00e9En gruppe p\u00e5 Stortinget som jobber med saker som handler om lover og rettssystemet. p\u00e5 Stortinget om \u00e5 f\u00e5 p\u00e5 plass et hurtigspor i alle landets politidistrikter for \u00e5 kunne p\u00e5d\u00f8mme unge lovbrytere. Tiltaket skal p\u00e5 plass innen 2026. Hurtigsporet skal gj\u00f8re at ran, vold og annen kriminalitet beg\u00e5tt av personer under 18 \u00e5r etterforskes raskt og raskt f\u00e5r dom.<\/p>\n<p class=\"_paragraph_1bvmi_4 _paragraph_xtcu6_10 layout-component text-serif-m layout-normal text-serif-m layout-padded\">\u2013 Jeg kan avsl\u00f8re n\u00e5 at det settes av 6,5 millioner i \u00e5rets statsbudsjettstatsbudsjettEn plan som viser hvordan staten skal bruke pengene sine i l\u00f8pet av et \u00e5r., sier justisminister Astri Aas-Hansen til\u00a0<a href=\"https:\/\/www.nrk.no\/norge\/nye-oslo-tall_-dobling-i-straffesaker-mot-unge-pa-tre-ar-1.17539881\" class=\"_link_1bvmi_39\" rel=\"nofollow noopener\" target=\"_blank\">NRK<\/a>.<\/p>\n<p class=\"_paragraph_1bvmi_4 _paragraph_xtcu6_10 layout-component text-serif-m layout-normal text-serif-m layout-padded\">Justisdepartementet presiserer i en epost til NTB at pengene representerer en \u00f8kning, og skal g\u00e5 til arbeidet p\u00e5 tvers av regionene. I \u00e5r er det penger satt av til hurtigspor i politidistriktene \u00d8st, Vest og Agder i tillegg til Oslo.<\/p>\n<p class=\"_paragraph_1bvmi_4 _paragraph_xtcu6_10 layout-component text-serif-m layout-normal text-serif-m layout-padded\">I Oslo ble ordningen innf\u00f8rt allerede fra nytt\u00e5r. Oslo tingrett fikk to nye dommerstillinger og \u00e9n saksbehandler til hurtigspor.<\/p>\n","protected":false},"excerpt":{"rendered":"Regjeringen setter av 6,5 millioner i \u00e5rets statsbudsjett til \u00e5 styrke hurtigsporet for ungdomssaker. Antall straffesaker mot unge&hellip;\n","protected":false},"author":2,"featured_media":18215,"comment_status":"","ping_status":"","sticky":false,"template":"","format":"standard","meta":{"footnotes":""},"categories":[10],"tags":[2878,20,21,24,25,15,148,22,23,13,30,28,29,14,944,16,26,27],"class_list":{"0":"post-18214","1":"post","2":"type-post","3":"status-publish","4":"format-standard","5":"has-post-thumbnail","7":"category-norge","8":"tag-astri-aas-hansen-ap","9":"tag-breaking-news","10":"tag-breakingnews","11":"tag-featured-news","12":"tag-featurednews","13":"tag-headlines","14":"tag-kriminalitet","15":"tag-latest-news","16":"tag-latestnews","17":"tag-news","18":"tag-no","19":"tag-norge","20":"tag-norway","21":"tag-nyheter","22":"tag-oslo-tingrett","23":"tag-overskrifter","24":"tag-top-stories","25":"tag-topstories"},"share_on_mastodon":{"url":"","error":""},"_links":{"self":[{"href":"https:\/\/www.europesays.com\/no\/wp-json\/wp\/v2\/posts\/18214","targetHints":{"allow":["GET"]}}],"collection":[{"href":"https:\/\/www.europesays.com\/no\/wp-json\/wp\/v2\/posts"}],"about":[{"href":"https:\/\/www.europesays.com\/no\/wp-json\/wp\/v2\/types\/post"}],"author":[{"embeddable":true,"href":"https:\/\/www.europesays.com\/no\/wp-json\/wp\/v2\/users\/2"}],"replies":[{"embeddable":true,"href":"https:\/\/www.europesays.com\/no\/wp-json\/wp\/v2\/comments?post=18214"}],"version-history":[{"count":0,"href":"https:\/\/www.europesays.com\/no\/wp-json\/wp\/v2\/posts\/18214\/revisions"}],"wp:featuredmedia":[{"embeddable":true,"href":"https:\/\/www.europesays.com\/no\/wp-json\/wp\/v2\/media\/18215"}],"wp:attachment":[{"href":"https:\/\/www.europesays.com\/no\/wp-json\/wp\/v2\/media?parent=18214"}],"wp:term":[{"taxonomy":"category","embeddable":true,"href":"https:\/\/www.europesays.com\/no\/wp-json\/wp\/v2\/categories?post=18214"},{"taxonomy":"post_tag","embeddable":true,"href":"https:\/\/www.europesays.com\/no\/wp-json\/wp\/v2\/tags?post=18214"}],"curies":[{"name":"wp","href":"https:\/\/api.w.org\/{rel}","templated":true}]}}