{"id":182315,"date":"2026-03-09T02:33:10","date_gmt":"2026-03-09T02:33:10","guid":{"rendered":"https:\/\/www.europesays.com\/no\/182315\/"},"modified":"2026-03-09T02:33:10","modified_gmt":"2026-03-09T02:33:10","slug":"spania-gir-en-halv-million-migranter-lovlig-opphold","status":"publish","type":"post","link":"https:\/\/www.europesays.com\/no\/182315\/","title":{"rendered":"Spania gir en halv million migranter lovlig opphold"},"content":{"rendered":"\n<p class=\"_lead_145nj_2 _lead_6fko5_53 layout-component text-serif-m layout-normal text-serif-l layout-component layout-wide layout-padded _wide_17hqh_1 layout-padded\">Regjeringen vil legalisere status til papirl\u00f8se innvandrere.<\/p>\n<p><img alt=\"Statsminister Pedro S\u00e1nchez  Foto: PEDRO PARDO \/ AFP \/ NTB\" class=\"_image_1kupn_65 layout-component layout-wide\" data-fullscreen- data-track-element-type=\"Article image fullscreen\" data-track-name=\"ImageFullscreen\" fetchpriority=\"high\" decoding=\"sync\" loading=\"eager\" height=\"5730\" itemprop=\"image\"  src=\"https:\/\/www.europesays.com\/no\/wp-content\/uploads\/2026\/03\/fc9b408f-77ac-4a44-9d47-df6fee834661.jpeg\"  style=\"object-position:0% 0%\" width=\"3820\"\/>Statsminister Pedro S\u00e1nchez  Foto: PEDRO PARDO \/ AFP \/ NTB<\/p>\n<ul aria-hidden=\"true\" class=\"_images_ntbth_112\">\n<li><a class=\"_link_ntbth_117\" href=\"https:\/\/www.vg.no\/forfatter\/kari-aarstad-aase\" style=\"z-index:1\" title=\"Kari Aarstad Aase\" rel=\"nofollow noopener\" target=\"_blank\"><img alt=\"Bilde av Kari Aarstad Aase\" class=\"_image_ntbth_93\" fetchpriority=\"low\" loading=\"lazy\" decoding=\"async\" itemprop=\"image\"  src=\"https:\/\/www.europesays.com\/no\/wp-content\/uploads\/2026\/03\/1773023590_342_0dbde33e-6d8e-4680-8e4f-e2a64281e2b8.jpeg\"  width=\"480\"\/><\/a><\/li>\n<\/ul>\n<p> Oppdatert mandag 9. mars kl. 02:40     <\/p>\n<p class=\"_paragraph_145nj_4 _paragraph_6fko5_10 layout-component text-serif-m layout-normal text-serif-m layout-padded\"><a href=\"https:\/\/www.vg.no\/tag\/spania?utm_source=vg-article&amp;utm_medium=auto-tagger&amp;utm_campaign=BxW7pQ\" class=\"_link_145nj_39\" rel=\"nofollow noopener\" target=\"_blank\">Spania<\/a> planlegger \u00e5 gi minst 500.000 papirl\u00f8se migranter lovlig opphold i landet. Ordningen skal hjelpe b\u00e5de migrantene og den spanske \u00f8konomien, melder <a href=\"https:\/\/www.bbc.com\/news\/articles\/crk8rdz5131o\" class=\"_link_145nj_39\" rel=\"nofollow noopener\" target=\"_blank\">BBC<\/a>.<\/p>\n<p class=\"_paragraph_145nj_4 _paragraph_6fko5_10 layout-component text-serif-m layout-normal text-serif-m layout-padded\">S\u00f8knadene \u00e5pner i april og varer til slutten av juni. For \u00e5 kvalifisere m\u00e5 migrantene bevise at de har oppholdt seg i landet i minst fem m\u00e5neder og ikke ha rulleblad.<\/p>\n<p class=\"_paragraph_145nj_4 _paragraph_6fko5_10 layout-component text-serif-m layout-normal text-serif-m layout-padded\">Diana fra Peru har levd som papirl\u00f8s migrant i Spania i to \u00e5r. Hun forteller at arbeidsgivere kan utnytte henne fordi hun mangler oppholdstillatelse.<\/p>\n<p class=\"_paragraph_145nj_4 _paragraph_6fko5_10 layout-component text-serif-m layout-normal text-serif-m layout-padded\">\u2013 \u00c5 jobbe uten oppholdsdokumenter er vanskelig fordi arbeidsgivere kan si \u00e9n ting og s\u00e5 f\u00e5 deg til \u00e5 gj\u00f8re noe annet, sier hun til BBC.<\/p>\n<p class=\"_paragraph_145nj_4 _paragraph_6fko5_10 layout-component text-serif-m layout-normal text-serif-m layout-padded\">\u2013 Noen ganger betaler de deg mindre enn det dere har avtalt, s\u00e5 det gj\u00f8r ting t\u00f8ft.<\/p>\n<p class=\"_paragraph_145nj_4 _paragraph_6fko5_10 layout-component text-serif-m layout-normal text-serif-m layout-padded\">Regjeringen begrunner ordningen b\u00e5de med humanit\u00e6re hensyn og \u00f8konomiske behov. Statsminister Pedro S\u00e1nchez beskriver innvandrere som folk som har \u00abbygget landets fremgang sammen med oss\u00bb.<\/p>\n<p><img alt=\"Immigrasjonsminister Elma Saiz  Foto: J.J.Guillen \/ EPA \/ NTB\" class=\"_image_1kupn_65 layout-component layout-normal\" data-fullscreen- data-track-element-type=\"Article image fullscreen\" data-track-name=\"ImageFullscreen\" decoding=\"async\" loading=\"lazy\" height=\"3104\" itemprop=\"image\"  src=\"https:\/\/www.europesays.com\/no\/wp-content\/uploads\/2026\/03\/72832f03-3198-4365-9eea-b9f851f5a312.jpeg\"  style=\"object-position:0% 0%\" width=\"4656\"\/>Immigrasjonsminister Elma Saiz  Foto: J.J.Guillen \/ EPA \/ NTB<\/p>\n<p class=\"_paragraph_145nj_4 _paragraph_6fko5_10 layout-component text-serif-m layout-normal text-serif-m layout-padded\">Arbeidsl\u00f8sheten i Spania er p\u00e5 sitt laveste niv\u00e5 p\u00e5 18 \u00e5r, og \u00f8konomien vokste med nesten tre prosent i fjor.<\/p>\n<p class=\"_paragraph_145nj_4 _paragraph_6fko5_10 layout-component text-serif-m layout-normal text-serif-m layout-padded\">\u2013 Siden 2022 har halvparten av Spanias \u00f8konomiske vekst v\u00e6rt drevet av utenlandske arbeidere, sier immigrasjonsminister Elma Saiz.<\/p>\n<p class=\"_paragraph_145nj_4 _paragraph_6fko5_10 layout-component text-serif-m layout-normal text-serif-m layout-padded\">Sentralbanken ansl\u00e5r at Spania trenger 25 millioner migranter de neste tre ti\u00e5rene for \u00e5 holde \u00f8konomien og trygdesystemet flytende.<\/p>\n","protected":false},"excerpt":{"rendered":"Regjeringen vil legalisere status til papirl\u00f8se innvandrere. Statsminister Pedro S\u00e1nchez Foto: PEDRO PARDO \/ AFP \/ NTB Oppdatert&hellip;\n","protected":false},"author":2,"featured_media":182316,"comment_status":"","ping_status":"","sticky":false,"template":"","format":"standard","meta":{"footnotes":"","_share_on_mastodon":"0"},"categories":[12],"tags":[20,21,24,25,15,22,23,98,13,30,28,29,14,16,1515,26,27,42,46,43,44,45],"class_list":["post-182315","post","type-post","status-publish","format-standard","has-post-thumbnail","category-verden","tag-breaking-news","tag-breakingnews","tag-featured-news","tag-featurednews","tag-headlines","tag-latest-news","tag-latestnews","tag-migranter","tag-news","tag-no","tag-norge","tag-norway","tag-nyheter","tag-overskrifter","tag-spania","tag-top-stories","tag-topstories","tag-verden","tag-vgai","tag-world","tag-world-news","tag-worldnews"],"share_on_mastodon":{"url":"https:\/\/pubeurope.com\/@no\/116196881559050889","error":""},"_links":{"self":[{"href":"https:\/\/www.europesays.com\/no\/wp-json\/wp\/v2\/posts\/182315","targetHints":{"allow":["GET"]}}],"collection":[{"href":"https:\/\/www.europesays.com\/no\/wp-json\/wp\/v2\/posts"}],"about":[{"href":"https:\/\/www.europesays.com\/no\/wp-json\/wp\/v2\/types\/post"}],"author":[{"embeddable":true,"href":"https:\/\/www.europesays.com\/no\/wp-json\/wp\/v2\/users\/2"}],"replies":[{"embeddable":true,"href":"https:\/\/www.europesays.com\/no\/wp-json\/wp\/v2\/comments?post=182315"}],"version-history":[{"count":0,"href":"https:\/\/www.europesays.com\/no\/wp-json\/wp\/v2\/posts\/182315\/revisions"}],"wp:featuredmedia":[{"embeddable":true,"href":"https:\/\/www.europesays.com\/no\/wp-json\/wp\/v2\/media\/182316"}],"wp:attachment":[{"href":"https:\/\/www.europesays.com\/no\/wp-json\/wp\/v2\/media?parent=182315"}],"wp:term":[{"taxonomy":"category","embeddable":true,"href":"https:\/\/www.europesays.com\/no\/wp-json\/wp\/v2\/categories?post=182315"},{"taxonomy":"post_tag","embeddable":true,"href":"https:\/\/www.europesays.com\/no\/wp-json\/wp\/v2\/tags?post=182315"}],"curies":[{"name":"wp","href":"https:\/\/api.w.org\/{rel}","templated":true}]}}