{"id":182467,"date":"2026-03-09T08:21:25","date_gmt":"2026-03-09T08:21:25","guid":{"rendered":"https:\/\/www.europesays.com\/no\/182467\/"},"modified":"2026-03-09T08:21:25","modified_gmt":"2026-03-09T08:21:25","slug":"rykket-etter-angrepet-mot-iran","status":"publish","type":"post","link":"https:\/\/www.europesays.com\/no\/182467\/","title":{"rendered":"Rykket etter angrepet mot Iran"},"content":{"rendered":"<p>En time etter at missilfragmentene regner ned over et<br \/>\nnabolag \u00f8st i Tel Aviv, er Dagbladet p\u00e5 plass p\u00e5 \u00e5stedet. <\/p>\n<p>Flere titalls soldater, ambulansepersonell og<br \/>\nredningsarbeidere vrimler rundt foran et bolighus. Gata foran bygningen er<br \/>\ndekket med glassk\u00e5r, vindusrammer og betongbiter. To biler har f\u00e5tt smadret taket<br \/>\nog frontvindu av betongklumper. <\/p>\n<p>&#8211; Det er litt morsomt, for kj\u00e6resten min pleier \u00e5 parkere<br \/>\nbilen sin akkurat der, sier Benny, og peker p\u00e5 en av de \u00f8delagte bilene. <\/p>\n<p>        <img loading=\"lazy\" decoding=\"async\" src=\"https:\/\/www.europesays.com\/no\/wp-content\/uploads\/2026\/03\/1773044470_819_84335731.webp.webp\" width=\"980\" height=\"559\" title=\"NEDSLAG: Bildet viser \u00e5stedet, der en missilbit falt ned og traff et bolighus.\" alt=\"\" class=\"\" style=\"--aspect-ratio-image: 1.75; \"\/><\/p>\n<p>\n        NEDSLAG: Bildet viser \u00e5stedet, der en missilbit falt ned og traff et bolighus.\n    <\/p>\n<p>        <img loading=\"lazy\" decoding=\"async\" src=\"https:\/\/www.europesays.com\/no\/wp-content\/uploads\/2026\/03\/1773044471_154_84335797.webp.webp\" width=\"667\" height=\"381\" title=\"KAOS: Omr\u00e5det viste tydelige tegn til dramatikk en time etter nedslaget.\" alt=\"\" class=\"\" style=\"--aspect-ratio-image: 1.75; \"\/><\/p>\n<p>\n        KAOS: Omr\u00e5det viste tydelige tegn til dramatikk en time etter nedslaget.\n    <\/p>\n<p>Han bor i nest \u00f8verste etasje i en h\u00f8yblokk i samme gate. Han<br \/>\nsatt i tilfluktsrommet i leiligheten da fragmentet traff huset vi n\u00e5 st\u00e5r<br \/>\nforan. <\/p>\n<p class=\"font-weight-bold m-font-weight-bold\" data-lab-font_weight=\"font-weight-bold\">&#8211; Jeg kjente hele blokka gynge og svaie frem og tilbake, og<br \/>\ngulvet ristet. <\/p>\n<p class=\"font-weight-bold m-font-weight-bold\" data-lab-font_weight=\"font-weight-bold\">Ettersom de fleste andre i nabolaget gjorde det samme som<br \/>\nBenny, var det ingen personskader fra fragmentet. Totalt fra alle nedslagene<br \/>\nvar det 12 personer som ble lettere skadd, meldte ambulansetjenesten. <\/p>\n<p>        ALARM: Dagbladets Morten Risberg er i Tel Aviv og var klokka 13.25 norsk tid s\u00f8ndag p\u00e5 vei ned i bomberommet p\u00e5 grunn av nye sirener. Video: Morten Risberg<\/p>\n<p>Rystet Israel\u00a0  <\/p>\n<p>Dette er dog resultatet n\u00e5r alt g\u00e5r bra. Missilet ble<br \/>\nsuksessfullt skutt ned av israelsk luftvern. Om missilet hadde truffet direkte,<br \/>\nville det sett helt annerledes ut, p\u00e5peker Benny. <\/p>\n<p>Krigen har i skrivende stund p\u00e5g\u00e5tt i \u00e9n uke. Etter at Israel<br \/>\nog USA angrep Iran, har Iran regelmessig svart med \u00e5 sende missilsalver inn i Israel. De<br \/>\naller fleste har blitt skutt ned av Israels tre lag med rakettskjold.\u00a0<\/p>\n<p>    <a itemprop=\"url\" href=\"https:\/\/www.dagbladet.no\/nyheter\/sonnen-overtar-som-irans-leder\/84339451\" rel=\"nofollow noopener\" target=\"_blank\"><\/p>\n<p>        <img loading=\"lazy\" decoding=\"async\" src=\"https:\/\/www.europesays.com\/no\/wp-content\/uploads\/2026\/03\/1773044472_946_84339470.webp.webp\" width=\"980\" height=\"441\" title=\"S\u00f8nnen overtar som Irans leder\" alt=\"\" class=\"lazyload\" style=\"--aspect-ratio-image: 2.22; \"\/><\/p>\n<p>        S\u00f8nnen overtar som Irans leder<\/p>\n<p>    <\/a><\/p>\n<p>Ved to<br \/>\ntilfeller har missiler truffet m\u00e5l og f\u00f8rt til d\u00f8dsfall; ett i Tel Aviv, hvor<br \/>\nen filippinsk hjelpearbeider ble drept p\u00e5 vei til tilfluktsrommet, og ett i<br \/>\nBeit Shemesh utenfor Jerusalem, hvor et missil \u00f8dela en synagoge og det<br \/>\noffentlige tilfluktsrommet under bygget. <\/p>\n<p>        <img loading=\"lazy\" decoding=\"async\" src=\"https:\/\/www.europesays.com\/no\/wp-content\/uploads\/2026\/03\/1773044472_520_84335733.webp.webp\" width=\"667\" height=\"381\" title=\"LIKE VED: To beboere titter ut av et vindu etter at et missilfragment falt ned i nabolaget\" alt=\"\" class=\"\" style=\"--aspect-ratio-image: 1.75; \"\/><\/p>\n<p>\n        LIKE VED: To beboere titter ut av et vindu etter at et missilfragment falt ned i nabolaget\n    <\/p>\n<p>I sistnevnte ble 9 drept, og 65 sendt p\u00e5 sykehus. I tillegg rystet<br \/>\nnyheten israelernes oppfattelse om at tilfluktsrom er en bombesikker trygghet.\n<\/p>\n<p>&#8211; Da hadde det ikke hjulpet at jeg satt i et bomberom i nest<br \/>\n\u00f8verste etasje. Da skulle jeg nok ha g\u00e5tt til kjelleren under bakken. <\/p>\n<p>Slike tilfluktsrom over bakken er ofte designet for \u00e5 st\u00e5<br \/>\nimot mindre rakettangrep fra Hizbollah eller Hamas \u2013 ikke iranske missiler. <\/p>\n<p>For Benny er det heller snakk om sannsynlighet, enn at de<br \/>\nbombesikre veggene skal redde deg. <\/p>\n<p>        <img loading=\"lazy\" decoding=\"async\" src=\"https:\/\/www.europesays.com\/no\/wp-content\/uploads\/2026\/03\/1773044474_175_84335829.webp.webp\" width=\"980\" height=\"559\" title=\"- HANDLER OM FLAKS: Benny tror ikke bomberommet vil redde ham hvis missilet treffer direkte.\" alt=\"\" class=\"\" style=\"--aspect-ratio-image: 1.75; \"\/><\/p>\n<p>\n        &#8211; HANDLER OM FLAKS: Benny tror ikke bomberommet vil redde ham hvis missilet treffer direkte.\n    <\/p>\n<p>&#8211; Lynet sl\u00e5r aldri ned samme sted to ganger. S\u00e5 da f\u00e5r jeg<br \/>\nsatse p\u00e5 at dette er det eneste vi opplevde her. <\/p>\n<p>Panikk\u00a0<\/p>\n<p>Under krigens f\u00f8rste dag gikk alarmene i ett, og innbyggere<br \/>\ni Israel kunne h\u00f8re luftvernet jobbe tiln\u00e6rmet kontinuerlig med \u00e5 skyte ned<br \/>\nmissiler. <\/p>\n<p>&#8211; Det var en f\u00f8lelse av panikk, forteller Itay Taasa.\u00a0<\/p>\n<p>Dagbladet m\u00f8ter ham ved et utend\u00f8rs treningsanlegg i en folkefylt park i Tel<br \/>\nAviv fem dager etter starten av krigen. Det har nettopp g\u00e5tt to alarmer i byen,<br \/>\nmen befolkningen er raskt ute i gatene igjen. <\/p>\n<p>        <img loading=\"lazy\" decoding=\"async\" src=\"https:\/\/www.europesays.com\/no\/wp-content\/uploads\/2026\/03\/1773044474_576_84335781.webp.webp\" width=\"667\" height=\"381\" title=\"VENTET P\u00c5 GIGANTISK ANGREP: Itay Taasa fikk panikk da krigen startet. N\u00e5 lurer han p\u00e5 om det vil komme i det hele tatt.\" alt=\"\" class=\"\" style=\"--aspect-ratio-image: 1.75; \"\/><\/p>\n<p>\n        VENTET P\u00c5 GIGANTISK ANGREP: Itay Taasa fikk panikk da krigen startet. N\u00e5 lurer han p\u00e5 om det vil komme i det hele tatt.\n    <\/p>\n<p>&#8211; Vi har snakket om krig med Iran i s\u00e5 mange \u00e5r. Det har<br \/>\nbygd seg opp og bygd seg opp, og det virket s\u00e5 veldig farlig. S\u00e5 da det startet<br \/>\np\u00e5 l\u00f8rdag, tenkte jeg; \u00abdette er slutten\u00bb. <\/p>\n<p>Han ventet p\u00e5 det flere omtaler som et \u00abdommedagsangrep\u00bb, fordi man forventet et iransk angrep med enormt \u00f8deleggende resultat.<\/p>\n<p>    <a itemprop=\"url\" href=\"https:\/\/www.dagbladet.no\/nyheter\/klor-seg-i-hodet-gir-ikke-mening\/84333758\" rel=\"nofollow noopener\" target=\"_blank\"><\/p>\n<p>        <img loading=\"lazy\" decoding=\"async\" src=\"https:\/\/www.europesays.com\/no\/wp-content\/uploads\/2026\/03\/1773044475_740_84335893.webp.webp\" width=\"980\" height=\"441\" title=\"Kl\u00f8r seg i hodet: - Gir ikke mening\" alt=\"\" class=\"lazyload\" style=\"--aspect-ratio-image: 2.22; \"\/><\/p>\n<p>        Kl\u00f8r seg i hodet: &#8211; Gir ikke mening<\/p>\n<p>    <\/a><\/p>\n<p>Men det gigantiske angrepet p\u00e5 Israel og Tel Aviv uteble, og<br \/>\npanikken forsvant, forteller Itay. <\/p>\n<p>&#8211; N\u00e5 er jeg mye roligere. Det f\u00f8les som vi har kontroll, og<br \/>\nat vi ikke er s\u00e5 alene som vi kanskje fryktet. N\u00e5 er USA med oss, og mange<br \/>\nandre land har blitt dratt inn. <\/p>\n<p>Sunket med 90 prosent\u00a0<\/p>\n<p>Siden krigens f\u00f8rste dag har hyppigheten og antall missiler<br \/>\nsunket drastisk. Pentagon hevdet f\u00f8r helgen at antall oppskytninger av<br \/>\nballistiske missiler fra Iran hadde sunket med 90 prosent. <\/p>\n<p>Reduksjonen av angrep mot Israel forklares b\u00e5de med den<br \/>\nomfattende bombekampanjen til Israel og USA, som m\u00e5lrettet har g\u00e5tt mot Irans<br \/>\nkapasitet til \u00e5 skyte missiler. Angrepene i Iran har ogs\u00e5 til n\u00e5 tatt livet av<br \/>\n1332 sivile, if\u00f8lge Irans utsending til FN. Ytteligere 10 000 er skadd, opplyste landets helsemyndigheter s\u00f8ndag.<\/p>\n<p>I tillegg g\u00e5r store deler av Irans utg\u00e5ende missiler og<br \/>\ndroner til andre m\u00e5l i regionen. <\/p>\n<p>Men selv om f\u00e6rre missiler skytes mot Israel, er Itay<br \/>\nusikker p\u00e5 om det betyr at krigen er over med det f\u00f8rste. <\/p>\n<p>&#8211; Jeg tror det bare betyr at de vil holde p\u00e5 lenger. <\/p>\n<p>    <a itemprop=\"url\" href=\"https:\/\/www.dagbladet.no\/nyheter\/oman-slar-alarm-farlig-vippepunkt\/84338499\" rel=\"nofollow noopener\" target=\"_blank\"><\/p>\n<p>        <img loading=\"lazy\" decoding=\"async\" src=\"https:\/\/www.europesays.com\/no\/wp-content\/uploads\/2026\/03\/1773044476_595_84338517.webp.webp\" width=\"980\" height=\"441\" title=\"Sl\u00e5r alarm: - Farlig vippepunkt\" alt=\"\" class=\"lazyload\" style=\"--aspect-ratio-image: 2.22; \"\/><\/p>\n<p>        Sl\u00e5r alarm: &#8211; Farlig vippepunkt<\/p>\n<p>    <\/a><\/p>\n<p>Vil terrorisere\u00a0<\/p>\n<p>Et par kvartaler unna \u00e5stedet beskrevet i starten av<br \/>\nreportasjen, m\u00f8ter Dagbladet Asher rett ved et krater. Her har ogs\u00e5 et fragment<br \/>\nfra missilet truffet bakken, men biten ble fjernet f\u00f8r vi og han ankom stedet.<br \/>\nFragmentet traff bakken midt mellom to bolighus, og f\u00f8rte til mindre skader p\u00e5<br \/>\nbygningene. <\/p>\n<p>        <img loading=\"lazy\" decoding=\"async\" src=\"https:\/\/www.europesays.com\/no\/wp-content\/uploads\/2026\/03\/1773044477_449_84335789.webp.webp\" width=\"667\" height=\"381\" title=\"UFORUTSIGBART: Asher tror Iran bevisst angriper uregelmessige for \u00e5 gj\u00f8re israelere utrygge.\" alt=\"\" class=\"\" style=\"--aspect-ratio-image: 1.75; \"\/><\/p>\n<p>\n        UFORUTSIGBART: Asher tror Iran bevisst angriper uregelmessige for \u00e5 gj\u00f8re israelere utrygge.\n    <\/p>\n<p>&#8211; Jeg var ikke her, men jeg eier leiligheten \u2013 s\u00e5 jeg kom for<br \/>\n\u00e5 hjelpe beboerne, sier han, mens han fotograferer skadene og krateret for \u00e5<br \/>\nsende til forsikringsselskapet. <\/p>\n<p>Han tror det endrede angrepsm\u00f8nsteret er en bevisst taktikk<br \/>\nfra Iran. <\/p>\n<p class=\"font-weight-bold m-font-weight-bold\" data-lab-font_weight=\"font-weight-bold\">&#8211; Jeg tror de vet at de ikke kan gj\u00f8re stor skade. Derfor<br \/>\npr\u00f8ver de \u00e5 v\u00e6re mer uforutsigbare. <\/p>\n<p class=\"font-weight-normal m-font-weight-normal\" data-lab-font_weight=\"font-weight-normal\">Han sammenligner situasjonen med 12-dagerskrigen i juni i<br \/>\nfjor. Han minnes da at Iran angrep mer sjeldent, men med mye st\u00f8rre<br \/>\nmissilsalver. N\u00e5 virker angrepene mer tilfeldige, og i mindre skala. <\/p>\n<p class=\"font-weight-bold m-font-weight-bold\" data-lab-font_weight=\"font-weight-bold\">&#8211; N\u00e5 sender de ogs\u00e5 missiler til alle deler av Israel. Det<br \/>\ner fordi de vil at alle skal f\u00f8le seg utrygge. At vi aldri skal vite om eller n\u00e5r<br \/>\neller hvor det kommer et neste angrep. <\/p>\n<p class=\"font-weight-normal m-font-weight-normal\" data-lab-font_weight=\"font-weight-normal\">&#8211; Det handler om \u00e5 terrorisere befolkningen, og avbryte<br \/>\nsamfunnet v\u00e5rt, sier Asher. <\/p>\n<p>    <a itemprop=\"url\" href=\"https:\/\/www.dagbladet.no\/nyheter\/varer-ikke-lenge\/84337995\" rel=\"nofollow noopener\" target=\"_blank\"><\/p>\n<p>        <img loading=\"lazy\" decoding=\"async\" src=\"https:\/\/www.europesays.com\/no\/wp-content\/uploads\/2026\/03\/1773044478_389_84338014.webp.webp\" width=\"980\" height=\"441\" title=\"- Varer ikke lenge\" alt=\"\" class=\"lazyload\" style=\"--aspect-ratio-image: 2.22; \"\/><\/p>\n<p>        &#8211; Varer ikke lenge<\/p>\n<p>    <\/a><\/p>\n<p>Kan man dusje?\u00a0<\/p>\n<p>For selv om intensiteten av angrepene har sunket, er man<br \/>\nfortsatt p\u00e5 t\u00e5 hev til alle d\u00f8gnets tider i Tel Aviv. Det er tilsynelatende lite<br \/>\nm\u00f8nster i n\u00e5r angrepene kommer, og Dagbladet har selv opplevd \u00e5 enten l\u00f8pe til<br \/>\ntilfluktsrom 3-4 ganger i l\u00f8pet av en natt, eller f\u00e5tt en hel nattes\u00f8vn. <\/p>\n<p>        <img loading=\"lazy\" decoding=\"async\" src=\"https:\/\/www.europesays.com\/no\/wp-content\/uploads\/2026\/03\/1773044479_387_84335806.webp.webp\" width=\"980\" height=\"559\" title=\"UNDER BAKKEN: Det har v\u00e6rt utallige alarmer siden krigen startet for en uke siden.\" alt=\"\" class=\"\" style=\"--aspect-ratio-image: 1.75; \"\/><\/p>\n<p>\n        UNDER BAKKEN: Det har v\u00e6rt utallige alarmer siden krigen startet for en uke siden.\n    <\/p>\n<p>Som svar p\u00e5 dette har Israel opprettet en egen nettside som<br \/>\nheter canishower.com (kan jeg dusje?). Den fors\u00f8ker \u00e5 beregne hva<br \/>\nsannsynligheten er for en snart forest\u00e5ende alarm eller angrep, og r\u00e5de til n\u00e5r<br \/>\ndet kan v\u00e6re trygt \u00e5 ta en dusj, eller andre aktiviteter som trenger tid. <\/p>\n<p>&#8211; Det er det samme problemet med \u00e5 g\u00e5 p\u00e5 do, sier Or Galili<br \/>\nda Dagbladet m\u00f8ter ham i en parkeringskjeller under et av Irans mange angrep p\u00e5<br \/>\nnattestid. <\/p>\n<p>&#8211; Fordi man aldri vet n\u00e5r det kommer et angrep, ender man<br \/>\nopp med \u00e5 bare g\u00e5 og kaste bort tiden, og aldri planlegge \u00e5 gj\u00f8re noe som<br \/>\nhelst. <\/p>\n<p>De tryggeste stundene er rett etter alarmer og angrep,<br \/>\nlegger han til. <\/p>\n<p>    <a itemprop=\"url\" href=\"https:\/\/www.dagbladet.no\/nyheter\/neste-gang-blir-det-til-begravelsen-var\/84325011\" rel=\"nofollow noopener\" target=\"_blank\"><\/p>\n<p>        <img loading=\"lazy\" decoding=\"async\" src=\"https:\/\/www.europesays.com\/no\/wp-content\/uploads\/2026\/03\/1773044480_495_84331208.webp.webp\" width=\"980\" height=\"441\" title=\"- Neste gang blir det til begravelsen v\u00e5r\" alt=\"\" class=\"lazyload\" style=\"--aspect-ratio-image: 2.22; \"\/><\/p>\n<p>        &#8211; Neste gang blir det til begravelsen v\u00e5r<\/p>\n<p>    <\/a><\/p>\n<p class=\"font-weight-bold m-font-weight-bold\" data-lab-font_weight=\"font-weight-bold\">St\u00f8rre angrep\u00a0<\/p>\n<p>Dagbladet m\u00f8ter ham i samme tilfluktsrom flere ganger. De to<br \/>\nsiste dagene har Iran nemlig igjen sendt angrep som er st\u00f8rre enn<br \/>\nvanlig over Tel Aviv. <\/p>\n<p>Det ene skjedde p\u00e5 nattestid, med et ballistisk missil som<br \/>\ntydelig inneholdt klaseammunisjon som falt som en skur av oransje lys over byen.<br \/>\nDagbladet kunne selv se hvordan hendelsen f\u00f8rte til panikk hos de som<br \/>\nobserverte angrepet \u2013 i sterk kontrast med hvordan israelere har forholdt seg<br \/>\ntil alarmer de siste dagene. <\/p>\n<p>        <img loading=\"lazy\" decoding=\"async\" src=\"https:\/\/www.europesays.com\/no\/wp-content\/uploads\/2026\/03\/1773044481_626_84335811.webp.webp\" width=\"980\" height=\"559\" title=\"MISSILREGN: R\u00f8ykskyer fra israelsk luftvern som har skutt ned iranske missiler.\" alt=\"\" class=\"\" style=\"--aspect-ratio-image: 1.75; \"\/><\/p>\n<p>\n        MISSILREGN: R\u00f8ykskyer fra israelsk luftvern som har skutt ned iranske missiler.\n    <\/p>\n<p>Allerede morgenen etter kom det et nytt og stort angrep mot<br \/>\nbyen, hvor vi fra bomberommet kunne h\u00f8re vedvarende eksplosjoner over oss.<br \/>\nHimmelen var etterp\u00e5 pepret med r\u00f8ykskyer fra luftvern og missiler som ble<br \/>\nskutt ned.<\/p>\n<p>Det sl\u00e5r sprekker i oppfattelsen om at kapasiteten<br \/>\nderes er s\u00e5pass senket, f\u00f8ler Galili. At angrepene er sjeldnere, tror han<br \/>\nheller er fordi Iran vil spre det lenger ut, og holde et press mot Israel over<br \/>\ntid. <\/p>\n<p>        ANGREP: Dagbladets reporter i Tel Aviv filmer torsdag 5. mars et betydelig angrep mot den israelske storbyen. Video: Morten Risberg<\/p>\n<p>Det begynner \u00e5 t\u00e6re p\u00e5 ham, sier han. Spesielt s\u00f8vnmangelen, etter flere netter den siste uka hvor s\u00f8vnen er avbrutt av gjentatte alarmer. Det samme h\u00f8rer vi fra flere israelere; at under 12-dagerskrigen var angrepene kraftigere, men n\u00e5 er de mer slitne.\u00a0<\/p>\n<p class=\"font-weight-bold m-font-weight-bold\" data-lab-font_weight=\"font-weight-bold\">&#8211; Jeg tror ogs\u00e5 de satser p\u00e5 at vi etter hvert g\u00e5r tomme for<br \/>\nluftvernraketter, sier Galili.\u00a0<\/p>\n<p class=\"font-weight-normal m-font-weight-normal\" data-lab-font_weight=\"font-weight-normal\">Under et pressem\u00f8te fredag 6. mars som Dagbladet deltok p\u00e5,<br \/>\nuttalte IDF at de hadde utf\u00f8rt angrep p\u00e5 60 prosent av utskytningsrampene til Iran.<br \/>\nLikevel p\u00e5pekte de at et angrep ikke betyr at rampene er fullstendig \u00f8delagte \u2013<br \/>\nat de fortsatt kan v\u00e6re operasjonelle p\u00e5 \u00e9n eller annen m\u00e5te, eller at de ogs\u00e5<br \/>\nkan bli reparert. <\/p>\n<p>    <a itemprop=\"url\" href=\"https:\/\/www.dagbladet.no\/nyheter\/apokalyptiske-scener-i-teheran\/84337519\" rel=\"nofollow noopener\" target=\"_blank\"><\/p>\n<p>        <img loading=\"lazy\" decoding=\"async\" src=\"https:\/\/www.europesays.com\/no\/wp-content\/uploads\/2026\/03\/1773044482_663_84337593.webp.webp\" width=\"980\" height=\"441\" title=\"\u00abApokalyptiske\u00bb scener i Teheran\" alt=\"\" class=\"lazyload\" style=\"--aspect-ratio-image: 2.22; \"\/><\/p>\n<p>        \u00abApokalyptiske\u00bb scener i Teheran<\/p>\n<p>    <\/a><\/p>\n<p>Usikkerhetsmomenter\u00a0<\/p>\n<p>Det er ogs\u00e5 flere andre usikkerhetsmomenter som gj\u00f8r<br \/>\nkrigshverdagen usikker for israelere. Et eksempel er at Hizbollah n\u00e5 ved flere<br \/>\nanledninger har sendt raketter helt ned til Tel Aviv. <\/p>\n<p>        NYTT ANGREP: L\u00f8rdag kveld bekrefter IDF at de har angrepet et st\u00f8rre oljelager i den iranske hovedstaden Teheran: Vahid Online<\/p>\n<p>N\u00e5r Iran sender missiler, f\u00e5r befolkningen i Israel oftest<br \/>\net forvarsel om at det kan komme et angrep mange minutter f\u00f8r sirenene<br \/>\nstarter. N\u00e5r Hizbollah sender raketter fra Libanon, starter sirenene umiddelbart.<br \/>\nDa har man kun cirka ett minutt p\u00e5 \u00e5 finne tilfluktsrom. <\/p>\n<p>&#8211; Rakettene fra Hizbollah gj\u00f8r meg ikke mer redd, men det<br \/>\ngj\u00f8r at jeg er mer p\u00e5 alerten. At jeg m\u00e5 v\u00e6re ende flinkere til \u00e5 speide ut<br \/>\nhvor n\u00e6rmeste tilfluktsrom er, sa Itay, som vi m\u00f8tte ved treningsapparatene i<br \/>\nparken. <\/p>\n<p>Varslingssystemet mange israelere stoler p\u00e5, har ogs\u00e5 vist<br \/>\nseg \u00e5 v\u00e6re utilregnelig ved flere anledninger. Missilet som traff m\u00e5l i Tel Aviv<br \/>\ni krigens f\u00f8rste dag, traff et bolighus kun sekunder etter at alarmen hadde<br \/>\nstartet. Ogs\u00e5 i g\u00e5r \u2013 fredag 6. mars \u2013 opplevde Dagbladet at forvarselet kun<br \/>\nkom ett minutt f\u00f8r alarmen startet. <\/p>\n<p>    <a itemprop=\"url\" href=\"https:\/\/www.dagbladet.no\/kjendis\/overgikk-det-meste\/84322078\" rel=\"nofollow noopener\" target=\"_blank\"><\/p>\n<p>        <img loading=\"lazy\" decoding=\"async\" src=\"https:\/\/www.europesays.com\/no\/wp-content\/uploads\/2026\/03\/1773044483_207_84333109.webp.webp\" width=\"980\" height=\"441\" title=\"- Overgikk det meste\" alt=\"\" class=\"lazyload\" style=\"--aspect-ratio-image: 2.22; \"\/><\/p>\n<p>        &#8211; Overgikk det meste<\/p>\n<p>    <\/a><\/p>\n<p>Tel Aviv ikke en trygg havn\u00a0<\/p>\n<p>Uforutsigbarheten i sentrale deler av Israel f\u00f8rer ogs\u00e5 til<br \/>\net dilemma for befolkningen nord i landet, som n\u00e5 igjen bor i en oppblussende<br \/>\nkonfliktsone i krigen mellom Israel og Hizbollah. Da Dagbladet bes\u00f8kte Nahariya<br \/>\nog omr\u00e5dene rundt, fikk vi h\u00f8re at flere tenker det er mindre trygt \u00e5 evakuere<br \/>\ntil Tel Aviv enn det var i 2024. <\/p>\n<p>Esther, og hennes ett \u00e5r gamle s\u00f8nn Jonathan, som Dagbladet<br \/>\nm\u00f8tte i et bomberom under purim-feiringen tidligere denne uken, bestemte seg ogs\u00e5<br \/>\ni etterkant for \u00e5 flykte fra Tel Aviv, skrev hun til oss p\u00e5 melding. <\/p>\n<p>        <img loading=\"lazy\" decoding=\"async\" src=\"https:\/\/www.europesays.com\/no\/wp-content\/uploads\/2026\/03\/1773044484_321_84335853.webp.webp\" width=\"980\" height=\"559\" title=\"- BLIR FARLIG: Or Galili tror det er farlig n\u00e5r folk blir for nonchalante i m\u00f8tet med trusselen fra himmelen.\" alt=\"\" class=\"\" style=\"--aspect-ratio-image: 1.75; \"\/><\/p>\n<p>\n        &#8211; BLIR FARLIG: Or Galili tror det er farlig n\u00e5r folk blir for nonchalante i m\u00f8tet med trusselen fra himmelen.\n    <\/p>\n<p>Likevel sier majoriteten av israelere at de er vant med<br \/>\nslike tilstander, og at de ikke lar seg skremme. Men det er akkurat denne<br \/>\nholdningen som kan bli farlig i lengden, sier Or Galili, da han tenner seg en<br \/>\nsigarett utenfor tilfluktsrommet etter et st\u00f8rre angrep. <\/p>\n<p>&#8211; I starten l\u00f8p alle i skjul med en gang. N\u00e5 ser jeg folk<br \/>\nbare st\u00e5 og henge p\u00e5 balkongene n\u00e5r sirenene n\u00e5r. Folk blir nonchalante etter<br \/>\nhvert, og det er da det blir farlig. <\/p>\n<p class=\"font-weight-bold m-font-weight-bold\" data-lab-font_weight=\"font-weight-bold\">&#8211; Jeg tror fortsatt Iran har mulighet til \u00e5 teppebombe deler<br \/>\nav Tel Aviv \u2013 hvis de vil. <\/p>\n<p class=\"font-weight-bold m-font-weight-bold\" data-lab-font_weight=\"font-weight-bold\">\u00a0<\/p>\n<p>    DAGBLADET I ISRAEL<\/p>\n<p>        <img loading=\"lazy\" decoding=\"async\" src=\"https:\/\/www.europesays.com\/no\/wp-content\/uploads\/2026\/03\/1773044485_809_84330356.webp.webp\" width=\"530\" height=\"239\" title=\"DAGBLADET I ISRAEL\" alt=\"\" class=\"\" style=\"--aspect-ratio-image: 2.22; \"\/><\/p>\n<p>Dagbladets Morten Risberg dekker krigen fra Tel Aviv.<\/p>\n<p>      Vis mer<br \/>\n      Vis mindre<\/p>\n","protected":false},"excerpt":{"rendered":"En time etter at missilfragmentene regner ned over et nabolag \u00f8st i Tel Aviv, er Dagbladet p\u00e5 plass&hellip;\n","protected":false},"author":2,"featured_media":182468,"comment_status":"","ping_status":"","sticky":false,"template":"","format":"standard","meta":{"footnotes":"","_share_on_mastodon":"0"},"categories":[12],"tags":[18578,18128,20,21,24,25,15,22,23,13,30,28,29,787,14,16,26,27,42,43,44,45],"class_list":["post-182467","post","type-post","status-publish","format-standard","has-post-thumbnail","category-verden","tag-aida-khorami","tag-angrepet-mot-iran","tag-breaking-news","tag-breakingnews","tag-featured-news","tag-featurednews","tag-headlines","tag-latest-news","tag-latestnews","tag-news","tag-no","tag-norge","tag-norway","tag-nrk","tag-nyheter","tag-overskrifter","tag-top-stories","tag-topstories","tag-verden","tag-world","tag-world-news","tag-worldnews"],"share_on_mastodon":{"url":"https:\/\/pubeurope.com\/@no\/116198250172950225","error":""},"_links":{"self":[{"href":"https:\/\/www.europesays.com\/no\/wp-json\/wp\/v2\/posts\/182467","targetHints":{"allow":["GET"]}}],"collection":[{"href":"https:\/\/www.europesays.com\/no\/wp-json\/wp\/v2\/posts"}],"about":[{"href":"https:\/\/www.europesays.com\/no\/wp-json\/wp\/v2\/types\/post"}],"author":[{"embeddable":true,"href":"https:\/\/www.europesays.com\/no\/wp-json\/wp\/v2\/users\/2"}],"replies":[{"embeddable":true,"href":"https:\/\/www.europesays.com\/no\/wp-json\/wp\/v2\/comments?post=182467"}],"version-history":[{"count":0,"href":"https:\/\/www.europesays.com\/no\/wp-json\/wp\/v2\/posts\/182467\/revisions"}],"wp:featuredmedia":[{"embeddable":true,"href":"https:\/\/www.europesays.com\/no\/wp-json\/wp\/v2\/media\/182468"}],"wp:attachment":[{"href":"https:\/\/www.europesays.com\/no\/wp-json\/wp\/v2\/media?parent=182467"}],"wp:term":[{"taxonomy":"category","embeddable":true,"href":"https:\/\/www.europesays.com\/no\/wp-json\/wp\/v2\/categories?post=182467"},{"taxonomy":"post_tag","embeddable":true,"href":"https:\/\/www.europesays.com\/no\/wp-json\/wp\/v2\/tags?post=182467"}],"curies":[{"name":"wp","href":"https:\/\/api.w.org\/{rel}","templated":true}]}}