{"id":182488,"date":"2026-03-09T09:02:15","date_gmt":"2026-03-09T09:02:15","guid":{"rendered":"https:\/\/www.europesays.com\/no\/182488\/"},"modified":"2026-03-09T09:02:15","modified_gmt":"2026-03-09T09:02:15","slug":"gang-pa-gang-pa-gang-ser-vi-at-saker-stoppes","status":"publish","type":"post","link":"https:\/\/www.europesays.com\/no\/182488\/","title":{"rendered":"\u2013 Gang p\u00e5 gang p\u00e5 gang ser vi at saker stoppes"},"content":{"rendered":"<p><strong>Med vetorett har norske kommuner stanset vindkraftutbygging som tilsvarer opp mot 15 TWh. \u2013 Utbyggingen av ny kraftproduksjon i Norge har i praksis stoppet opp, sier NVE-sjef Kjetil Lund.\u00a0\u00a0<\/strong><\/p>\n<p>15 TWh dekker str\u00f8m for 750. 000 norske husholdninger i ett \u00e5r.\u00a0<\/p>\n<p>Nylig ble Produksjonsteknisk konferanse (PTK) arrangert\u00a0p\u00e5\u00a0Clarion Hotel Oslo Airport Gardermoen der Kjetil Lund ga klar beskjed.\u00a0Han ansl\u00e5r at mellom 10 og 15 terawattimer (TWh) med potensiell vindkraftproduksjon er blitt stoppet av kommuner f\u00f8r prosjektene i det hele tatt har n\u00e5dd konsesjonsbehandling.<\/p>\n<p>\u2013 Gang p\u00e5 gang p\u00e5 gang ser vi at saker stoppes i kommunene f\u00f8r de kommer til oss, sier Lund til fagbladet <a href=\"https:\/\/www.europower.no\/politikk\/nve-sjefen-vetoretten-er-en-suksess-hvis-man-onsker-a-stoppe-vindkraft\/2-1-1953200\" rel=\"nofollow noopener\" target=\"_blank\">Europower<\/a>.\u00a0<\/p>\n<p><strong>Pendel i energipolitikken<\/strong><\/p>\n<p>If\u00f8lge NVE-sjefen m\u00e5 dagens situasjon forst\u00e5s i et lengre perspektiv. Kraftutbygging skjer ikke raskt \u2013 den p\u00e5virkes av politiske beslutninger som ofte ligger mange \u00e5r tilbake i tid.<\/p>\n<p>Han beskriver utviklingen som en politisk pendel som svinger omtrent hvert ti\u00e5r.<\/p>\n<p>P\u00e5 begynnelsen av 2000-tallet var utbyggingen relativt moderat. Rundt 2010 kom et tydelig skifte, med sterk politisk st\u00f8tte til ny fornybar energi. Elsertifikatordningen og \u00f8kende interesse for sm\u00e5kraft f\u00f8rte til en b\u00f8lge av utbygging, s\u00e6rlig mot slutten av ti\u00e5ret. I l\u00f8pet av f\u00e5 \u00e5r ble rundt 15 TWh ny kraftproduksjon bygget. Deretter snudde stemningen.<\/p>\n<p><strong>Nettet bygges \u2013 men ikke kraften<\/strong><\/p>\n<p>Utviklingen i kraftnettet f\u00f8lger et lignende, men ikke identisk m\u00f8nster. For rundt 15 \u00e5r siden handlet energidebatten om at nettutbyggingen gikk for raskt, blant annet under protestene mot kraftlinjene i Hardanger. I dag er situasjonen motsatt.<\/p>\n<p>\u2013 N\u00e5 er det bred enighet om at vi trenger mer nett, og vi ser en kraftig \u00f8kning i investeringsplanene fremover, sier Lund til Europower.<\/p>\n<p>Lund mener volumet av ny kraft i Norge i stor grad vil avhenge av vindkraft p\u00e5 land. Andre kilder, som solkraft og sm\u00e5kraft, vil kunne bidra noe, men ikke i tilstrekkelig omfang.<\/p>\n<p>\u2013 Effektoppgraderinger gir ikke nytt kraftvolum. Skal vi f\u00e5 st\u00f8rre produksjon, m\u00e5 det i hovedsak komme fra vindkraft, hevder han.\u00a0<\/p>\n","protected":false},"excerpt":{"rendered":"Med vetorett har norske kommuner stanset vindkraftutbygging som tilsvarer opp mot 15 TWh. \u2013 Utbyggingen av ny kraftproduksjon&hellip;\n","protected":false},"author":2,"featured_media":182489,"comment_status":"","ping_status":"","sticky":false,"template":"","format":"standard","meta":{"footnotes":"","_share_on_mastodon":"0"},"categories":[10],"tags":[20,21,24,25,15,18581,22,23,13,30,28,29,954,14,16,26,27,1454],"class_list":["post-182488","post","type-post","status-publish","format-standard","has-post-thumbnail","category-norge","tag-breaking-news","tag-breakingnews","tag-featured-news","tag-featurednews","tag-headlines","tag-kjetil-lund","tag-latest-news","tag-latestnews","tag-news","tag-no","tag-norge","tag-norway","tag-nve","tag-nyheter","tag-overskrifter","tag-top-stories","tag-topstories","tag-vindkraft"],"share_on_mastodon":{"url":"https:\/\/pubeurope.com\/@no\/116198411273966187","error":""},"_links":{"self":[{"href":"https:\/\/www.europesays.com\/no\/wp-json\/wp\/v2\/posts\/182488","targetHints":{"allow":["GET"]}}],"collection":[{"href":"https:\/\/www.europesays.com\/no\/wp-json\/wp\/v2\/posts"}],"about":[{"href":"https:\/\/www.europesays.com\/no\/wp-json\/wp\/v2\/types\/post"}],"author":[{"embeddable":true,"href":"https:\/\/www.europesays.com\/no\/wp-json\/wp\/v2\/users\/2"}],"replies":[{"embeddable":true,"href":"https:\/\/www.europesays.com\/no\/wp-json\/wp\/v2\/comments?post=182488"}],"version-history":[{"count":0,"href":"https:\/\/www.europesays.com\/no\/wp-json\/wp\/v2\/posts\/182488\/revisions"}],"wp:featuredmedia":[{"embeddable":true,"href":"https:\/\/www.europesays.com\/no\/wp-json\/wp\/v2\/media\/182489"}],"wp:attachment":[{"href":"https:\/\/www.europesays.com\/no\/wp-json\/wp\/v2\/media?parent=182488"}],"wp:term":[{"taxonomy":"category","embeddable":true,"href":"https:\/\/www.europesays.com\/no\/wp-json\/wp\/v2\/categories?post=182488"},{"taxonomy":"post_tag","embeddable":true,"href":"https:\/\/www.europesays.com\/no\/wp-json\/wp\/v2\/tags?post=182488"}],"curies":[{"name":"wp","href":"https:\/\/api.w.org\/{rel}","templated":true}]}}