{"id":182844,"date":"2026-03-09T16:50:16","date_gmt":"2026-03-09T16:50:16","guid":{"rendered":"https:\/\/www.europesays.com\/no\/182844\/"},"modified":"2026-03-09T16:50:16","modified_gmt":"2026-03-09T16:50:16","slug":"nytt-sjokk-prinsessen-syk","status":"publish","type":"post","link":"https:\/\/www.europesays.com\/no\/182844\/","title":{"rendered":"Nytt sjokk: Prinsessen syk"},"content":{"rendered":"<p class=\"kicker \" style=\"\">Prinsesse Michael:<\/p>\n<p>    Skandaleprinsessen skaper igjen overskrifter: Trist beskjed i britiske medier.<\/p>\n<p>\n    STERKE KVINNER: Hertuginne Sophie, prinsesse Michael, prinsesse Kate og dronning Camilla p\u00e5 balkonen p\u00e5 Buckingham Palace. N\u00e5 er Michael nede for telling. Foto: NTB\n  <\/p>\n<p><a href=\"https:\/\/www.seher.no\/kongelig\/skandaleprinsesse-smittet\/73104796\" rel=\"nofollow noopener\" target=\"_blank\">Prinsesse Michael av Kent (81) <\/a>skal n\u00e5 v\u00e6re nede for telling. Den kontroversielle kongelige har i \u00e5revis skapt overskrifter \u2013 fra rasistisk brosje til saueskandale.<\/p>\n<p>    <a itemprop=\"url\" href=\"https:\/\/www.seher.no\/kongelig\/charles-og-camillas-ukjente-sonn-ropete-stor-nyhet\/75357766\" rel=\"nofollow noopener\" target=\"_blank\"><\/p>\n<p>        <img loading=\"lazy\" decoding=\"async\" src=\"https:\/\/www.europesays.com\/no\/wp-content\/uploads\/2026\/03\/1773075011_285_75459629.webp.webp\" width=\"147\" height=\"98\" title=\"Charles og Camillas \u00abukjente s\u00f8nn\u00bb: R\u00f8pet stor nyhet\" alt=\"\" class=\"lazyload\" style=\"--aspect-ratio-image: 1.50; \"\/><\/p>\n<p>        Charles og Camillas \u00abukjente s\u00f8nn\u00bb: R\u00f8pet stor nyhet<\/p>\n<p>    <\/a><\/p>\n<p>N\u00e5 melder britiske <a href=\"https:\/\/www.dailymail.co.uk\/columnists\/article-15622047\/EDEN-CONFIDENTIAL-New-blow-Princess-Michael-left-bed-ridden-stroke.html\" rel=\"nofollow noopener\" target=\"_blank\">Daily Mail <\/a>at den omstridte prinsessen n\u00e5 skal v\u00e6re sengeliggende etter \u00e5 blitt rammet av slag. Kongehuset har s\u00e5 langt ikke kommentert helseopplysningene i detalj.<\/p>\n<p>        <img loading=\"lazy\" decoding=\"async\" src=\"https:\/\/www.europesays.com\/no\/wp-content\/uploads\/2026\/03\/84341480.webp.webp\" width=\"667\" height=\"381\" title=\"FELLES LIDENSKAP: Prinsesse Michael elsker hesteveddel\u00f8p. Her sammen med dronning Elizabeth og ektemannen prins Michael av Kent p\u00e5 Derby Festival i Surrey. Foto: NTB\" alt=\"\" class=\"\" style=\"--aspect-ratio-image: 1.75; \"\/><\/p>\n<p>\n        FELLES LIDENSKAP: Prinsesse Michael elsker hesteveddel\u00f8p. Her sammen med dronning Elizabeth og ektemannen prins Michael av Kent p\u00e5 Derby Festival i Surrey. Foto: NTB\n    <\/p>\n<p><a href=\"https:\/\/www.hellomagazine.com\/healthandbeauty\/health-and-fitness\/888153\/princess-michael-kent-injury-daily-tasks-impossible-stroke-81\/\" rel=\"nofollow noopener\" target=\"_blank\">Hello<\/a> skriver samtidig at en representant for familien takker for omtanken, men understreker at de ikke kommenterer private medisinske forhold.<\/p>\n<p>Prinsesse Michael \u2013 som egentlig heter Marie-Christine von Reibnitz \u2013 er gift med prins Michael av Kent (83), fetter av avd\u00f8de dronning Elizabeth.<\/p>\n<p>        REKVISITT: Marius Borg H\u00f8iby dukket opp som rekvisitt under NRK-programmet \u00abHumoretaten\u00bb Video: NRK &#8211; \u00abHumoretaten\u00bb \/ R\u00f8d L\u00f8per \/\/ Foto: NTB \/\/ Reporter: H\u00e5vard Bj\u00f8rnerem<\/p>\n<p>Den siste tiden har helseproblemene kommet tett for 81-\u00e5ringen.<\/p>\n<p>I 2024 <a href=\"https:\/\/www.seher.no\/kongelig\/brakk-begge-handleddene\/82423190\" rel=\"nofollow noopener\" target=\"_blank\">brakk hun begge h\u00e5ndleddene etter et fall <\/a>i en trapp i hjemmet p\u00e5 Kensington Palace. Hun fortalte den gang at helt vanlige hverdagslige gj\u00f8rem\u00e5l ble \u00abumulige\u00bb etter ulykken. Som for eksempel tannpuss.<\/p>\n<p>Prinsessen bor p\u00e5 Kensington palace, og er ofte \u00e5 se sammen med dronning Camilla (78)\u00a0 og prinsesse Kate (44) ved kongelige tilstelninger.<\/p>\n<p>Raseri etter Meghan-m\u00f8te\t<\/p>\n<p>Prinsessen er imidlertid minst like kjent for skandalene som for livet i kongefamilien.<\/p>\n<p>        <img loading=\"lazy\" decoding=\"async\" src=\"https:\/\/www.europesays.com\/no\/wp-content\/uploads\/2026\/03\/84341506.webp.webp\" width=\"559\" height=\"694\" title=\"GLAMOR\u00d8S: Prinsesse Michael har alltid kastet glans over kongelige tilstelninger. Her med ektemannen Michael i et Rothschild-bryllup. Foto: NTB\" alt=\"\" class=\"\" style=\"--aspect-ratio-image: 0.81; \"\/><\/p>\n<p>\n        GLAMOR\u00d8S: Prinsesse Michael har alltid kastet glans over kongelige tilstelninger. Her med ektemannen Michael i et Rothschild-bryllup. Foto: NTB\n    <\/p>\n<p>I 2017 vakte hun <a href=\"https:\/\/www.seher.no\/kjendis\/prinsesse-brukte-rasistisk-smykke-da-hun-motte-meghan-markle\/69215957\" rel=\"nofollow noopener\" target=\"_blank\">kraftige reaksjoner<\/a> da hun m\u00f8tte Meghan Markle (44) og prins Harry (41) under dronning Elizabeths julelunsj if\u00f8rt en s\u00e5kalt \u00abBlackamoor\u00bb-brosje.\u00a0<\/p>\n<p>Smykket \u2013 som forestiller en svart figur \u2013 ble av flere medier omtalt som rasistisk, og skapte sterke reaksjoner verden over.<\/p>\n<p>        <img loading=\"lazy\" decoding=\"async\" src=\"https:\/\/www.europesays.com\/no\/wp-content\/uploads\/2026\/03\/84341263.webp.webp\" width=\"667\" height=\"507\" title=\"RABALDER: Da prinsesse Michael dukket opp p\u00e5 Meghans f\u00f8rste julelunsj med kongeframilien - og hadde pyntet seg med denne brosjen, ble det br\u00e5k. Foto: NTB\" alt=\"\" class=\"\" style=\"--aspect-ratio-image: 1.32; \"\/><\/p>\n<p>\n        RABALDER: Da prinsesse Michael dukket opp p\u00e5 Meghans f\u00f8rste julelunsj med kongeframilien &#8211; og hadde pyntet seg med denne brosjen, ble det br\u00e5k. Foto: NTB\n    <\/p>\n<p>En talsperson for prinsessen sa senere at brosjen var en gave, og at hun var sv\u00e6rt lei seg for oppstyret den skapte.<\/p>\n<p>Sauene skapte ny storm\t<\/p>\n<p>Kort tid etter oppsto det ogs\u00e5 nye reaksjoner rundt prinsessen.<\/p>\n<p>If\u00f8lge <a href=\"https:\/\/www.vanityfair.com\/style\/2018\/04\/race-and-the-royals-inside-kensington-palace?srsltid=AfmBOorbVCJIgFkW3H6BIwm5pmNxUJ_BwUs_7cBGN_cwPG8m_egL3QYE\" rel=\"nofollow noopener\" target=\"_blank\">Vanity Fair<\/a> skal hun ha hatt to svarte sauer p\u00e5 eiendommen sin i Gloucestershire \u2013 og gitt dem navnene \u00abVenus\u00bb og \u00abSerena\u00bb, etter de afroamerikanske tennisstjernene Venus og Serena Williams.<\/p>\n<p>        <img loading=\"lazy\" decoding=\"async\" src=\"https:\/\/www.europesays.com\/no\/wp-content\/uploads\/2026\/03\/84341344.webp.webp\" width=\"667\" height=\"381\" title=\"Serena (tv.) er hertuginne Meghans venninne. Prinsesse Mivhael av Kent skal ha kalt opp to sorte sauer p\u00e5 sin herskapseiendom etter Serena og s\u00f8steren Venus (t.h.). Foto : NTB\" alt=\"\" class=\"\" style=\"--aspect-ratio-image: 1.75; \"\/><\/p>\n<p>\n        Serena (tv.) er hertuginne Meghans venninne. Prinsesse Mivhael av Kent skal ha kalt opp to sorte sauer p\u00e5 sin herskapseiendom etter Serena og s\u00f8steren Venus (t.h.). Foto : NTB\n    <\/p>\n<p>Historien bidro til \u00e5 forsterke debatten rundt prinsessens kontroversielle rykte.<\/p>\n<p>Omtalt som \u00abPrincess Pushy\u00bb\t<\/p>\n<p>Prinsesse Michael har i flere ti\u00e5r v\u00e6rt en av de mest omdiskuterte skikkelsene rundt den britiske kongefamilien.<\/p>\n<p>    <a itemprop=\"url\" href=\"https:\/\/www.seher.no\/kongelig\/kutter-band-na-er-det-over\/84334273\" rel=\"nofollow noopener\" target=\"_blank\"><\/p>\n<p>        <img loading=\"lazy\" decoding=\"async\" src=\"https:\/\/www.europesays.com\/no\/wp-content\/uploads\/2026\/03\/84334314.webp.webp\" width=\"980\" height=\"441\" title=\"Kutter b\u00e5nd: N\u00e5 er det over\" alt=\"\" class=\"lazyload\" style=\"--aspect-ratio-image: 2.22; \"\/><\/p>\n<p>        Kutter b\u00e5nd: N\u00e5 er det over<\/p>\n<p>    <\/a><\/p>\n<p>Hun har blant annet ogs\u00e5 v\u00e6rt i hardt v\u00e6r etter p\u00e5stander om rasistiske kommentarer til gjester p\u00e5 en restaurant i New York \u2013 noe hun selv har avvist.<\/p>\n<p>        <img loading=\"lazy\" decoding=\"async\" src=\"https:\/\/www.europesays.com\/no\/wp-content\/uploads\/2026\/03\/84341389.webp.webp\" width=\"667\" height=\"381\" title=\"TRAGEDIE: Prinsessens datter Lady Gabriella giftet seg med Thomas Kingston i 2019. For to \u00e5r siden tok han sitt eget liv. Foto: NTB\" alt=\"\" class=\"\" style=\"--aspect-ratio-image: 1.75; \"\/><\/p>\n<p>\n        TRAGEDIE: Prinsessens datter Lady Gabriella giftet seg med Thomas Kingston i 2019. For to \u00e5r siden tok han sitt eget liv. Foto: NTB\n    <\/p>\n<p>Den tyskf\u00f8dte prinsessen giftet seg med prins Michael av Kent i 1978. Sammen har de barna Lord Frederick Windsor (46) og Lady Gabriella Windsor (44).<\/p>\n<p>\u00a0Windsor.<\/p>\n<p>Gabriella ble enke i februar 2024, da <a href=\"https:\/\/www.seher.no\/kongelig\/kongelig-dodsfall-kom-som-et-sjokk\/81041945\" rel=\"nofollow noopener\" target=\"_blank\">ektemannen Thomas Kingston d\u00f8de i selvmord<\/a>.<\/p>\n<p class=\"font-weight-bold m-font-weight-bold\" data-lab-font_weight=\"font-weight-bold\">N\u00e5 er det imidlertid helsen som igjen setter den frittalende kongelige i overskriftene.<\/p>\n","protected":false},"excerpt":{"rendered":"Prinsesse Michael: Skandaleprinsessen skaper igjen overskrifter: Trist beskjed i britiske medier. STERKE KVINNER: Hertuginne Sophie, prinsesse Michael, prinsesse&hellip;\n","protected":false},"author":2,"featured_media":182845,"comment_status":"","ping_status":"","sticky":false,"template":"","format":"standard","meta":{"footnotes":"","_share_on_mastodon":"0"},"categories":[58],"tags":[9630,3868,4104,71,14867,76,30,28,29,18615,72],"class_list":["post-182844","post","type-post","status-publish","format-standard","has-post-thumbnail","category-underholdning","tag-den-britiske-kongefamilien","tag-dronning-camilla","tag-eksklusivt","tag-entertainment","tag-hertuginne-kate","tag-kongelig","tag-no","tag-norge","tag-norway","tag-prinsesse-michael","tag-underholdning"],"share_on_mastodon":{"url":"https:\/\/pubeurope.com\/@no\/116200251499015731","error":""},"_links":{"self":[{"href":"https:\/\/www.europesays.com\/no\/wp-json\/wp\/v2\/posts\/182844","targetHints":{"allow":["GET"]}}],"collection":[{"href":"https:\/\/www.europesays.com\/no\/wp-json\/wp\/v2\/posts"}],"about":[{"href":"https:\/\/www.europesays.com\/no\/wp-json\/wp\/v2\/types\/post"}],"author":[{"embeddable":true,"href":"https:\/\/www.europesays.com\/no\/wp-json\/wp\/v2\/users\/2"}],"replies":[{"embeddable":true,"href":"https:\/\/www.europesays.com\/no\/wp-json\/wp\/v2\/comments?post=182844"}],"version-history":[{"count":0,"href":"https:\/\/www.europesays.com\/no\/wp-json\/wp\/v2\/posts\/182844\/revisions"}],"wp:featuredmedia":[{"embeddable":true,"href":"https:\/\/www.europesays.com\/no\/wp-json\/wp\/v2\/media\/182845"}],"wp:attachment":[{"href":"https:\/\/www.europesays.com\/no\/wp-json\/wp\/v2\/media?parent=182844"}],"wp:term":[{"taxonomy":"category","embeddable":true,"href":"https:\/\/www.europesays.com\/no\/wp-json\/wp\/v2\/categories?post=182844"},{"taxonomy":"post_tag","embeddable":true,"href":"https:\/\/www.europesays.com\/no\/wp-json\/wp\/v2\/tags?post=182844"}],"curies":[{"name":"wp","href":"https:\/\/api.w.org\/{rel}","templated":true}]}}