{"id":18305,"date":"2025-08-26T08:55:22","date_gmt":"2025-08-26T08:55:22","guid":{"rendered":"https:\/\/www.europesays.com\/no\/18305\/"},"modified":"2025-08-26T08:55:22","modified_gmt":"2025-08-26T08:55:22","slug":"sandvika-nesoya-aktuell-med-ny-bok-om-sandvika","status":"publish","type":"post","link":"https:\/\/www.europesays.com\/no\/18305\/","title":{"rendered":"Sandvika, Nes\u00f8ya | Aktuell med ny bok om Sandvika"},"content":{"rendered":"\n<p>Boken \u00abDet gode mennesket i Sandvika\u00bb omtales som en tragisk og komisk roman om \u00f8konomi, spill, \u00f8l, skjebne og klasse.<\/p>\n<p>Hjorth, fra Nes\u00f8ya i Asker, forteller til VG at boken ble ferdig p\u00e5 rekordtid.<\/p>\n<p>\u2013 Jeg hadde stedet, den brune puben, jeg hadde persongalleriet, jeg visste til en viss grad hva som skulle hende. Men hvordan skulle det ende?<\/p>\n<p><b>Handlingen i boken utspiller seg p\u00e5 en pub i Sandvika. <\/b><\/p>\n<p>\u2013 Det er vanskelig \u00e5 v\u00e6re god n\u00e5r alt er s\u00e5 dyrt, dette er utgangspunktet i historien jeg forteller, sier hun til VG.<\/p>\n<p>To kvinner st\u00e5r sentralt i handlingen. En begynner \u00e5 g\u00e5 p\u00e5 puben for \u00e5 jobbe, en annen har fast bord ved TV-en, og sitter hver l\u00f8rdag med lottokupongen. Er de i samme b\u00e5t, selv om hovedpersonen har penger gjennom hele m\u00e5neden, er sp\u00f8rsm\u00e5let forfatteren s\u00f8ker \u00e5 l\u00f8se i boken.<\/p>\n<p>  <a href=\"https:\/\/www.budstikka.no\/5-55-972294\" class=\"related-teaser has-image default-story-teaser article--c-eRUmMG article--c-eRUmMG-jKCPdD-design-default\" rel=\"nofollow noopener\" target=\"_blank\"><\/p>\n<p>    <img decoding=\"async\" loading=\"lazy\"  src=\"https:\/\/www.europesays.com\/no\/wp-content\/uploads\/2025\/08\/22kulkal_25_nordis_30635143.jpg\" alt=\"\" class=\"brick-c-cFOWSL\" style=\"\"\/><\/p>\n<p>\n            Les ogs\u00e5<\/p>\n<p>              Hjorth skriver om mor-datter forhold\n        <\/p>\n<p>  <\/a><\/p>\n<p>If\u00f8lge forlaget Cappelen Damm skulle ikke Hjorth komme med ny bok denne h\u00f8sten. N\u00e5 er den likevel klar allerede i oktober.<\/p>\n<p>      Prisbel\u00f8nt<\/p>\n<p>Vigdis Hjorth har f\u00e5tt mange priser for b\u00f8kene sine. Boken \u00abArv og milj\u00f8\u00bb fra 2016 vant Bokhandlerprisen, og var ogs\u00e5 omdiskutert. Familien mente boken var for utleverende og at den feilaktig anklaget faren for overgrep.<\/p>\n<p>  <a href=\"https:\/\/www.budstikka.no\/5-55-797683\" class=\"related-teaser has-image default-story-teaser article--c-eRUmMG article--c-eRUmMG-jKCPdD-design-default\" rel=\"nofollow noopener\" target=\"_blank\"><\/p>\n<p>    <img decoding=\"async\" loading=\"lazy\"  src=\"https:\/\/www.europesays.com\/no\/wp-content\/uploads\/2025\/08\/vigdis+hjorth+f%C3%A5r+kulturpris+5.jpg\" alt=\"\" class=\"brick-c-cFOWSL\" style=\"\"\/><\/p>\n<p>\n            Les ogs\u00e5<\/p>\n<p>              Hjorth-familien saks\u00f8ker Den Nationale Scene\n        <\/p>\n<p>  <\/a><\/p>\n<p>  <a href=\"https:\/\/www.budstikka.no\/5-55-922353\" class=\"related-teaser has-image default-story-teaser article--c-eRUmMG article--c-eRUmMG-jKCPdD-design-default\" rel=\"nofollow noopener\" target=\"_blank\"><\/p>\n<p>    <img decoding=\"async\" loading=\"lazy\"  src=\"https:\/\/www.europesays.com\/no\/wp-content\/uploads\/2025\/08\/09_mag_vigdis_hjorth_-_224.jpg\" alt=\"\" class=\"brick-c-cFOWSL\" style=\"\"\/><\/p>\n<p>\n            Les ogs\u00e5<\/p>\n<p>              Nominert til amerikansk litteraturpris\n        <\/p>\n<p>  <\/a><\/p>\n<p>  <a href=\"https:\/\/www.budstikka.no\/5-55-2029798\" class=\"related-teaser has-image default-story-teaser article--c-eRUmMG article--c-eRUmMG-jKCPdD-design-default\" rel=\"nofollow noopener\" target=\"_blank\"><\/p>\n<p>    <img decoding=\"async\" loading=\"lazy\"  src=\"https:\/\/www.europesays.com\/no\/wp-content\/uploads\/2025\/08\/46ba60b7-ddf8-48db-b36f-ca6c518e534d_1.jpeg\" alt=\"\" class=\"brick-c-cFOWSL\" style=\"\"\/><\/p>\n<p>\n            Les ogs\u00e5<\/p>\n<p>              Gjorde et sprelsk karrierevalg: \u2013 Mange ble overrasket, ogs\u00e5 jeg!\n        <\/p>\n<p>  <\/a><\/p>\n<p>Les mer om: artikkelemnene<\/p>\n","protected":false},"excerpt":{"rendered":"Boken \u00abDet gode mennesket i Sandvika\u00bb omtales som en tragisk og komisk roman om \u00f8konomi, spill, \u00f8l, skjebne&hellip;\n","protected":false},"author":2,"featured_media":18306,"comment_status":"","ping_status":"","sticky":false,"template":"","format":"standard","meta":{"footnotes":""},"categories":[58],"tags":[36,71,410,3246,30,28,29,850,1510,72],"class_list":{"0":"post-18305","1":"post","2":"type-post","3":"status-publish","4":"format-standard","5":"has-post-thumbnail","7":"category-underholdning","8":"tag-art","9":"tag-entertainment","10":"tag-kultur","11":"tag-nesoya","12":"tag-no","13":"tag-norge","14":"tag-norway","15":"tag-sandvika","16":"tag-story","17":"tag-underholdning"},"share_on_mastodon":{"url":"","error":""},"_links":{"self":[{"href":"https:\/\/www.europesays.com\/no\/wp-json\/wp\/v2\/posts\/18305","targetHints":{"allow":["GET"]}}],"collection":[{"href":"https:\/\/www.europesays.com\/no\/wp-json\/wp\/v2\/posts"}],"about":[{"href":"https:\/\/www.europesays.com\/no\/wp-json\/wp\/v2\/types\/post"}],"author":[{"embeddable":true,"href":"https:\/\/www.europesays.com\/no\/wp-json\/wp\/v2\/users\/2"}],"replies":[{"embeddable":true,"href":"https:\/\/www.europesays.com\/no\/wp-json\/wp\/v2\/comments?post=18305"}],"version-history":[{"count":0,"href":"https:\/\/www.europesays.com\/no\/wp-json\/wp\/v2\/posts\/18305\/revisions"}],"wp:featuredmedia":[{"embeddable":true,"href":"https:\/\/www.europesays.com\/no\/wp-json\/wp\/v2\/media\/18306"}],"wp:attachment":[{"href":"https:\/\/www.europesays.com\/no\/wp-json\/wp\/v2\/media?parent=18305"}],"wp:term":[{"taxonomy":"category","embeddable":true,"href":"https:\/\/www.europesays.com\/no\/wp-json\/wp\/v2\/categories?post=18305"},{"taxonomy":"post_tag","embeddable":true,"href":"https:\/\/www.europesays.com\/no\/wp-json\/wp\/v2\/tags?post=18305"}],"curies":[{"name":"wp","href":"https:\/\/api.w.org\/{rel}","templated":true}]}}