{"id":183132,"date":"2026-03-09T23:09:11","date_gmt":"2026-03-09T23:09:11","guid":{"rendered":"https:\/\/www.europesays.com\/no\/183132\/"},"modified":"2026-03-09T23:09:11","modified_gmt":"2026-03-09T23:09:11","slug":"line-victoria-husby-sorensen-42-har-fatt-brystkreft","status":"publish","type":"post","link":"https:\/\/www.europesays.com\/no\/183132\/","title":{"rendered":"Line Victoria Husby-S\u00f8rensen (42) har f\u00e5tt brystkreft"},"content":{"rendered":"\n<p class=\"_lead_145nj_2 _lead_6fko5_53 layout-component text-serif-m layout-normal text-serif-l layout-component layout-wide layout-padded _wide_17hqh_1 layout-padded\">Hun er kjent som programleder p\u00e5 TV og influencer.<\/p>\n<p><img alt=\"Husby-S\u00f8rensen da VG m\u00f8tte henne i august 2025. Foto: Lena Rustan Fidjestad \/ VG\" class=\"_image_1kupn_65 layout-component layout-wide\" data-fullscreen- data-track-element-type=\"Article image fullscreen\" data-track-name=\"ImageFullscreen\" fetchpriority=\"high\" decoding=\"sync\" loading=\"eager\" height=\"4480\" itemprop=\"image\"  src=\"https:\/\/www.europesays.com\/no\/wp-content\/uploads\/2026\/03\/d2275cb9-d678-421a-94d0-05e20d0e1a6a.jpeg\"  style=\"object-position:0% 0%\" width=\"6720\"\/>Husby-S\u00f8rensen da VG m\u00f8tte henne i august 2025. Foto: Lena Rustan Fidjestad \/ VG<\/p>\n<ul aria-hidden=\"true\" class=\"_images_ntbth_112\">\n<li><a class=\"_link_ntbth_117\" href=\"https:\/\/www.vg.no\/forfatter\/joakim-midtboe-viland\" style=\"z-index:2\" title=\"Joakim Midtb\u00f8 Viland\" rel=\"nofollow noopener\" target=\"_blank\"><img alt=\"Bilde av Joakim Midtb\u00f8 Viland\" class=\"_image_ntbth_93\" fetchpriority=\"low\" loading=\"lazy\" decoding=\"async\" itemprop=\"image\"  src=\"https:\/\/www.europesays.com\/no\/wp-content\/uploads\/2026\/03\/1773097749_743_27726afb-18dd-471c-8b60-34201a4c4864.jpeg\"  width=\"480\"\/><\/a><\/li>\n<li><a class=\"_link_ntbth_117\" href=\"https:\/\/www.vg.no\/forfatter\/julia-muggerud\" style=\"z-index:1\" title=\"Julia Muggerud\" rel=\"nofollow noopener\" target=\"_blank\"><img alt=\"Bilde av Julia Muggerud\" class=\"_image_ntbth_93\" fetchpriority=\"low\" loading=\"lazy\" decoding=\"async\" itemprop=\"image\"  src=\"https:\/\/www.europesays.com\/no\/wp-content\/uploads\/2026\/03\/1773097749_438_a814801e-6b48-4102-995e-2968200a9f77.jpeg\"  width=\"480\"\/><\/a><\/li>\n<\/ul>\n<p> Oppdatert mandag 9. mars kl. 22:07     <\/p>\n<p class=\"_paragraph_145nj_4 _paragraph_6fko5_10 layout-component text-serif-m layout-normal text-serif-m layout-padded\"><a href=\"https:\/\/www.vg.no\/tag\/line-victoria-husby-soerensen?utm_source=vg-article&amp;utm_medium=auto-tagger&amp;utm_campaign=gkw7qJ\" class=\"_link_145nj_39\" rel=\"nofollow noopener\" target=\"_blank\">Line Victoria Husby-S\u00f8rensen<\/a> har v\u00e6rt programleder for TVNorges \u00abMess-TV\u00bb, og TV 2s ungdomsprogram \u00abSonen\u00bb, \u00abKjendisjakten\u00bb og \u00abFrokostquiz\u00bb. I dag er hun influencer og foredragsholder.<\/p>\n<p class=\"_paragraph_145nj_4 _paragraph_6fko5_10 layout-component text-serif-m layout-normal text-serif-m layout-padded\">Mandag kveld deler hun at hun har f\u00e5tt brystkreft i en video p\u00e5 Instagram. I innlegget skriver hun:<\/p>\n<p class=\"_paragraph_145nj_4 _paragraph_6fko5_10 layout-component text-serif-m layout-normal text-serif-m layout-padded\">\u00abS\u00e5 ble det min tur. For en uke siden fikk jeg beskjeden om \u00e5 mobilisere kroppen til en ny kamp, samme beskjeden som 4000 andre kvinner f\u00f8r meg f\u00e5r hvert \u00e5r. Jeg er egentlig ikke s\u00e5 sint. Det burde jeg kanskje v\u00e6rt, siden kampviljen min har f\u00e5tt seg noen smeller de siste \u00e5rene &#8211; men \u00e5 trekke dette vinnerloddet i verdens kjipeste lotteri &#8211; den s\u00e5 jeg ikke komme!<\/p>\n<p class=\"_paragraph_145nj_4 _paragraph_6fko5_10 layout-component text-serif-m layout-normal text-serif-m layout-padded\">Men h\u00f8r n\u00e5 &#8211; s\u00e5 uendelig mange kvinner (og menn) har tr\u00e5kket opp stien i denne kampen &#8211; f\u00f8r meg, n\u00e5 sammen med meg, og la meg v\u00e6re med \u00e5 tr\u00e5kke veien videre for alle de andre som kommer til \u00e5 trekke det samme loddet som meg i fremtiden. Straks f\u00e5r jeg vite hva slags fest i Norges fantastiske helsevesen planlegger for meg n\u00e5r behandlingsplanen er p\u00e5 plass.\u00bb<\/p>\n<p class=\"_paragraph_145nj_4 _paragraph_6fko5_10 layout-component text-serif-m layout-normal text-serif-m layout-padded\"><strong class=\"_strong_145nj_25\">Husby  skriver videre:<\/strong><\/p>\n<p class=\"_paragraph_145nj_4 _paragraph_6fko5_10 layout-component text-serif-m layout-normal text-serif-m layout-padded\">\u00abGalgenhumoren er som vanlig p\u00e5 plass, gnisten er der, boksehansker p\u00e5 &#8211; la meg komme med en advarsel: Brystkreft fucker med feil person n\u00e5!\u00bb<\/p>\n<p class=\"_paragraph_145nj_4 _paragraph_6fko5_10 layout-component text-serif-m layout-normal text-serif-m layout-padded\"><strong class=\"_strong_145nj_25\">VG har v\u00e6rt i kontakt Husby-S\u00f8rensen. Hun vil forel\u00f8pig ikke kommentere dette ytterligere.<\/strong><\/p>\n<p>\u2013 Trodde det var en fettklump<\/p>\n<p class=\"_paragraph_145nj_4 _paragraph_6fko5_10 layout-component text-serif-m layout-normal text-serif-m layout-padded\">I videoen beskriver en tydelig preget Husby-S\u00f8rensen hvordan hun oppdaget kreften.<\/p>\n<p class=\"_paragraph_145nj_4 _paragraph_6fko5_10 layout-component text-serif-m layout-normal text-serif-m layout-padded\">\u2013 Jeg vet ikke om dere ser det. Men her g\u00e5r det innover. Det er et s\u00f8kk her. Her ser du hudinndragningen.<\/p>\n<p class=\"_paragraph_145nj_4 _paragraph_6fko5_10 layout-component text-serif-m layout-normal text-serif-m layout-padded\">\u2013 Jeg trodde det bare var en fettklump.<\/p>\n<p class=\"_paragraph_145nj_4 _paragraph_6fko5_10 layout-component text-serif-m layout-normal text-serif-m layout-padded\">Det viser seg at kulen er brystkreft. Under instagram-innlegget f\u00e5r hun massiv st\u00f8tte fra andre kjendiser.<\/p>\n<p class=\"_paragraph_145nj_4 _paragraph_6fko5_10 layout-component text-serif-m layout-normal text-serif-m layout-padded\">B\u00e5de Julianne Nug\u00e5rd, kjent som \u00abPilotfrue\u00bb, Martine Halvorsen og mamma-influenceren Marit Bakkli har kommentert innlegget.<\/p>\n<p class=\"_paragraph_145nj_4 _paragraph_6fko5_10 layout-component text-serif-m layout-normal text-serif-m layout-padded\">Ogs\u00e5 influenser Iselin Guttormsen skriver i kommentarfeltet at hun sender uendelig med styrke og klemmer til Line Victoria.<\/p>\n<p>Hadde hjerneslag i 2024<\/p>\n<p class=\"_paragraph_145nj_4 _paragraph_6fko5_10 layout-component text-serif-m layout-normal text-serif-m layout-padded\">Det er ikke f\u00f8rste gang hun \u00e5pner opp om helseutfordringer. I 2024 hadde hun hjernebl\u00f8dning. Det delte hun \u00e5pent om til <a href=\"https:\/\/www.vg.no\/i\/0V1QoJ\" data-track-element-type=\"Link\" data-track-id=\"link:0V1QoJ\" class=\"_link_145nj_39\" rel=\"nofollow noopener\" target=\"_blank\">VG<\/a>. Moren hennes, Marit Husby, d\u00f8de av hjernebl\u00f8dning da hun var 53 \u00e5r gammel.<\/p>\n<p class=\"_paragraph_145nj_4 _paragraph_6fko5_10 layout-component text-serif-m layout-normal text-serif-m layout-padded\">Bestefaren ble rammet av en stor hjernebl\u00f8dning da han var 56 \u00e5r gammel. Han ble pleietrengende resten av livet.<\/p>\n<p>    <img decoding=\"async\" alt=\"Tips oss illustrasjon\" src=\"https:\/\/www.europesays.com\/no\/wp-content\/uploads\/2025\/10\/pssst-small.webp.webp\"\/>    <\/p>\n<p class=\"title-serif-s\">Har du tips?<\/p>\n<p class=\"text-sans-m\">Send oss informasjon, bilder eller video.<\/p>\n<p>  <a href=\"https:\/\/www.vg.no\/tips-oss\" rel=\"nofollow noopener\" target=\"_blank\"> Tips oss <\/a>      <\/p>\n","protected":false},"excerpt":{"rendered":"Hun er kjent som programleder p\u00e5 TV og influencer. Husby-S\u00f8rensen da VG m\u00f8tte henne i august 2025. Foto:&hellip;\n","protected":false},"author":2,"featured_media":183133,"comment_status":"","ping_status":"","sticky":false,"template":"","format":"standard","meta":{"footnotes":"","_share_on_mastodon":"0"},"categories":[5],"tags":[31,20,21,2138,24,25,15,19,22,23,18627,17,18,13,30,28,29,14,16,26,27],"class_list":["post-183132","post","type-post","status-publish","format-standard","has-post-thumbnail","category-overskrifter","tag-breaking","tag-breaking-news","tag-breakingnews","tag-brystkreft","tag-featured-news","tag-featurednews","tag-headlines","tag-hovedoppslag","tag-latest-news","tag-latestnews","tag-line-victoria-husby-sorensen","tag-main-news","tag-mainnews","tag-news","tag-no","tag-norge","tag-norway","tag-nyheter","tag-overskrifter","tag-top-stories","tag-topstories"],"share_on_mastodon":{"url":"https:\/\/pubeurope.com\/@no\/116201741653154960","error":""},"_links":{"self":[{"href":"https:\/\/www.europesays.com\/no\/wp-json\/wp\/v2\/posts\/183132","targetHints":{"allow":["GET"]}}],"collection":[{"href":"https:\/\/www.europesays.com\/no\/wp-json\/wp\/v2\/posts"}],"about":[{"href":"https:\/\/www.europesays.com\/no\/wp-json\/wp\/v2\/types\/post"}],"author":[{"embeddable":true,"href":"https:\/\/www.europesays.com\/no\/wp-json\/wp\/v2\/users\/2"}],"replies":[{"embeddable":true,"href":"https:\/\/www.europesays.com\/no\/wp-json\/wp\/v2\/comments?post=183132"}],"version-history":[{"count":0,"href":"https:\/\/www.europesays.com\/no\/wp-json\/wp\/v2\/posts\/183132\/revisions"}],"wp:featuredmedia":[{"embeddable":true,"href":"https:\/\/www.europesays.com\/no\/wp-json\/wp\/v2\/media\/183133"}],"wp:attachment":[{"href":"https:\/\/www.europesays.com\/no\/wp-json\/wp\/v2\/media?parent=183132"}],"wp:term":[{"taxonomy":"category","embeddable":true,"href":"https:\/\/www.europesays.com\/no\/wp-json\/wp\/v2\/categories?post=183132"},{"taxonomy":"post_tag","embeddable":true,"href":"https:\/\/www.europesays.com\/no\/wp-json\/wp\/v2\/tags?post=183132"}],"curies":[{"name":"wp","href":"https:\/\/api.w.org\/{rel}","templated":true}]}}