{"id":183239,"date":"2026-03-10T04:28:06","date_gmt":"2026-03-10T04:28:06","guid":{"rendered":"https:\/\/www.europesays.com\/no\/183239\/"},"modified":"2026-03-10T04:28:06","modified_gmt":"2026-03-10T04:28:06","slug":"hasvik-brann-tre-personer-evakuert-etter-brann-apne-flammer-i-ventilator","status":"publish","type":"post","link":"https:\/\/www.europesays.com\/no\/183239\/","title":{"rendered":"Hasvik, Brann | Tre personer evakuert etter brann: \u2013 \u00c5pne flammer i ventilator"},"content":{"rendered":"\n<p>Politiet opplyser sent mandag kveld om r\u00f8ykutvikling i en enebolig i Hasvik.<\/p>\n<p>\u2013 Tre personer har blitt evakuert fra boligen og tilses av ambulansen p\u00e5 stedet. Brannvesenet er fremme og g\u00e5r gjennom boligen, og kan bekrefte at det har v\u00e6rt \u00e5pne flammer i en ventilator, opplyser operasjonsleder hos politiet, \u00d8yvind Johnson Holsbrekken.<\/p>\n<p>Han opplyser videre om fortsatt stor r\u00f8ykutvikling fra huset klokken 23:46.<\/p>\n","protected":false},"excerpt":{"rendered":"Politiet opplyser sent mandag kveld om r\u00f8ykutvikling i en enebolig i Hasvik. \u2013 Tre personer har blitt evakuert&hellip;\n","protected":false},"author":2,"featured_media":11753,"comment_status":"","ping_status":"","sticky":false,"template":"","format":"standard","meta":{"footnotes":"","_share_on_mastodon":"0"},"categories":[10],"tags":[36,367,20,21,24,25,5966,15,22,23,13,30,28,29,1478,14,16,1510,26,27],"class_list":["post-183239","post","type-post","status-publish","format-standard","has-post-thumbnail","category-norge","tag-art","tag-brann","tag-breaking-news","tag-breakingnews","tag-featured-news","tag-featurednews","tag-hasvik","tag-headlines","tag-latest-news","tag-latestnews","tag-news","tag-no","tag-norge","tag-norway","tag-nodetater","tag-nyheter","tag-overskrifter","tag-story","tag-top-stories","tag-topstories"],"share_on_mastodon":{"url":"https:\/\/pubeurope.com\/@no\/116202995955627645","error":""},"_links":{"self":[{"href":"https:\/\/www.europesays.com\/no\/wp-json\/wp\/v2\/posts\/183239","targetHints":{"allow":["GET"]}}],"collection":[{"href":"https:\/\/www.europesays.com\/no\/wp-json\/wp\/v2\/posts"}],"about":[{"href":"https:\/\/www.europesays.com\/no\/wp-json\/wp\/v2\/types\/post"}],"author":[{"embeddable":true,"href":"https:\/\/www.europesays.com\/no\/wp-json\/wp\/v2\/users\/2"}],"replies":[{"embeddable":true,"href":"https:\/\/www.europesays.com\/no\/wp-json\/wp\/v2\/comments?post=183239"}],"version-history":[{"count":0,"href":"https:\/\/www.europesays.com\/no\/wp-json\/wp\/v2\/posts\/183239\/revisions"}],"wp:featuredmedia":[{"embeddable":true,"href":"https:\/\/www.europesays.com\/no\/wp-json\/wp\/v2\/media\/11753"}],"wp:attachment":[{"href":"https:\/\/www.europesays.com\/no\/wp-json\/wp\/v2\/media?parent=183239"}],"wp:term":[{"taxonomy":"category","embeddable":true,"href":"https:\/\/www.europesays.com\/no\/wp-json\/wp\/v2\/categories?post=183239"},{"taxonomy":"post_tag","embeddable":true,"href":"https:\/\/www.europesays.com\/no\/wp-json\/wp\/v2\/tags?post=183239"}],"curies":[{"name":"wp","href":"https:\/\/api.w.org\/{rel}","templated":true}]}}