{"id":183395,"date":"2026-03-10T08:14:11","date_gmt":"2026-03-10T08:14:11","guid":{"rendered":"https:\/\/www.europesays.com\/no\/183395\/"},"modified":"2026-03-10T08:14:11","modified_gmt":"2026-03-10T08:14:11","slug":"isis-stottede-tenaringer-forsokte-massedrap-i-new-york","status":"publish","type":"post","link":"https:\/\/www.europesays.com\/no\/183395\/","title":{"rendered":"ISIS-st\u00f8ttede ten\u00e5ringer fors\u00f8kte massedrap i New York"},"content":{"rendered":"<p><strong>To menn fra Pennsylvania, 18 \u00e5r gamle Emir Balat og 19 \u00e5r gamle Ibrahim Kayumi, er siktet for f\u00f8derale terroranklager etter at de l\u00f8rdag fors\u00f8kte \u00e5 detonere hjemmelagde eksplosive enheter (IED) under en demonstrasjon utenfor Gracie Mansion, boligen til New Yorks borgermester Zohran Mamdani.<\/strong><\/p>\n<p>Hendelsen skjedde under en anti-islamistisk protest organisert av <a href=\"https:\/\/www.aol.com\/articles\/jake-lang-target-improvised-bombs-225700266.html\" rel=\"nofollow noopener\" target=\"_blank\">influenceren Jake Lang<\/a>, som kalte det \u00abStop the Islamist Takeover of New York City\u00bb. En st\u00f8rre motdemonstrasjon m\u00f8tte opp, og i kaoset tente og kastet de to mistenkte enheter fylt med muttere, bolter, skruer og TATP-eksplosiv mot demonstranter og politi.<\/p>\n<p>Videoopptak viser en av mennene som l\u00f8per med en tent enhet og slipper den like ved f\u00f8ttene til en politibetjent f\u00f8r han flykter. Enheten sluknet uten full detonasjon, og ingen ble skadet. Politiet bekrefter at enhetene var reelle bomber som kunne ha for\u00e5rsaket alvorlig skade eller d\u00f8d.<\/p>\n<blockquote class=\"twitter-tweet\" data-media-max-width=\"560\">\n<p lang=\"en\" dir=\"ltr\">This is by FAR the clearest footage we have seen of the man who lit the bomb, dropped it at an officer&#8217;s feet and fled.<\/p>\n<p>It happens so fast it&#8217;s hard to see, so I&#8217;ve slowed the footage and added arrows so you can see it.<\/p>\n<p>He literally drops it RIGHT AT the feet of an officer. <a href=\"https:\/\/t.co\/y5nMNh7ibK\" rel=\"nofollow\">pic.twitter.com\/y5nMNh7ibK<\/a><\/p>\n<p>\u2014 Matt Van Swol (@mattvanswol) <a href=\"https:\/\/twitter.com\/mattvanswol\/status\/2030994633950392571?ref_src=twsrc%5Etfw\" rel=\"nofollow noopener\" target=\"_blank\">March 9, 2026<\/a><\/p><\/blockquote>\n<p>\u00abJesus er konge, og han s\u00f8rget for at spikerbomben ikke gikk av\u00bb, sa Lang \u00f8yeblikk etter at eksplosivet ikke detonerte. \u00abTakk, Herre Gud. De kastet en spikerbombe mot oss, og den eksploderte ikke fordi Jesus fortsatt er p\u00e5 tronen i mitt liv.\u00bb<\/p>\n<p>NYPDs kommiss\u00e6r Jessica Tisch og f\u00f8derale p\u00e5talemyndigheter etterforsker saken som ISIS-inspirert terrorisme. Begge de arresterte ga uttalelser som st\u00f8tter dette: Kayumi ropte \u00abISIS\u00bb ved arrestasjon, begge har sett ISIS-propaganda, og Balat skrev en lojalitetserkl\u00e6ring til gruppen. De er siktet blant annet for fors\u00f8k p\u00e5 \u00e5 st\u00f8tte en utenlandsk terrororganisasjon, bruk av masse\u00f8deleggelsesv\u00e5pen og ulovlig transport av eksplosiver.<\/p>\n<p>    Kilder:<\/p>\n<p style=\"font-size: 0.9em; color: #666; margin-top: 15px;\">Kildene er basert p\u00e5 offisielle uttalelser fra NYPD, FBI, US Attorney\u2019s Office og st\u00f8rre nyhetsmedier. Saken er under etterforskning (per 10. mars 2026).<\/p>\n<p><script async src=\"https:\/\/platform.twitter.com\/widgets.js\" charset=\"utf-8\"><\/script><\/p>\n","protected":false},"excerpt":{"rendered":"To menn fra Pennsylvania, 18 \u00e5r gamle Emir Balat og 19 \u00e5r gamle Ibrahim Kayumi, er siktet for&hellip;\n","protected":false},"author":2,"featured_media":183396,"comment_status":"","ping_status":"","sticky":false,"template":"","format":"standard","meta":{"footnotes":"","_share_on_mastodon":"0"},"categories":[12],"tags":[18651,20,21,24,25,15,14468,2198,22,23,97,13,30,28,29,14,16,3686,26,27,42,43,44,45],"class_list":["post-183395","post","type-post","status-publish","format-standard","has-post-thumbnail","category-verden","tag-bombe","tag-breaking-news","tag-breakingnews","tag-featured-news","tag-featurednews","tag-headlines","tag-isis","tag-islam","tag-latest-news","tag-latestnews","tag-new-york","tag-news","tag-no","tag-norge","tag-norway","tag-nyheter","tag-overskrifter","tag-terror","tag-top-stories","tag-topstories","tag-verden","tag-world","tag-world-news","tag-worldnews"],"share_on_mastodon":{"url":"https:\/\/pubeurope.com\/@no\/116203885001414706","error":""},"_links":{"self":[{"href":"https:\/\/www.europesays.com\/no\/wp-json\/wp\/v2\/posts\/183395","targetHints":{"allow":["GET"]}}],"collection":[{"href":"https:\/\/www.europesays.com\/no\/wp-json\/wp\/v2\/posts"}],"about":[{"href":"https:\/\/www.europesays.com\/no\/wp-json\/wp\/v2\/types\/post"}],"author":[{"embeddable":true,"href":"https:\/\/www.europesays.com\/no\/wp-json\/wp\/v2\/users\/2"}],"replies":[{"embeddable":true,"href":"https:\/\/www.europesays.com\/no\/wp-json\/wp\/v2\/comments?post=183395"}],"version-history":[{"count":0,"href":"https:\/\/www.europesays.com\/no\/wp-json\/wp\/v2\/posts\/183395\/revisions"}],"wp:featuredmedia":[{"embeddable":true,"href":"https:\/\/www.europesays.com\/no\/wp-json\/wp\/v2\/media\/183396"}],"wp:attachment":[{"href":"https:\/\/www.europesays.com\/no\/wp-json\/wp\/v2\/media?parent=183395"}],"wp:term":[{"taxonomy":"category","embeddable":true,"href":"https:\/\/www.europesays.com\/no\/wp-json\/wp\/v2\/categories?post=183395"},{"taxonomy":"post_tag","embeddable":true,"href":"https:\/\/www.europesays.com\/no\/wp-json\/wp\/v2\/tags?post=183395"}],"curies":[{"name":"wp","href":"https:\/\/api.w.org\/{rel}","templated":true}]}}