{"id":183491,"date":"2026-03-10T09:59:08","date_gmt":"2026-03-10T09:59:08","guid":{"rendered":"https:\/\/www.europesays.com\/no\/183491\/"},"modified":"2026-03-10T09:59:08","modified_gmt":"2026-03-10T09:59:08","slug":"emilie-nereng-okonomi-haver-inn-skulle-gjort-dette-for-lenge-siden","status":"publish","type":"post","link":"https:\/\/www.europesays.com\/no\/183491\/","title":{"rendered":"Emilie Nereng, \u00d8konomi | H\u00e5ver inn: \u2013 Skulle gjort dette for lenge siden"},"content":{"rendered":"\n<p><a href=\"https:\/\/www.nettavisen.no\/kjendis\/emilie-nereng-investerer-store-summer-i-fond-slik-gjor-hun-det\/s\/5-95-2915062\" rel=\"Follow nofollow noopener\" target=\"_blank\">Nettavisen<\/a>: Etter Emilie \u00abVoe\u00bb Nerengs (30) comeback til offentligheten i 2019, etter at hun i 2017 la ned det som var en av Norges f\u00f8rste og mest leste blogger fra 2009, har karrieren igjen g\u00e5tt i riktig retning for H\u00f8nefoss-profilen.<\/p>\n<p>I \u00e5rene borte fra offentligheten tok Nereng en bachelorgrad i ern\u00e6ring ved H\u00f8yskolen Kristiania, og med Instagram-kontoen \u00abemilienutrition\u00bb var det liten tvil om hvilken retning hun \u00f8nsket \u00e5 ta.<\/p>\n<p>Som ern\u00e6ringsekspert, matinfluenser og gr\u00fcnder har karrieren mildt sagt skutt fart de siste \u00e5rene, og det har klirret godt i kassa for 30-\u00e5ringen.<\/p>\n<p>  <a href=\"https:\/\/www.ringblad.no\/5-45-2174412\" class=\"related-teaser has-image article--c-MkAkR\" rel=\"nofollow noopener\" target=\"_blank\"><\/p>\n<p>    <img decoding=\"async\" width=\"155\"  loading=\"lazy\"  src=\"https:\/\/www.europesays.com\/no\/wp-content\/uploads\/2026\/03\/NTB_bmU2AIJHFag.jpg\" alt=\"\" class=\"brick-c-cFOWSL\" style=\"\"\/><\/p>\n<p>\n            Les ogs\u00e5<\/p>\n<p>            Emilies bilde misbrukt i innlegg om voldtekt: \u2013 Helt sykt\n        <\/p>\n<p>  <\/a><br \/>\n  H\u00e5ver inn millioner<\/p>\n<p>If\u00f8lge Skattelistene hadde Nereng millioninntekt de to f\u00f8rste \u00e5rene etter comebacket, og siden den gang har hun h\u00e5vet inn b\u00e5de p\u00e5 sin egen alkoholfrie drikke, Vibe by Voe, men ogs\u00e5 gjennom flere TV- og realitydeltakelser.<\/p>\n<p>If\u00f8lge <a href=\"https:\/\/www.finansavisen.no\/medier\/2025\/06\/05\/8263871\/influenser-emilie-voe-nereng-haver-inn-etter-fyllemaraton-gar-mot-rekordar?zephr_sso_ott=Kl91OH\" rel=\"Follow nofollow noopener\" target=\"_blank\">Finansavisen<\/a> hadde Nereng salgsinntekter p\u00e5 rundt 2,2 millioner kroner i 2020, f\u00f8r dette steg til om lag 3,3 millioner kroner i 2023.<\/p>\n<p>Etter realitydeltakelsen i \u00abHelt ramme sporter\u00bb i fjor, der hun dritings fullf\u00f8rte et vinmaraton i beste sendetid p\u00e5 statskanalen sammen med programleder Nicolay Ramm, tok karrieren helt av.<\/p>\n<p>\u2013 \u00d8konomisk har \u00abHelt Ramme sporter\u00bb hatt veldig mye \u00e5 si for meg. Det har v\u00e6rt en vanvittig \u00f8kt interesse for meg innen TV, jeg har f\u00e5tt mange castingforesp\u00f8rsler og f\u00f8lgertallene mine p\u00e5 Instagram, Snapchat og TikTok har ogs\u00e5 \u00f8kt masse. Det g\u00e5r mot et rekord\u00e5r for meg \u00f8konomisk i 2025, uttalte Nereng til <a href=\"https:\/\/www.finansavisen.no\/medier\/2025\/06\/05\/8263871\/influenser-emilie-voe-nereng-haver-inn-etter-fyllemaraton-gar-mot-rekordar?zephr_sso_ott=Kl91OH\" rel=\"Follow nofollow noopener\" target=\"_blank\">Finansavisen<\/a> i juni i fjor.<\/p>\n<p>Pengene 30-\u00e5ringen har tjent de siste \u00e5rene har g\u00e5tt til <a href=\"https:\/\/www.nettavisen.no\/livsstil\/emilie-nereng-punget-ut-for-ny-leilighet-etter-bruddet\/s\/5-95-651252\" rel=\"Follow nofollow noopener\" target=\"_blank\">b\u00e5de leilighetskj\u00f8p<\/a>, hyttekj\u00f8p og <a href=\"https:\/\/www.nettavisen.no\/kjendis\/emilie-nereng-og-michael-hansson-punger-ut-for-to-dagers-bryllupsfest-pa-ingen-mate-billig\/s\/5-95-2468389\" rel=\"Follow nofollow noopener\" target=\"_blank\">et storsl\u00e5tt bryllup i Kroatia<\/a> \u2013 men det siste \u00e5ret har Nereng ogs\u00e5 lagt en plan for fremtidig investering.<\/p>\n<p>Investerte etter klar oppfordring fra ektemannen<\/p>\n<p>Den siste tiden har influenseren nemlig begynt \u00e5 investere store summer i fond.<\/p>\n<p>\u2013 Jeg synes egentlig det er veldig skummelt \u00e5 putte penger inn i fond og aksjer. Det er litt lettere n\u00e5r pengene bare st\u00e5r p\u00e5 en vanlig bankkonto, der jeg f\u00f8ler det er trygt, sier Nereng til Nettavisen i et intervju under pressedagene for det kommende TV 2-programet \u00abShowtime\u00bb tidligere i \u00e5r.<\/p>\n<p>Men hjemme har hun hatt en p\u00e5driver.<\/p>\n<p>\u2013 Jeg er jo blitt sammen med en sivil\u00f8konom som ikke skj\u00f8nner hvorfor jeg holder p\u00e5 med det, og mener at pengene m\u00e5 v\u00e6re i arbeid, sier hun, med henvisning til ektemannen Michael Hansson.<\/p>\n<p>   <img decoding=\"async\" width=\"3204\" height=\"2403\" fetchpriority=\"low\"  loading=\"lazy\"  src=\"https:\/\/www.europesays.com\/no\/wp-content\/uploads\/2026\/03\/37ADB10E-B811-4321-945B-6E73A0286CFB_1_201_a.jpeg\" alt=\"Oslo 20231207. &#10;nfluenser Emilie \u00abVoe\u00bb Nereng og forloveden Michael Hansson.   R\u00f8de l\u00f8per f\u00f8r premieren av den aller siste episoden av \" the=\"\" crown=\"\" p=\"\" operahuset=\"\" i=\"\" oslo.=\"\" foto:=\"\" terje=\"\" bendiksby=\"\" ntb=\"\" class=\"brick-c-cFOWSL\" style=\"--brick-image-ratio: 3204 \/ 2403;\"\/><\/p>\n<p>      P\u00c5DRIVER: Ektemannen Michael Hansson han v\u00e6rt en stor p\u00e5driver i Emilie Voe Nerengs fondsparing. Her er ekteparet avbildet p\u00e5 den r\u00f8d l\u00f8peren til premieren av den aller siste episoden av \u00abThe Crown\u00bb p\u00e5 operahuset i 2023.<br \/>\n      Foto: Terje Bendiksby (NTB)\n    <\/p>\n<p>Spesielt etter 2022 har Nereng hatt penger i firma som hun har hatt mulighet til \u00e5 sette av. Hun forteller at ektemannen lenge har sagt at hun burde satt av penger i fond, men at det tok lang tid f\u00f8r hun tok motet til seg. Da hun f\u00f8rst turte, og s\u00e5 hvor mye hun faktisk fikk i avkastning, inns\u00e5 hun at hun burde begynt \u00e5 investere for lenge siden.<\/p>\n<p>\u2013 Hadde jeg satt inn penger i fond f\u00f8rste gang han sa at jeg skulle gj\u00f8re det, s\u00e5 hadde jeg hatt mye mer penger n\u00e5, sier Nereng.<\/p>\n<p>Startet med en halv million<\/p>\n<p>Det f\u00f8rste steget inn i fond kom relativt nylig.<\/p>\n<p>\u2013 Jeg startet med 500.000 kroner i mars i fjor. S\u00e5 vokste det med 24 prosent. I desember satte jeg inn en million, og i januar overf\u00f8rte jeg 500.000 til, sier Nereng.<\/p>\n<p>Totalt har hun dermed investert rundt to millioner kroner i fond hittil.<\/p>\n<p>Da intervjuet med Nettavisen fant sted var avkastningen forel\u00f8pig p\u00e5 rundt 130.000 kroner.<\/p>\n<p>\u2013 Men pengene har ikke rukket \u00e5 jobbe s\u00e6rlig lenge enn\u00e5, sier hun.<\/p>\n<p>Ektemannen forklarer at store deler av gevinsten kommer fra den f\u00f8rste investeringen.<\/p>\n<p>\u2013 Avkastningen hun har tjent kommer fra de 500.000 kronene hun satte inn i mars i fjor. Det h\u00f8res ikke s\u00e5 mye ut at hun har tjent 130.000 kroner p\u00e5 to millioner, men det er fordi mesteparten av pengene kom inn senere, sier Hansson.<\/p>\n<p>Vil inspirere andre: \u2013 Enkelt \u00e5 komme i gang<\/p>\n<p>Selv sier Nereng at hun tidligere opplevde sparing i fond som komplisert.<\/p>\n<p>N\u00e5 mener hun det er enklere enn mange tror.<\/p>\n<p>\u2013 Det er ikke trading. Pengene bare st\u00e5r der i et fond. Det er egentlig en veldig effektiv m\u00e5te \u00e5 spare penger p\u00e5 uten \u00e5 gj\u00f8re noe s\u00e6rlig, sier hun.<\/p>\n<p>I sosiale medier har Nereng ogs\u00e5 delt \u00e5pent om sin egen \u00f8konomi og fondsparing. Hun forteller at motivasjonen for \u00e5 snakke om sparing offentlig ogs\u00e5 handler om \u00e5 gj\u00f8re terskelen lavere for andre.<\/p>\n<p>\u2013 Jeg tror det er ganske mange der ute som tenker at dette er noe man burde gjort for mange \u00e5r siden, eller noe man f\u00f8rst kan gj\u00f8re n\u00e5r man har masse penger. Men det er faktisk ikke noe \u00e5 vente p\u00e5, sier hun.<\/p>\n<p>Samtidig mener hun det ogs\u00e5 har gjort \u00f8konomi mer interessant.<\/p>\n<p>\u2013 Man ser hvordan verden henger sammen n\u00e5r man f\u00f8lger litt med i fond. Utspill fra Trump eller andre nyheter p\u00e5virker \u00f8konomien. Det er interessant \u00e5 se hvordan alt henger sammen.<\/p>\n<p>Selv har hun ingen planer om \u00e5 r\u00f8re pengene med det f\u00f8rste.<\/p>\n<p>\u2013 De pengene skal bare kose seg der i minst 50 \u00e5r til, sier Nereng.<\/p>\n","protected":false},"excerpt":{"rendered":"Nettavisen: Etter Emilie \u00abVoe\u00bb Nerengs (30) comeback til offentligheten i 2019, etter at hun i 2017 la ned&hellip;\n","protected":false},"author":2,"featured_media":182897,"comment_status":"","ping_status":"","sticky":false,"template":"","format":"standard","meta":{"footnotes":"","_share_on_mastodon":"0"},"categories":[58],"tags":[36,8976,71,350,30,28,29,572,1510,72],"class_list":["post-183491","post","type-post","status-publish","format-standard","has-post-thumbnail","category-underholdning","tag-art","tag-emilie-nereng","tag-entertainment","tag-fond","tag-no","tag-norge","tag-norway","tag-okonomi","tag-story","tag-underholdning"],"share_on_mastodon":{"url":"https:\/\/pubeurope.com\/@no\/116204297555277381","error":""},"_links":{"self":[{"href":"https:\/\/www.europesays.com\/no\/wp-json\/wp\/v2\/posts\/183491","targetHints":{"allow":["GET"]}}],"collection":[{"href":"https:\/\/www.europesays.com\/no\/wp-json\/wp\/v2\/posts"}],"about":[{"href":"https:\/\/www.europesays.com\/no\/wp-json\/wp\/v2\/types\/post"}],"author":[{"embeddable":true,"href":"https:\/\/www.europesays.com\/no\/wp-json\/wp\/v2\/users\/2"}],"replies":[{"embeddable":true,"href":"https:\/\/www.europesays.com\/no\/wp-json\/wp\/v2\/comments?post=183491"}],"version-history":[{"count":0,"href":"https:\/\/www.europesays.com\/no\/wp-json\/wp\/v2\/posts\/183491\/revisions"}],"wp:featuredmedia":[{"embeddable":true,"href":"https:\/\/www.europesays.com\/no\/wp-json\/wp\/v2\/media\/182897"}],"wp:attachment":[{"href":"https:\/\/www.europesays.com\/no\/wp-json\/wp\/v2\/media?parent=183491"}],"wp:term":[{"taxonomy":"category","embeddable":true,"href":"https:\/\/www.europesays.com\/no\/wp-json\/wp\/v2\/categories?post=183491"},{"taxonomy":"post_tag","embeddable":true,"href":"https:\/\/www.europesays.com\/no\/wp-json\/wp\/v2\/tags?post=183491"}],"curies":[{"name":"wp","href":"https:\/\/api.w.org\/{rel}","templated":true}]}}