{"id":18394,"date":"2025-08-26T10:28:57","date_gmt":"2025-08-26T10:28:57","guid":{"rendered":"https:\/\/www.europesays.com\/no\/18394\/"},"modified":"2025-08-26T10:28:57","modified_gmt":"2025-08-26T10:28:57","slug":"truer-kina-med-200-prosent-toll-de-ma-gi-oss-magneter","status":"publish","type":"post","link":"https:\/\/www.europesays.com\/no\/18394\/","title":{"rendered":"Truer Kina med 200 prosent toll: \u2013 De m\u00e5 gi oss magneter"},"content":{"rendered":"<p>Den amerikanske presidenten m\u00f8tte S\u00f8r-Koreas president Lee Jae Myung i Det hvite hus mandag kveld, og m\u00f8tte journalister etter m\u00f8tet. Der svarte han p\u00e5 sp\u00f8rsm\u00e5l om importen av sjeldne jordmagneter fra Kina, og om handelskrigen kan p\u00e5virke den.\u00a0<\/p>\n<p>\u00a0\u00abDe m\u00e5 gi oss magneter. Hvis de ikke gir oss magneter, m\u00e5 vi ilegge dem 200 prosent toll eller noe slikt,\u00bb svarte Trump if\u00f8lge <a href=\"https:\/\/www.cnbc.com\/2025\/08\/26\/trump-tariffs-china-rare-earth-magnets-exports.html\" rel=\"nofollow noopener\" target=\"_blank\">CNBC<\/a>.\u00a0<\/p>\n<p>\u00abJordmagneter\u00bb best\u00e5ende av sjeldne metaller som for eksempel neodym, praseodym, samarium eller dysprosium, har unike elektroniske egenskaper som gir dem sv\u00e6rt sterke magnetiske felt sammenlignet med vanlige magneter.\u00a0<\/p>\n<p>De vanligste er Neodum-magneter og Samarium-kobolt-magneter. Ettersom de er sv\u00e6rt sterke til tross for liten st\u00f8rrelse, er de nesten uunnv\u00e6rlige i moderne teknologi som sm\u00e5elektronikk, elbiler, vindm\u00f8ller og mye annet.<\/p>\n<p><b>Kina dominerer imidlertid markedet med om lag 90 prosent av verdens produksjon, samt raffineringen av metallene som brukes. USA, EU og andre land er derfor sv\u00e6rt avhengig av importen fra Kina.<\/b><\/p>\n<p>Det skal ogs\u00e5 nevnes at Norge har forekomster av sjeldne jordarter ved Fensfeltet i Telemark.\u00a0<\/p>\n<p class=\"subhead\" data-element-type=\"subhead\" data-element-label=\"Mellomtittel\">Truer med flydelmangel<\/p>\n<p>Trump truet ogs\u00e5 med nye restriksjoner p\u00e5 flydeler:<\/p>\n<p>\u00ab200 av deres fly kunne ikke fly fordi vi med vilje ikke ga dem Boeing-deler, ettersom de ikke ga oss magneter\u00bb, sa Trump og viste til tidligere i handelskrigen.<\/p>\n<p>Den amerikanske flykjempen Boeing er i sluttfasen av diskusjonene med Kina om en gigantavtale for salg av inntil 500 fly. Partene fullf\u00f8rer n\u00e5 detaljene om flymodeller, typer og leveringsplaner.\u00a0<\/p>\n<p class=\"subhead\" data-element-type=\"subhead\" data-element-label=\"Mellomtittel\">\u2013 Bl\u00f8ffer<\/p>\n<p>Henry Wang, grunnlegger og president for tenketanken Center for China &amp; Globalization i Beijing, kommenterte til CNBC at Trump bl\u00f8ffer for \u00e5 komme n\u00e6rmere en handelsavtale med Kina.\u00a0<\/p>\n<p>\u00abHan bl\u00f8ffer. Han snakker alltid stort om toll eller mulige straffetiltak, men vi b\u00f8r ikke bli fanget i retorikken\u00bb, skal han ha sagt, og la til at den virkelige testen b\u00f8r v\u00e6re begge parters innsats i \u00e5 gjennomf\u00f8re avtalene.<\/p>\n<p>USA og Kina inngikk i juni en v\u00e5penhvile i handelskrigen der de ble enige om\u00a0lettelser i kontrollene p\u00e5 kinesisk eksport av sjeldne jordarter, samt en nedtrapping av enkelte amerikanske teknologirestriksjoner p\u00e5 leveranser til Kina. De ble ogs\u00e5 enige om \u00e5 redusere tollsatser p\u00e5 hverandres varer til rundt henholdsvis 55 og 32 prosent. Den midlertidige v\u00e5penhvilen utl\u00f8per i midten av november.<\/p>\n<p class=\"subhead\" data-element-type=\"subhead\" data-element-label=\"Mellomtittel\">M\u00f8tes i Washington<\/p>\n<p>En kinesisk handelsforhandler skal reise til Washington DC denne uken for \u00e5 starte dialog med USA, skriver <a href=\"https:\/\/www.wsj.com\/world\/china\/top-chinese-trade-negotiator-set-to-head-to-u-s-as-talks-resume-b2c3f913?mod=hp_lead_pos4\" rel=\"nofollow noopener\" target=\"_blank\">Wall Street Journal<\/a> med henvisning til ikke-navngitte kilder som skal ha kjennskap til saken.\u00a0<\/p>\n<p>Li Chenggang, den n\u00e6reste assistenten til Beijings hovedforhandler He Lifeng, skal if\u00f8lge avisen m\u00f8te nestlederne til den amerikanske handelsrepresentanten Jamieson Greer og personer i finansdepartementet senere denne uken, opplyser kildene. Li skal etter planen ogs\u00e5 m\u00f8te representanter for det amerikanske n\u00e6ringslivet.<\/p>\n","protected":false},"excerpt":{"rendered":"Den amerikanske presidenten m\u00f8tte S\u00f8r-Koreas president Lee Jae Myung i Det hvite hus mandag kveld, og m\u00f8tte journalister&hellip;\n","protected":false},"author":2,"featured_media":18395,"comment_status":"","ping_status":"","sticky":false,"template":"","format":"standard","meta":{"footnotes":""},"categories":[12],"tags":[20,21,55,24,25,438,15,413,22,23,13,30,28,29,14,16,26,27,50,42,43,44,45],"class_list":{"0":"post-18394","1":"post","2":"type-post","3":"status-publish","4":"format-standard","5":"has-post-thumbnail","7":"category-verden","8":"tag-breaking-news","9":"tag-breakingnews","10":"tag-donald-trump","11":"tag-featured-news","12":"tag-featurednews","13":"tag-handelskrig","14":"tag-headlines","15":"tag-kina","16":"tag-latest-news","17":"tag-latestnews","18":"tag-news","19":"tag-no","20":"tag-norge","21":"tag-norway","22":"tag-nyheter","23":"tag-overskrifter","24":"tag-top-stories","25":"tag-topstories","26":"tag-usa","27":"tag-verden","28":"tag-world","29":"tag-world-news","30":"tag-worldnews"},"share_on_mastodon":{"url":"","error":""},"_links":{"self":[{"href":"https:\/\/www.europesays.com\/no\/wp-json\/wp\/v2\/posts\/18394","targetHints":{"allow":["GET"]}}],"collection":[{"href":"https:\/\/www.europesays.com\/no\/wp-json\/wp\/v2\/posts"}],"about":[{"href":"https:\/\/www.europesays.com\/no\/wp-json\/wp\/v2\/types\/post"}],"author":[{"embeddable":true,"href":"https:\/\/www.europesays.com\/no\/wp-json\/wp\/v2\/users\/2"}],"replies":[{"embeddable":true,"href":"https:\/\/www.europesays.com\/no\/wp-json\/wp\/v2\/comments?post=18394"}],"version-history":[{"count":0,"href":"https:\/\/www.europesays.com\/no\/wp-json\/wp\/v2\/posts\/18394\/revisions"}],"wp:featuredmedia":[{"embeddable":true,"href":"https:\/\/www.europesays.com\/no\/wp-json\/wp\/v2\/media\/18395"}],"wp:attachment":[{"href":"https:\/\/www.europesays.com\/no\/wp-json\/wp\/v2\/media?parent=18394"}],"wp:term":[{"taxonomy":"category","embeddable":true,"href":"https:\/\/www.europesays.com\/no\/wp-json\/wp\/v2\/categories?post=18394"},{"taxonomy":"post_tag","embeddable":true,"href":"https:\/\/www.europesays.com\/no\/wp-json\/wp\/v2\/tags?post=18394"}],"curies":[{"name":"wp","href":"https:\/\/api.w.org\/{rel}","templated":true}]}}