{"id":18398,"date":"2025-08-26T10:31:11","date_gmt":"2025-08-26T10:31:11","guid":{"rendered":"https:\/\/www.europesays.com\/no\/18398\/"},"modified":"2025-08-26T10:31:11","modified_gmt":"2025-08-26T10:31:11","slug":"odegaard-tatt-ut-til-landskampene-det-er-hap","status":"publish","type":"post","link":"https:\/\/www.europesays.com\/no\/18398\/","title":{"rendered":"\u00d8degaard tatt ut til landskampene: \u2013 Det er h\u00e5p"},"content":{"rendered":"<p>     Spill Profeten   <img decoding=\"async\" class=\"_confettiImage_b81ng_95\" src=\"https:\/\/www.europesays.com\/no\/wp-content\/uploads\/2025\/08\/SzwcSxt.png\" alt=\"\" fetchpriority=\"high\" loading=\"eager\"\/>   <img decoding=\"async\" class=\"_playerImage_b81ng_83\" src=\"https:\/\/www.europesays.com\/no\/wp-content\/uploads\/2025\/08\/U9NvSiG.png\" alt=\"profeten-promo-player\" fetchpriority=\"high\" loading=\"eager\"\/>     <\/p>\n<p class=\"_lead_1bvmi_2 _lead_xtcu6_50 layout-component text-serif-m layout-normal text-serif-l layout-component layout-wide layout-padded _wide_17hqh_1 layout-padded\">Landslagskaptein Martin \u00d8degaard (26) gikk av med skulderskade l\u00f8rdag, men ble tatt ut i St\u00e5le Solbakkens tropp.<\/p>\n<p> <img class=\"_image_qp4xg_65 layout-component layout-wide\" data-fullscreen- data-track-element-type=\"Article image fullscreen\" data-track-name=\"ImageFullscreen\" fetchpriority=\"high\" decoding=\"sync\" loading=\"eager\" height=\"102\" itemprop=\"image\"  src=\"https:\/\/www.europesays.com\/no\/wp-content\/uploads\/2025\/08\/83e1728d5831005c09e5c86f9d570255.jpg\"  style=\"object-position:50% 50%;aspect-ratio:1.75;height:auto;object-fit:cover;width:100%\" width=\"102\"\/>  Ullevaal Stadion Oppdatert tirsdag 26. august kl. 12:29     <\/p>\n<p class=\"_paragraph_1bvmi_4 _paragraph_xtcu6_10 layout-component text-serif-m layout-normal text-serif-m layout-padded\">Tirsdag tok St\u00e5le Solbakken ut troppen til septembersamlingen hvor Norge skal m\u00f8te Finland (privatlandskamp) og Moldova (VM-kvalifisering). <\/p>\n<p class=\"_paragraph_1bvmi_4 _paragraph_xtcu6_10 layout-component text-serif-m layout-normal text-serif-m layout-padded\">Arsenal-spiller Martin \u00d8degaard ble skadet i klubblagets kamp mot Leeds l\u00f8rdag.<\/p>\n<p class=\"_paragraph_1bvmi_4 _paragraph_xtcu6_10 layout-component text-serif-m layout-normal text-serif-m layout-padded\">VG spurte om Solbakken frykter \u00e5 havne i en skvis med Arsenal.<\/p>\n<p class=\"_paragraph_1bvmi_4 _paragraph_xtcu6_10 layout-component text-serif-m layout-normal text-serif-m layout-padded\"><strong class=\"_strong_1bvmi_25\">\u2013 N\u00e5 m\u00e5 vi se, n\u00e5 er han i Arsenal sine hender. De har kamp s\u00f8ndag (mot Liverpool), vi f\u00e5r ikke gjort noe med det herfra, sier Solbakken. <\/strong><\/p>\n<p class=\"_paragraph_1bvmi_4 _paragraph_xtcu6_10 layout-component text-serif-m layout-normal text-serif-m layout-padded\">Solbakken forteller at landslagskapteinen hadde det vondt. <\/p>\n<p class=\"_paragraph_1bvmi_4 _paragraph_xtcu6_10 layout-component text-serif-m layout-normal text-serif-m layout-padded\">Solbakken m\u00f8tte pressen p\u00e5 Ullevaal stadion tirsdag klokken 12. <\/p>\n<p class=\"_paragraph_1bvmi_4 _paragraph_xtcu6_10 layout-component text-serif-m layout-normal text-serif-m layout-padded\"><strong class=\"_strong_1bvmi_25\">\u2013 Jeg vet ikke s\u00e5 mye. Det er noen unders\u00f8kelser og skanning. Han er tatt ut, s\u00e5 det er h\u00e5p, sier Solbakken til Dagbladet. <\/strong><\/p>\n<p class=\"_paragraph_1bvmi_4 _paragraph_xtcu6_10 layout-component text-serif-m layout-normal text-serif-m layout-padded\">\u2013 Det er kjedelig at han m\u00e5 g\u00e5 ut, men vi spilte fire og en halv kamp uten ham i Nations League, s\u00e5 skjer det, s\u00e5 klarer vi det ogs\u00e5, sier Solbakken til TV 2. <\/p>\n<p class=\"_paragraph_1bvmi_4 _paragraph_xtcu6_10 layout-component text-serif-m layout-normal text-serif-m layout-padded\">Landslagstreneren fikk ogs\u00e5 sp\u00f8rsm\u00e5l om konkrete ting med skaden, om det var brudd. <\/p>\n<p class=\"_paragraph_1bvmi_4 _paragraph_xtcu6_10 layout-component text-serif-m layout-normal text-serif-m layout-padded\">\u2013 Jeg er ikke lege. Men det var ett eller annet med en arm, svarer Solbakken. <\/p>\n<p>A-landslagstroppen mot Finland og MoldovaKeepere:<\/p>\n<p class=\"_paragraph_1bvmi_4 _paragraph_xtcu6_10 _paragraph_16v91_10 layout-component text-serif-m layout-normal text-sans-m layout-padded\" itemprop=\"text\">\u00d8rjan H\u00e5skjold Nyland \u2013 Sevilla<\/p>\n<p class=\"_paragraph_1bvmi_4 _paragraph_xtcu6_10 _paragraph_16v91_10 layout-component text-serif-m layout-normal text-sans-m layout-padded\" itemprop=\"text\">Mathias L\u00f8nne Dyngeland \u2013 Brann<\/p>\n<p class=\"_paragraph_1bvmi_4 _paragraph_xtcu6_10 _paragraph_16v91_10 layout-component text-serif-m layout-normal text-sans-m layout-padded\" itemprop=\"text\">Egil Selvik \u2013 Watford<\/p>\n<p>Forsvar:<\/p>\n<p class=\"_paragraph_1bvmi_4 _paragraph_xtcu6_10 _paragraph_16v91_10 layout-component text-serif-m layout-normal text-sans-m layout-padded\" itemprop=\"text\">Kristoffer Vassbakk Ajer \u2013 Brentford<\/p>\n<p class=\"_paragraph_1bvmi_4 _paragraph_xtcu6_10 _paragraph_16v91_10 layout-component text-serif-m layout-normal text-sans-m layout-padded\" itemprop=\"text\">Tobias Guddal \u2013 Troms\u00f8<\/p>\n<p class=\"_paragraph_1bvmi_4 _paragraph_xtcu6_10 _paragraph_16v91_10 layout-component text-serif-m layout-normal text-sans-m layout-padded\" itemprop=\"text\">Fredrik Andr\u00e9 Bj\u00f8rkan \u2013 Bod\u00f8-Glimt<\/p>\n<p class=\"_paragraph_1bvmi_4 _paragraph_xtcu6_10 _paragraph_16v91_10 layout-component text-serif-m layout-normal text-sans-m layout-padded\" itemprop=\"text\">Andreas Hanche-Olsen \u2013 Mainz<\/p>\n<p class=\"_paragraph_1bvmi_4 _paragraph_xtcu6_10 _paragraph_16v91_10 layout-component text-serif-m layout-normal text-sans-m layout-padded\" itemprop=\"text\">Torbj\u00f8rn Heggem \u2013 Bologna<\/p>\n<p class=\"_paragraph_1bvmi_4 _paragraph_xtcu6_10 _paragraph_16v91_10 layout-component text-serif-m layout-normal text-sans-m layout-padded\" itemprop=\"text\">Marcus Holmgren Pedersen \u2013 Torino<\/p>\n<p class=\"_paragraph_1bvmi_4 _paragraph_xtcu6_10 _paragraph_16v91_10 layout-component text-serif-m layout-normal text-sans-m layout-padded\" itemprop=\"text\">Julian Ryerson \u2013 Borussia Dortmund<\/p>\n<p class=\"_paragraph_1bvmi_4 _paragraph_xtcu6_10 _paragraph_16v91_10 layout-component text-serif-m layout-normal text-sans-m layout-padded\" itemprop=\"text\">David M\u00f8ller Wolfe \u2013 Wolverhampton<\/p>\n<p class=\"_paragraph_1bvmi_4 _paragraph_xtcu6_10 _paragraph_16v91_10 layout-component text-serif-m layout-normal text-sans-m layout-padded\" itemprop=\"text\">Leo Skiri \u00d8stig\u00e5rd \u2013 Genoa<\/p>\n<p>Midtbane:<\/p>\n<p class=\"_paragraph_1bvmi_4 _paragraph_xtcu6_10 _paragraph_16v91_10 layout-component text-serif-m layout-normal text-sans-m layout-padded\" itemprop=\"text\">Patrick Berg \u2013 Bod\u00f8-Glimt<\/p>\n<p class=\"_paragraph_1bvmi_4 _paragraph_xtcu6_10 _paragraph_16v91_10 layout-component text-serif-m layout-normal text-sans-m layout-padded\" itemprop=\"text\">Sander Berge \u2013 Fulham<\/p>\n<p class=\"_paragraph_1bvmi_4 _paragraph_xtcu6_10 _paragraph_16v91_10 layout-component text-serif-m layout-normal text-sans-m layout-padded\" itemprop=\"text\">Oscar Bobb \u2013 Manchester City<\/p>\n<p class=\"_paragraph_1bvmi_4 _paragraph_xtcu6_10 _paragraph_16v91_10 layout-component text-serif-m layout-normal text-sans-m layout-padded\" itemprop=\"text\">Aron D\u00f8nnum \u2013 Toulouse<\/p>\n<p class=\"_paragraph_1bvmi_4 _paragraph_xtcu6_10 _paragraph_16v91_10 layout-component text-serif-m layout-normal text-sans-m layout-padded\" itemprop=\"text\">Felix Horn Myhre \u2013 Brann<\/p>\n<p class=\"_paragraph_1bvmi_4 _paragraph_xtcu6_10 _paragraph_16v91_10 layout-component text-serif-m layout-normal text-sans-m layout-padded\" itemprop=\"text\">Antonio Nusa \u2013 RB Leipzig<\/p>\n<p class=\"_paragraph_1bvmi_4 _paragraph_xtcu6_10 _paragraph_16v91_10 layout-component text-serif-m layout-normal text-sans-m layout-padded\" itemprop=\"text\">Andreas Schjelderup \u2013 Benfica<\/p>\n<p class=\"_paragraph_1bvmi_4 _paragraph_xtcu6_10 _paragraph_16v91_10 layout-component text-serif-m layout-normal text-sans-m layout-padded\" itemprop=\"text\">Morten Thorsby \u2013 Genoa<\/p>\n<p class=\"_paragraph_1bvmi_4 _paragraph_xtcu6_10 _paragraph_16v91_10 layout-component text-serif-m layout-normal text-sans-m layout-padded\" itemprop=\"text\">Martin \u00d8degaard \u2013 Arsenal FC<\/p>\n<p class=\"_paragraph_1bvmi_4 _paragraph_xtcu6_10 _paragraph_16v91_10 layout-component text-serif-m layout-normal text-sans-m layout-padded\" itemprop=\"text\">Thelonious Aasgaard \u2013 Rangers FC<\/p>\n<p>Angrep:<\/p>\n<p class=\"_paragraph_1bvmi_4 _paragraph_xtcu6_10 _paragraph_16v91_10 layout-component text-serif-m layout-normal text-sans-m layout-padded\" itemprop=\"text\">Erling Braut Haaland \u2013 Manchester City FC<\/p>\n<p class=\"_paragraph_1bvmi_4 _paragraph_xtcu6_10 _paragraph_16v91_10 layout-component text-serif-m layout-normal text-sans-m layout-padded\" itemprop=\"text\">J\u00f8rgen Strand Larsen \u2013 Wolverhampton Wanderers FC<\/p>\n<p class=\"_paragraph_1bvmi_4 _paragraph_xtcu6_10 _paragraph_16v91_10 layout-component text-serif-m layout-normal text-sans-m layout-padded\" itemprop=\"text\">Alexander S\u00f8rloth \u2013 Atl\u00e9tico de Madrid<\/p>\n<p class=\"_paragraph_1bvmi_4 _paragraph_xtcu6_10 layout-component text-serif-m layout-normal text-serif-m layout-padded\">\u00d8degaard p\u00e5dro seg <a href=\"https:\/\/www.vg.no\/sport\/i\/5ExE01\/skadesmell-for-martin-oedegaard\" data-track-element-type=\"Link\" data-track-id=\"link:5ExE01\" class=\"_link_1bvmi_39\" rel=\"nofollow noopener\" target=\"_blank\">skaden<\/a> et dr\u00f8yt kvarter inn i l\u00f8rdagens kamp mot Leeds i Premier League. \u00d8degaard gikk ned og tok seg til skulderen, men spilte videre. Landslagskapteinen tok seg til skulderen og s\u00e5 preget ut frem til han ble byttet ut like f\u00f8r pause.<\/p>\n<p class=\"_paragraph_1bvmi_4 _paragraph_xtcu6_10 layout-component text-serif-m layout-normal text-serif-m layout-padded\">S\u00f8ndag kom nyheten om at Arsenal <a href=\"https:\/\/www.vg.no\/sport\/i\/MnK7vo\/oedegaard-arrangement-utsatt-etter-skadesmellen-maa-ha-behandling\" data-track-element-type=\"Link\" data-track-id=\"link:MnK7vo\" class=\"_link_1bvmi_39\" rel=\"nofollow noopener\" target=\"_blank\">avlyste<\/a> et arrangement med \u00d8degaard, fordi midtbanespilleren trengte behandling. Mandag skrev <a href=\"https:\/\/www.vg.no\/sport\/i\/lwGM37\/arsenal-stjernene-oedegaard-og-saka-med-skader-foer-liverpool\" data-track-element-type=\"Link\" data-track-id=\"link:lwGM37\" class=\"_link_1bvmi_39\" rel=\"nofollow noopener\" target=\"_blank\">BBC<\/a> at toppkampen mot Liverpool s\u00f8ndag st\u00e5r i fare.<\/p>\n<p class=\"_paragraph_1bvmi_4 _paragraph_xtcu6_10 layout-component text-serif-m layout-normal text-serif-m layout-padded\">\u00d8degaard mistet store deler av fjor\u00e5rets h\u00f8st etter skaden han p\u00e5dro seg for Norge mot \u00d8sterrike i september. Midtbaneeleganten spilte ikke flere landskamper den h\u00f8sten &#8211; og var f\u00f8rst tilbake mot Chelsea i midten av november.<\/p>\n<p class=\"_paragraph_1bvmi_4 _paragraph_xtcu6_10 layout-component text-serif-m layout-normal text-serif-m layout-padded\">Solbakken forteller at mange av spillerne som spiller mot Finland skal spille mot Moldova i VM-kvalik, dermed er det f\u00e6rre spillere som f\u00e5r mulighet til \u00e5 vise seg frem p\u00e5 denne samlingen. <\/p>\n<p class=\"_paragraph_1bvmi_4 _paragraph_xtcu6_10 layout-component text-serif-m layout-normal text-serif-m layout-padded\"><strong class=\"_strong_1bvmi_25\">Brentford-spiller Kristoffer Ajer ble ogs\u00e5 tema p\u00e5 pressetreffet. Landslagstreneren fikk sp\u00f8rsm\u00e5l om Ajer b\u00f8r bytte klubb. Solbakken er tydelig p\u00e5 at Ajer b\u00f8r spille mer. <\/strong><\/p>\n<p><img alt=\"VONDT: Martin \u00d8degaard under kampen mot Leeds l\u00f8rdag.   Foto: David Klein \/ Reuters \/ NTB\" class=\"_image_qp4xg_65 layout-component layout-normal\" data-fullscreen- data-track-element-type=\"Article image fullscreen\" data-track-name=\"ImageFullscreen\" decoding=\"async\" loading=\"lazy\" height=\"1282\" itemprop=\"image\"  src=\"https:\/\/www.europesays.com\/no\/wp-content\/uploads\/2025\/08\/1bdd6f0c-0d6e-4b5c-8913-525e4d241e27\"  style=\"object-position:0% 0%\" width=\"1954\"\/>VONDT: Martin \u00d8degaard under kampen mot Leeds l\u00f8rdag.   Foto: David Klein \/ Reuters \/ NTB    <\/p>\n","protected":false},"excerpt":{"rendered":"Spill Profeten Landslagskaptein Martin \u00d8degaard (26) gikk av med skulderskade l\u00f8rdag, men ble tatt ut i St\u00e5le Solbakkens&hellip;\n","protected":false},"author":2,"featured_media":18399,"comment_status":"","ping_status":"","sticky":false,"template":"","format":"standard","meta":{"footnotes":""},"categories":[59],"tags":[92,3163,181,30,28,29,83,82],"class_list":{"0":"post-18398","1":"post","2":"type-post","3":"status-publish","4":"format-standard","5":"has-post-thumbnail","7":"category-sport","8":"tag-fotball","9":"tag-herrelandslaget-fotball","10":"tag-martin-odegaard","11":"tag-no","12":"tag-norge","13":"tag-norway","14":"tag-sport","15":"tag-sports"},"share_on_mastodon":{"url":"","error":""},"_links":{"self":[{"href":"https:\/\/www.europesays.com\/no\/wp-json\/wp\/v2\/posts\/18398","targetHints":{"allow":["GET"]}}],"collection":[{"href":"https:\/\/www.europesays.com\/no\/wp-json\/wp\/v2\/posts"}],"about":[{"href":"https:\/\/www.europesays.com\/no\/wp-json\/wp\/v2\/types\/post"}],"author":[{"embeddable":true,"href":"https:\/\/www.europesays.com\/no\/wp-json\/wp\/v2\/users\/2"}],"replies":[{"embeddable":true,"href":"https:\/\/www.europesays.com\/no\/wp-json\/wp\/v2\/comments?post=18398"}],"version-history":[{"count":0,"href":"https:\/\/www.europesays.com\/no\/wp-json\/wp\/v2\/posts\/18398\/revisions"}],"wp:featuredmedia":[{"embeddable":true,"href":"https:\/\/www.europesays.com\/no\/wp-json\/wp\/v2\/media\/18399"}],"wp:attachment":[{"href":"https:\/\/www.europesays.com\/no\/wp-json\/wp\/v2\/media?parent=18398"}],"wp:term":[{"taxonomy":"category","embeddable":true,"href":"https:\/\/www.europesays.com\/no\/wp-json\/wp\/v2\/categories?post=18398"},{"taxonomy":"post_tag","embeddable":true,"href":"https:\/\/www.europesays.com\/no\/wp-json\/wp\/v2\/tags?post=18398"}],"curies":[{"name":"wp","href":"https:\/\/api.w.org\/{rel}","templated":true}]}}