{"id":18411,"date":"2025-08-26T10:47:30","date_gmt":"2025-08-26T10:47:30","guid":{"rendered":"https:\/\/www.europesays.com\/no\/18411\/"},"modified":"2025-08-26T10:47:30","modified_gmt":"2025-08-26T10:47:30","slug":"ubisoft-lot-bare-fem-utviklere-reboote-the-division-2","status":"publish","type":"post","link":"https:\/\/www.europesays.com\/no\/18411\/","title":{"rendered":"Ubisoft lot bare fem utviklere reboote The Division 2"},"content":{"rendered":"<p>The Division 2 er kanskje for tiden kjent som en ganske flott skytespill\/RPG-opplevelse for fansen, men opprinnelig f\u00f8ltes det litt lunkent ved lanseringen for mange fans. Heldigvis \u00f8nsket Ubisoft \u00e5 holde seg til spillet, men det risikerte ikke \u00e5 sette et massivt team p\u00e5 omstart av The Division 2.<\/p>\n<p>If\u00f8lge Massive Entertainment-utvikler Palle Hoffstein (via <a href=\"https:\/\/mp1st.com\/news\/ubisoft-allocated-5-devs-restart-the-division-2-build-something-bigger-lasting\" target=\"_blank\" rel=\"nofollow noopener\">MP1st<\/a>) var det bare fem utviklere som ble bedt om \u00e5 starte spillet p\u00e5 nytt etter floppen av Warlords of New York DLC. Selv da noen trodde at spillet ville bli lagt ned ikke lenge etter utgivelsen i 2019, visste Hoffstein at han \u00f8nsket at spillet skulle fortsette.<\/p>\n<blockquote class=\"twitter-tweet\" data-theme=\"dark\"><p><a href=\"https:\/\/twitter.com\/Palle_Hoffstein\/status\/1959285949772300618?ref_src=twsrc%5Etfw\" rel=\"nofollow noopener\" target=\"_blank\"><\/p><\/blockquote>\n<p>&laquo;Jeg har v\u00e6rt en del av to store snuoperasjoner med Rainbow Six Siege og The Division 2. Det var fantastisk \u00e5 v\u00e6re en del av begge. Men vi m\u00e5tte ha fem personer for \u00e5 starte Division 2 p\u00e5 nytt. Fem! Hva tenkte vi p\u00e5? Ah, det var g\u00f8y,&raquo; skrev Hoffstein. &laquo;Da noen f\u00e5 av oss laget et lite team for \u00e5 gjenopplive TD2, hadde jeg null interesse av \u00e5 legge til et \u00e5r eller to, bare for \u00e5 senke spillet igjen. M\u00e5let, det vi trodde vi kunne gj\u00f8re, var \u00e5 bygge noe st\u00f8rre og varig. Dette er morsomt \u00e5 se, men det er fortsatt s\u00e5 mye mer vi \u00f8nsker \u00e5 gj\u00f8re.&raquo;<\/p>\n<p>Selv om The Division 3 har blitt avsl\u00f8rt \u00e5 v\u00e6re under utvikling av Ubisoft, betyr det ikke at The Division 2 blir lukket akkurat n\u00e5, ettersom innhold fortsatt er i arbeid for spillet. Det viser bare hvordan utholdenhet l\u00f8nner seg for Ubisoft, antar vi.<\/p>\n<p><img loading=\"lazy\" decoding=\"async\" id=\"img-1846673-2839913\" data-fullsize=\"\/media\/99\/division2_2839913b.jpg\" data-lazy=\"\" src=\"https:\/\/www.europesays.com\/no\/wp-content\/uploads\/2025\/08\/division2_2839913_650x.jpg\" width=\"650\" onclick=\"if (!window.__cfRLUnblockHandlers) return false; gallery_openmodal('1846673','2839913',false,'ad644e9304513dd34ebab678e9c3840d');\" height=\"366\" alt=\"The Division 2\" class=\"rwd_col_content lazy\" data-cf-modified-93f596d90249bc63d2494a82-=\"\"\/><script async src=\"https:\/\/platform.twitter.com\/widgets.js\" charset=\"utf-8\"><\/script><\/p>\n","protected":false},"excerpt":{"rendered":"The Division 2 er kanskje for tiden kjent som en ganske flott skytespill\/RPG-opplevelse for fansen, men opprinnelig f\u00f8ltes&hellip;\n","protected":false},"author":2,"featured_media":18412,"comment_status":"","ping_status":"","sticky":false,"template":"","format":"standard","meta":{"footnotes":""},"categories":[57],"tags":[30,28,29,65,63,64,66,70,69,67,68],"class_list":{"0":"post-18411","1":"post","2":"type-post","3":"status-publish","4":"format-standard","5":"has-post-thumbnail","7":"category-vitenskap-og-teknologi","8":"tag-no","9":"tag-norge","10":"tag-norway","11":"tag-science","12":"tag-science-and-technology","13":"tag-scienceandtechnology","14":"tag-technology","15":"tag-teknologi","16":"tag-vitenskap","17":"tag-vitenskap-og-teknologi","18":"tag-vitenskapteknologi"},"share_on_mastodon":{"url":"","error":""},"_links":{"self":[{"href":"https:\/\/www.europesays.com\/no\/wp-json\/wp\/v2\/posts\/18411","targetHints":{"allow":["GET"]}}],"collection":[{"href":"https:\/\/www.europesays.com\/no\/wp-json\/wp\/v2\/posts"}],"about":[{"href":"https:\/\/www.europesays.com\/no\/wp-json\/wp\/v2\/types\/post"}],"author":[{"embeddable":true,"href":"https:\/\/www.europesays.com\/no\/wp-json\/wp\/v2\/users\/2"}],"replies":[{"embeddable":true,"href":"https:\/\/www.europesays.com\/no\/wp-json\/wp\/v2\/comments?post=18411"}],"version-history":[{"count":0,"href":"https:\/\/www.europesays.com\/no\/wp-json\/wp\/v2\/posts\/18411\/revisions"}],"wp:featuredmedia":[{"embeddable":true,"href":"https:\/\/www.europesays.com\/no\/wp-json\/wp\/v2\/media\/18412"}],"wp:attachment":[{"href":"https:\/\/www.europesays.com\/no\/wp-json\/wp\/v2\/media?parent=18411"}],"wp:term":[{"taxonomy":"category","embeddable":true,"href":"https:\/\/www.europesays.com\/no\/wp-json\/wp\/v2\/categories?post=18411"},{"taxonomy":"post_tag","embeddable":true,"href":"https:\/\/www.europesays.com\/no\/wp-json\/wp\/v2\/tags?post=18411"}],"curies":[{"name":"wp","href":"https:\/\/api.w.org\/{rel}","templated":true}]}}