{"id":18413,"date":"2025-08-26T10:49:41","date_gmt":"2025-08-26T10:49:41","guid":{"rendered":"https:\/\/www.europesays.com\/no\/18413\/"},"modified":"2025-08-26T10:49:41","modified_gmt":"2025-08-26T10:49:41","slug":"jakt-ulovlig-jakt-realitykjendis-tiltalt-for-ulovlig-bjornejakt-i-sverige","status":"publish","type":"post","link":"https:\/\/www.europesays.com\/no\/18413\/","title":{"rendered":"Jakt, Ulovlig jakt | Realitykjendis tiltalt for ulovlig bj\u00f8rnejakt i Sverige"},"content":{"rendered":"\n<p>Svensk p\u00e5talemyndighet har tatt ut tiltale mot seks menn for grov ulovlig bj\u00f8rnejakt under lisensjakt i oktober 2023. Fem av de tiltalte er norske statsborgere, mens \u00e9n er svensk. En av nordmennene er en profilert realitykjendis, viser tiltalen Nationen har f\u00e5tt innsikt i.<\/p>\n<p>P\u00e5talemyndigheten ber om at skinnet fra bj\u00f8rnungen, som ble funnet hjemme hos en av de norske jegerne, skal inndras. Det skal v\u00e6re den norske realitykjendisen som tok med seg skinnet hjem, if\u00f8lge tiltalen.<\/p>\n<p>\u2013 Jegerne har sammen og i samr\u00e5d bevisst jaktet p\u00e5 en binne og hennes medf\u00f8lgende unger. Binne er felt, hvorp\u00e5 jakten har fortsatt p\u00e5 ungene til en av dem ble felt, sier senioraktor \u00c5se Schoultz, som er etterforskningsleder i en pressemelding.<\/p>\n<p>   <img decoding=\"async\" width=\"1150\" height=\"854\" fetchpriority=\"low\"  loading=\"lazy\"  src=\"https:\/\/www.europesays.com\/no\/wp-content\/uploads\/2025\/08\/accc29c6-b404-45b2-b3ed-111cf14ea503.jpg\" alt=\"\" class=\"brick-c-cFOWSL\" style=\"--brick-image-ratio: 1150 \/ 854;\"\/><\/p>\n<p>    Bilder viser jegerne som poserer med binna.<br \/>\n    Foto: Politiet\n  <\/p>\n<p>  Meldinger som bevis<\/p>\n<p>If\u00f8lge tiltalen finnes det meldinger mellom de tiltalte som viser at de planla \u00e5 jakte p\u00e5 hunnbj\u00f8rn med unger.<\/p>\n<p>  <a href=\"https:\/\/www.nationen.no\/5-148-779333\" class=\"related-teaser has-image default-story-teaser article--c-eRUmMG article--c-eRUmMG-jKCPdD-design-default\" rel=\"nofollow noopener\" target=\"_blank\"><\/p>\n<p>    <img decoding=\"async\" loading=\"lazy\"  src=\"https:\/\/www.europesays.com\/no\/wp-content\/uploads\/2025\/08\/1756205381_928_image0000001-2.jpg\" alt=\"\" class=\"brick-c-cFOWSL\" style=\"\"\/><\/p>\n<p>\n            Les ogs\u00e5<\/p>\n<p>              Smurt inn med \u00abblod\u00bb og lappen \u00abD\u00d8D \u2013 VI VET\u00bb\n        <\/p>\n<p>  <\/a><\/p>\n<p>Frida Molander, som ogs\u00e5 er aktor og h\u00e5ndterer saken, sier at de mener forbrytelsen b\u00f8r vurderes som alvorlig fordi jakten ble utf\u00f8rt p\u00e5 en m\u00e5te som utsatte dyrene for un\u00f8dig lidelse.<\/p>\n<p>\u2013 Jegere har brukt biler under jakten og n\u00e5r det gjelder vilt som er spesielt verneverdig, sier hun.<\/p>\n<p>J\u00e4mtlands l\u00e4nsstyrelse hadde besluttet at det kunne felles en rekke bj\u00f8rner under jakta, men de slo ydelig fast at hunnbj\u00f8rner i f\u00f8lge med en eller flere unger ikke kunne skytes. Bj\u00f8rneunger var heller ikke tillatt \u00e5 skyte.<\/p>\n<p>Men politiet har funnet videoer p\u00e5 tiltaltes mobiltelefoner som viser mennene som jager en hunnbj\u00f8rn, etterfulgt av to unger, med en bil. I videoen kan man se hunnbj\u00f8rnen l\u00f8pe over en vei mens de to ungene hennes f\u00f8lger etter, skriver <a href=\"https:\/\/www.aftonbladet.se\/nyheter\/a\/MnKPkr\/sex-man-atalas-for-jaktbrott\" rel=\"Follow nofollow noopener\" target=\"_blank\">Aftonbladet<\/a>.<\/p>\n<p>Politiet har ogs\u00e5 funnet flere bilder som viser mennene posere ved siden av den d\u00f8de hunnbj\u00f8rnen.<\/p>\n<p>Dagen etter skal politiet ha f\u00e5tt et anonymt tips om den ulovlige jakta. Tipseren hadde ogs\u00e5 lagt ved videoen som viste mennene jakte og skyte hunnbj\u00f8rnen og en av ungene hennes, skriver avisa. Politiet klarte senere \u00e5 identifisere de mistenkte. <\/p>\n<p>   <img decoding=\"async\" width=\"752\" height=\"414\" fetchpriority=\"low\"  loading=\"lazy\"  src=\"https:\/\/www.europesays.com\/no\/wp-content\/uploads\/2025\/08\/3b761ffa-8118-4eb3-9246-dd9b22abff13.jpg\" alt=\"\" class=\"brick-c-cFOWSL\" style=\"--brick-image-ratio: 752 \/ 414;\"\/><\/p>\n<p>    Foto: Polisen\n  <\/p>\n<p>  Erkjenner ikke straffeskyld<\/p>\n<p>I tiltalene st\u00e5r det at lovbruddet anses som grovt fordi:<\/p>\n<ul>\n<li>Motorvogn ble brukt ulovlig under jakten,<\/li>\n<li>Jakten p\u00e5gikk i flere timer og utsatte dyrene for un\u00f8dvendig lidelse,<\/li>\n<li>Det gjaldt s\u00e6rlig beskyttelsesverdig vilt (bj\u00f8rnehunn med unger).<\/li>\n<\/ul>\n<p>If\u00f8lge tiltalen har den svenske jegeren erkjent straffeskyld, mens de fem nordmennene ikke erkjenner \u00e5 ha gjort noe ulovlig.<\/p>\n<p>Blant bevisene er GoPro-opptak, husransaking hos den norske realitykjendisen og DNA-analyser.<\/p>\n<p>Nationen har fors\u00f8kt \u00e5 komme i kontakt med realitykjendisen og advokaten, Sven Severin, s\u00e5 langt uten \u00e5 lykkes. <\/p>\n","protected":false},"excerpt":{"rendered":"Svensk p\u00e5talemyndighet har tatt ut tiltale mot seks menn for grov ulovlig bj\u00f8rnejakt under lisensjakt i oktober 2023.&hellip;\n","protected":false},"author":2,"featured_media":18414,"comment_status":"","ping_status":"","sticky":false,"template":"","format":"standard","meta":{"footnotes":""},"categories":[12],"tags":[36,2826,20,21,24,25,15,1521,148,22,23,13,30,28,29,14,16,1510,26,27,1522,42,43,44,45],"class_list":{"0":"post-18413","1":"post","2":"type-post","3":"status-publish","4":"format-standard","5":"has-post-thumbnail","7":"category-verden","8":"tag-art","9":"tag-bjorn","10":"tag-breaking-news","11":"tag-breakingnews","12":"tag-featured-news","13":"tag-featurednews","14":"tag-headlines","15":"tag-jakt","16":"tag-kriminalitet","17":"tag-latest-news","18":"tag-latestnews","19":"tag-news","20":"tag-no","21":"tag-norge","22":"tag-norway","23":"tag-nyheter","24":"tag-overskrifter","25":"tag-story","26":"tag-top-stories","27":"tag-topstories","28":"tag-ulovlig-jakt","29":"tag-verden","30":"tag-world","31":"tag-world-news","32":"tag-worldnews"},"share_on_mastodon":{"url":"","error":""},"_links":{"self":[{"href":"https:\/\/www.europesays.com\/no\/wp-json\/wp\/v2\/posts\/18413","targetHints":{"allow":["GET"]}}],"collection":[{"href":"https:\/\/www.europesays.com\/no\/wp-json\/wp\/v2\/posts"}],"about":[{"href":"https:\/\/www.europesays.com\/no\/wp-json\/wp\/v2\/types\/post"}],"author":[{"embeddable":true,"href":"https:\/\/www.europesays.com\/no\/wp-json\/wp\/v2\/users\/2"}],"replies":[{"embeddable":true,"href":"https:\/\/www.europesays.com\/no\/wp-json\/wp\/v2\/comments?post=18413"}],"version-history":[{"count":0,"href":"https:\/\/www.europesays.com\/no\/wp-json\/wp\/v2\/posts\/18413\/revisions"}],"wp:featuredmedia":[{"embeddable":true,"href":"https:\/\/www.europesays.com\/no\/wp-json\/wp\/v2\/media\/18414"}],"wp:attachment":[{"href":"https:\/\/www.europesays.com\/no\/wp-json\/wp\/v2\/media?parent=18413"}],"wp:term":[{"taxonomy":"category","embeddable":true,"href":"https:\/\/www.europesays.com\/no\/wp-json\/wp\/v2\/categories?post=18413"},{"taxonomy":"post_tag","embeddable":true,"href":"https:\/\/www.europesays.com\/no\/wp-json\/wp\/v2\/tags?post=18413"}],"curies":[{"name":"wp","href":"https:\/\/api.w.org\/{rel}","templated":true}]}}