{"id":184246,"date":"2026-03-11T03:18:11","date_gmt":"2026-03-11T03:18:11","guid":{"rendered":"https:\/\/www.europesays.com\/no\/184246\/"},"modified":"2026-03-11T03:18:11","modified_gmt":"2026-03-11T03:18:11","slug":"budsjettet-for-en-tryggere-okonomi","status":"publish","type":"post","link":"https:\/\/www.europesays.com\/no\/184246\/","title":{"rendered":"Budsjettet for en tryggere \u00f8konomi"},"content":{"rendered":"\n<p class=\"_prefix_nfjwc_1 layout-padded\">Meninger<br \/>Debattinnlegg<\/p>\n<p class=\"_lead_145nj_2 _lead_6fko5_53 layout-component text-serif-m layout-normal text-serif-l _lead_1eue0_21 layout-component layout-normal layout-padded layout-padded\">I dag samlet regjeringen seg for \u00e5 begynne arbeidet med budsjettet for 2027. Vi starter med et godt utgangspunkt for norsk \u00f8konomi. <\/p>\n<p><img decoding=\"async\" class=\"_image_1pdwo_15\" itemprop=\"image\" loading=\"lazy\"   src=\"https:\/\/www.europesays.com\/no\/wp-content\/uploads\/2026\/03\/98a5c14d-04fe-41c8-9b86-7dcf268a2cef.png\" width=\"100\"\/><strong>Jens Stoltenberg<\/strong><\/p>\n<p class=\"_description_1pdwo_10 text-sans-s\">finansminister (Ap)<\/p>\n<p><img alt=\"Statsminister Jonas Gahr St\u00f8re (Ap) if\u00f8rt en gr\u00f8nn genser og finansminister Jens Stoltenberg (Ap) if\u00f8rt en bl\u00e5-gr\u00f8nn aktig genser, utenfor Statsministerens kontor f\u00f8r regjeringens budsjettkonferanse. Foto: Heiko Junge \/ NTB\" class=\"_image_1kupn_65 layout-component layout-wide\" data-fullscreen- data-track-element-type=\"Article image fullscreen\" data-track-name=\"ImageFullscreen\" fetchpriority=\"high\" decoding=\"sync\" loading=\"eager\" height=\"2576\" itemprop=\"image\"  src=\"https:\/\/www.europesays.com\/no\/wp-content\/uploads\/2026\/03\/3b620574-bdb2-43b2-b8ad-91a42d2ee2ae.jpeg\"  style=\"object-position:0% 0%\" width=\"3861\"\/>Statsminister Jonas Gahr St\u00f8re (Ap) if\u00f8rt en gr\u00f8nn genser og finansminister Jens Stoltenberg (Ap) if\u00f8rt en bl\u00e5-gr\u00f8nn aktig genser, utenfor Statsministerens kontor f\u00f8r regjeringens budsjettkonferanse. Foto: Heiko Junge \/ NTBTirsdag 10. mars kl. 21:47     <\/p>\n<p class=\"_paragraph_145nj_4 _paragraph_6fko5_10 layout-component text-serif-m layout-normal text-serif-m layout-padded\">Og det trengs i en verden med usikkerhet og uro.<\/p>\n<p class=\"_paragraph_145nj_4 _paragraph_6fko5_10 layout-component text-serif-m layout-normal text-serif-m layout-padded\">Statsbudsjettet m\u00e5 b\u00e5de bidra til \u00e5 trygge norsk \u00f8konomi p\u00e5 kort sikt og til \u00e5 m\u00f8te de langsiktige utfordringene landet st\u00e5r overfor<\/p>\n<p class=\"_paragraph_145nj_4 _paragraph_6fko5_10 layout-component text-serif-m layout-normal text-serif-m layout-padded\">Da regjeringen var samlet i fjor, visste vi ikke at verden tre uker senere skulle kastes ut i den st\u00f8rste handelspolitiske uroen siden 1930-tallet.<\/p>\n<p class=\"_paragraph_145nj_4 _paragraph_6fko5_10 layout-component text-serif-m layout-normal text-serif-m layout-padded\">Denne uroen er ikke over. N\u00e5 forsterker ogs\u00e5 storkrigen i Midt\u00f8sten usikkerheten i internasjonal \u00f8konomi. <\/p>\n<p class=\"_paragraph_145nj_4 _paragraph_6fko5_10 layout-component text-serif-m layout-normal text-serif-m layout-padded\"><strong class=\"_strong_145nj_25\">Betydningen av krigen for norsk \u00f8konomi vil avhenge av hvor langvarig og omfattende den blir.<\/strong><\/p>\n<p><img alt=\"Statsminister Jonas Gahr St\u00f8re (Ap) og finansminister Jens Stoltenberg (Ap) utenfor Statsministerens kontor f\u00f8r tirsdagens budsjettkonferanse, begge if\u00f8rt nesten helt like jakker!  Foto: Heiko Junge \/ NTB\" class=\"_image_1kupn_65 layout-component layout-normal\" data-fullscreen- data-track-element-type=\"Article image fullscreen\" data-track-name=\"ImageFullscreen\" decoding=\"async\" loading=\"lazy\" height=\"4055\" itemprop=\"image\"  src=\"https:\/\/www.europesays.com\/no\/wp-content\/uploads\/2026\/03\/96dfe727-b290-4116-b034-06945d62e874.jpeg\"  style=\"object-position:0% 0%\" width=\"6082\"\/>Statsminister Jonas Gahr St\u00f8re (Ap) og finansminister Jens Stoltenberg (Ap) utenfor Statsministerens kontor f\u00f8r tirsdagens budsjettkonferanse, begge if\u00f8rt nesten helt like jakker!  Foto: Heiko Junge \/ NTB<\/p>\n<p class=\"_paragraph_145nj_4 _paragraph_6fko5_10 layout-component text-serif-m layout-normal text-serif-m layout-padded\">H\u00f8yere priser p\u00e5 olje og gass vil gi \u00f8kte inntekter til Norge p\u00e5 kort sikt, men det er risiko for at veksten hos v\u00e5re handelspartnere svekkes og at inflasjonen der \u00f8ker.<\/p>\n<p class=\"_paragraph_145nj_4 _paragraph_6fko5_10 layout-component text-serif-m layout-normal text-serif-m layout-padded\">Det vil i s\u00e5 fall ramme norsk eksport. En nedgang i de internasjonale finansmarkedene vil kunne redusere verdien av Pensjonsfondet langt mer enn inntekter fra olje og gass kan \u00f8ke den.<\/p>\n<p class=\"_paragraph_145nj_4 _paragraph_6fko5_10 layout-component text-serif-m layout-normal text-serif-m layout-padded\"><strong class=\"_strong_145nj_25\">Den beste forsikringen mot \u00f8kt \u00f8konomisk usikkerhet ute er ansvarlig \u00f8konomisk politikk hjemme.<\/strong><\/p>\n<p class=\"_paragraph_145nj_4 _paragraph_6fko5_10 layout-component text-serif-m layout-normal text-serif-m layout-padded\">Norsk \u00f8konomi har et godt utgangspunkt. Veksten tok seg opp i fjor, og Finansdepartementets nye anslag viser at den vil holde seg oppe b\u00e5de i \u00e5r og neste \u00e5r. Arbeidsledigheten ventes \u00e5 holde seg lav.<\/p>\n<p class=\"_paragraph_145nj_4 _paragraph_6fko5_10 layout-component text-serif-m layout-normal text-serif-m layout-padded\">Dette bekrefter bildet vi tegnet i h\u00f8st, med god vekst og lav ledighet.<\/p>\n<p class=\"_paragraph_145nj_4 _paragraph_6fko5_10 layout-component text-serif-m layout-normal text-serif-m layout-padded\"><strong class=\"_strong_145nj_25\">Regjeringens politikk skal legge til rette for fortsatt god \u00f8konomisk utvikling for husholdningene, slik at folk fortsetter \u00e5 f\u00e5 bedre r\u00e5d.<\/strong><\/p>\n<p><img alt=\"Statsminister Jonas Gahr St\u00f8re (Ap) og finansminister Jens Stoltenberg (Ap) utenfor Statsministerens kontor f\u00f8r tirsdagens budsjettkonferanse. V\u00e6ret var ikke helt p\u00e5 topp.    Foto: Heiko Junge \/ NTB\" class=\"_image_1kupn_65 layout-component layout-normal\" data-fullscreen- data-track-element-type=\"Article image fullscreen\" data-track-name=\"ImageFullscreen\" decoding=\"async\" loading=\"lazy\" height=\"5760\" itemprop=\"image\"  src=\"https:\/\/www.europesays.com\/no\/wp-content\/uploads\/2026\/03\/8f85002d-087c-448e-8f75-641f8b7f7d56.jpeg\"  style=\"object-position:0% 0%\" width=\"8640\"\/>Statsminister Jonas Gahr St\u00f8re (Ap) og finansminister Jens Stoltenberg (Ap) utenfor Statsministerens kontor f\u00f8r tirsdagens budsjettkonferanse. V\u00e6ret var ikke helt p\u00e5 topp.    Foto: Heiko Junge \/ NTB<\/p>\n<p class=\"_paragraph_145nj_4 _paragraph_6fko5_10 layout-component text-serif-m layout-normal text-serif-m layout-padded\">For at den gode utviklingen ogs\u00e5 p\u00e5 lengre sikt skal fortsette, m\u00e5 vi f\u00e5 flere i arbeid, vi m\u00e5 utnytte arbeidskraften bedre, og vi m\u00e5 bruke pengene smartere. <\/p>\n<p class=\"_paragraph_145nj_4 _paragraph_6fko5_10 layout-component text-serif-m layout-normal text-serif-m layout-padded\">Antallet personer i yrkesaktiv alder stagnerer fremover, samtidig som det blir flere eldre som trenger helse- og omsorgstjenester. I regjeringens plan for Norge lover vi \u00e5 satse p\u00e5 disse omr\u00e5dene.<\/p>\n<p class=\"_paragraph_145nj_4 _paragraph_6fko5_10 layout-component text-serif-m layout-normal text-serif-m layout-padded\"><strong class=\"_strong_145nj_25\">Det l\u00f8ftet skal vi holde, fordi lokalsamfunnene over hele landet er viktige for de tjenestene folk m\u00f8ter hver eneste dag. Regjeringen har allerede satt i gang flere tiltak for \u00e5 f\u00e5 flere i jobb.<\/strong><\/p>\n<p class=\"_paragraph_145nj_4 _paragraph_6fko5_10 layout-component text-serif-m layout-normal text-serif-m layout-padded\">Blant annet har vi satt i gang et fors\u00f8k med arbeidsfradrag for unge. I statsbudsjettet for i \u00e5r har vi faset ut overgangsst\u00f8naden, fordi den kan heve terskelen for at enslige fors\u00f8rgere deltar i arbeidslivet.<\/p>\n<p class=\"_paragraph_145nj_4 _paragraph_6fko5_10 layout-component text-serif-m layout-normal text-serif-m layout-padded\">For \u00e5 f\u00e5 flere flyktninger i jobb, har regjeringen foresl\u00e5tt \u00e5 innf\u00f8re en ny integreringsst\u00f8nad som skal erstatte dagens introduksjonsst\u00f8nad, sosialhjelp og bost\u00f8tte.<\/p>\n<p class=\"_paragraph_145nj_4 _paragraph_6fko5_10 layout-component text-serif-m layout-normal text-serif-m layout-padded\"><strong class=\"_strong_145nj_25\">Fordi arbeidskraft blir en s\u00e5 knapp ressurs, blir det ogs\u00e5 stadig viktigere at den brukes mest mulig fornuftig.<\/strong><\/p>\n<p><img alt=\"Statsminister Jonas Gahr St\u00f8re (Ap) og finansminister Jens Stoltenberg (Ap) utenfor Statsministerens kontor f\u00f8r tirsdagens budsjettkonferanse, der begge fikk sagt sitt.  Foto: Heiko Junge \/ NTB\" class=\"_image_1kupn_65 layout-component layout-normal\" data-fullscreen- data-track-element-type=\"Article image fullscreen\" data-track-name=\"ImageFullscreen\" decoding=\"async\" loading=\"lazy\" height=\"5095\" itemprop=\"image\"  src=\"https:\/\/www.europesays.com\/no\/wp-content\/uploads\/2026\/03\/1db5aa81-7c96-4a89-87b1-8f54da1b6d84.jpeg\"  style=\"object-position:0% 0%\" width=\"7643\"\/>Statsminister Jonas Gahr St\u00f8re (Ap) og finansminister Jens Stoltenberg (Ap) utenfor Statsministerens kontor f\u00f8r tirsdagens budsjettkonferanse, der begge fikk sagt sitt.  Foto: Heiko Junge \/ NTB<\/p>\n<p class=\"_paragraph_145nj_4 _paragraph_6fko5_10 layout-component text-serif-m layout-normal text-serif-m layout-padded\">I regjeringens plan for Norge har vi sagt at vi vil sikre \u00abmindre statlig detaljstyring og \u00f8kt lokalt handlingsrom, b\u00e5de for kommuner og ansatte\u00bb.<\/p>\n<p class=\"_paragraph_145nj_4 _paragraph_6fko5_10 layout-component text-serif-m layout-normal text-serif-m layout-padded\">Dette f\u00f8lger vi opp. Blant annet har vi allerede flyttet 1,6 milliarder kroner fra \u00f8remerkede midler til frie inntekter for kommunene, og vi har redusert rapporteringsbyrden til staten.<\/p>\n<p class=\"_paragraph_145nj_4 _paragraph_6fko5_10 layout-component text-serif-m layout-normal text-serif-m layout-padded\">P\u00e5 samferdselsomr\u00e5det har vi allerede varslet at vi vil bruke mindre penger p\u00e5 store ul\u00f8nnsomme prosjekter og heller bruke mer penger p\u00e5 \u00e5 ta vare p\u00e5 det vi allerede har bygd.<\/p>\n<p class=\"_paragraph_145nj_4 _paragraph_6fko5_10 layout-component text-serif-m layout-normal text-serif-m layout-padded\"><strong class=\"_strong_145nj_25\">Norge trenger ikke bare langsiktig \u00f8konomisk trygghet. Vi trenger ogs\u00e5 trygghet for landet. Derfor vil forsvar bli et av omr\u00e5dene som prioriteres i statsbudsjettet.<\/strong><\/p>\n<p class=\"_paragraph_145nj_4 _paragraph_6fko5_10 layout-component text-serif-m layout-normal text-serif-m layout-padded\">N\u00e5r vi n\u00e5 tar fatt p\u00e5 arbeidet med neste \u00e5rs budsjett, gj\u00f8r vi det for \u00e5 bidra til trygghet b\u00e5de p\u00e5 kort og lang sikt.<\/p>\n<p>   Dette er en kronikk. Kronikken gir uttrykk for skribentens holdning. Du kan sende inn kronikker og debattinnlegg til <a class=\"_link_jv5ak_10\" href=\"https:\/\/www.vg.no\/nyheter\/i\/5pEGyW\/mailto:debatt@vg.no\" rel=\"nofollow noopener\" target=\"_blank\">debatt@vg.no<\/a>. <\/p>\n","protected":false},"excerpt":{"rendered":"MeningerDebattinnlegg I dag samlet regjeringen seg for \u00e5 begynne arbeidet med budsjettet for 2027. Vi starter med et&hellip;\n","protected":false},"author":2,"featured_media":184247,"comment_status":"","ping_status":"","sticky":false,"template":"","format":"standard","meta":{"footnotes":"","_share_on_mastodon":"0"},"categories":[10],"tags":[20,21,24,25,15,2052,240,22,23,13,30,28,5386,29,14,16,26,27],"class_list":["post-184246","post","type-post","status-publish","format-standard","has-post-thumbnail","category-norge","tag-breaking-news","tag-breakingnews","tag-featured-news","tag-featurednews","tag-headlines","tag-internasjonal","tag-jens-stoltenberg","tag-latest-news","tag-latestnews","tag-news","tag-no","tag-norge","tag-norsk-okonomi","tag-norway","tag-nyheter","tag-overskrifter","tag-top-stories","tag-topstories"],"share_on_mastodon":{"url":"https:\/\/pubeurope.com\/@no\/116208383108296185","error":""},"_links":{"self":[{"href":"https:\/\/www.europesays.com\/no\/wp-json\/wp\/v2\/posts\/184246","targetHints":{"allow":["GET"]}}],"collection":[{"href":"https:\/\/www.europesays.com\/no\/wp-json\/wp\/v2\/posts"}],"about":[{"href":"https:\/\/www.europesays.com\/no\/wp-json\/wp\/v2\/types\/post"}],"author":[{"embeddable":true,"href":"https:\/\/www.europesays.com\/no\/wp-json\/wp\/v2\/users\/2"}],"replies":[{"embeddable":true,"href":"https:\/\/www.europesays.com\/no\/wp-json\/wp\/v2\/comments?post=184246"}],"version-history":[{"count":0,"href":"https:\/\/www.europesays.com\/no\/wp-json\/wp\/v2\/posts\/184246\/revisions"}],"wp:featuredmedia":[{"embeddable":true,"href":"https:\/\/www.europesays.com\/no\/wp-json\/wp\/v2\/media\/184247"}],"wp:attachment":[{"href":"https:\/\/www.europesays.com\/no\/wp-json\/wp\/v2\/media?parent=184246"}],"wp:term":[{"taxonomy":"category","embeddable":true,"href":"https:\/\/www.europesays.com\/no\/wp-json\/wp\/v2\/categories?post=184246"},{"taxonomy":"post_tag","embeddable":true,"href":"https:\/\/www.europesays.com\/no\/wp-json\/wp\/v2\/tags?post=184246"}],"curies":[{"name":"wp","href":"https:\/\/api.w.org\/{rel}","templated":true}]}}