{"id":18427,"date":"2025-08-26T10:58:31","date_gmt":"2025-08-26T10:58:31","guid":{"rendered":"https:\/\/www.europesays.com\/no\/18427\/"},"modified":"2025-08-26T10:58:31","modified_gmt":"2025-08-26T10:58:31","slug":"dette-synet-motte-arne-da-han-kom-hjem-jeg-fikk-sjokk","status":"publish","type":"post","link":"https:\/\/www.europesays.com\/no\/18427\/","title":{"rendered":"Dette synet m\u00f8tte Arne da han kom hjem: \u2013 Jeg fikk sjokk"},"content":{"rendered":"<p>Politiet meldte s\u00f8ndag ettermiddag om innbrudd i en enebolig ved Romsdalsvegen p\u00e5 Lesjaverk. Det var Arne Endresplass som ble utsatt for den uhyggelige hendelsen.<\/p>\n<p>Det var i 16-tiden s\u00f8ndag ettermiddag at Endresplass kom hjem til huset sitt i Lesjaverk sentrum, etter \u00e5 ha v\u00e6rt borte noen timer. Idet han kom hjem, merket han med en gang at noe ikke stemte.<\/p>\n<p>\u2013 Jeg l\u00e5ste opp d\u00f8ra og tenkte \u00ab\u00e5, s\u00e5 frisk luft det er her\u00bb da jeg kom inn i gangen. Jeg hadde ikke satt opp noe vindu, men da jeg gikk inn p\u00e5 kontoret s\u00e5 jeg at verandad\u00f8ren stod \u00e5pen. Glassruta var knust, og noen hadde brutt seg inn, forteller Endresplass til Vigga.<\/p>\n<p>Ingenting savnet<\/p>\n<p>P\u00e5 b\u00e5de soverommet og kontoret var skuffer og skap \u00e5pnet, og gjenstander slengt fra seg rundt omkring. Alt tydet p\u00e5 at de som har brutt seg inn har v\u00e6rt ute etter noe. B\u00e5de stua og kj\u00f8kkenet virket ur\u00f8rt etter hendelsen.<\/p>\n<p>\u2013 Jeg kan ikke se at noe er borte. De har sikkert v\u00e6rt ute etter verdigjenstander, men det har jeg ikke. Jeg har ingen anelse om hvorfor de har brutt seg inn akkurat her, forteller Endresplass.<\/p>\n<p> Innbruddstyven har rotet i skuffer og skap, men det er ikke noe som er savnet, if\u00f8lge Endresplass. <\/p>\n<p>Arne ringte politiet like etter at han kom hjem, og ble avh\u00f8rt senere p\u00e5 kvelden. N\u00e5 er saken i politiet sine hender, og de etterlyser tips fra publikum. Forholdet skal ha skjedd mellom 11:00 og 16:00 p\u00e5 s\u00f8ndag.<\/p>\n<p>\u2013 Det er ikke s\u00e5 mye mer jeg f\u00e5r gjort enn \u00e5 rydde opp og skaffe meg ny rute p\u00e5 verandad\u00f8ra. Det var en ekkel opplevelse, og jeg h\u00e5per det ikke skjer igjen. Tenk \u00e5 t\u00f8rre \u00e5 gj\u00f8re noe slik p\u00e5 lyse dagen, sier Endresplass, som er lettet over at ingenting ble stj\u00e5let.<\/p>\n<p>Flere innbrudd i omr\u00e5det<\/p>\n<p>J\u00f8rn Morten Sletta ved politiet p\u00e5 Domb\u00e5s forteller at det har v\u00e6rt tre innbrudd i omr\u00e5det. Det andre var ogs\u00e5 i en bolig, mens det tredje tilfellet skal ha v\u00e6rt i en hytte ved Lesjaskogsvatnet.<\/p>\n<p>\u2013 Vi har f\u00e5tt flere henvendelser fra publikum om en person som skal ha blitt observert i sentrum 14:15 s\u00f8ndag ettermiddag, som vi tror er v\u00e5r gjerningsperson. Slik det ser ut n\u00e5 er det en mann av utenlandsk opprinnelse, og tilsynelatende \u00f8st-europeisk. Han skal ha tatt buss-for-tog til Domb\u00e5s, og det er ingenting som tyder p\u00e5 at han kommer tilbake, opplyser Sletta.<\/p>\n<p>Han oppfordrer publikum til \u00e5 kontakte politiet med tips, dersom de skulle vite noe om forholdet eller gjerningspersonen.<\/p>\n<p>\u2013 Vi har ikke oversikt over om noe er stj\u00e5let, men han har mest sannsynlig v\u00e6rt ute etter kontanter, mener Sletta.<\/p>\n","protected":false},"excerpt":{"rendered":"Politiet meldte s\u00f8ndag ettermiddag om innbrudd i en enebolig ved Romsdalsvegen p\u00e5 Lesjaverk. Det var Arne Endresplass som&hellip;\n","protected":false},"author":2,"featured_media":18428,"comment_status":"","ping_status":"","sticky":false,"template":"","format":"standard","meta":{"footnotes":""},"categories":[10],"tags":[20,21,24,25,15,3258,22,23,3257,13,30,28,29,14,16,468,26,27],"class_list":{"0":"post-18427","1":"post","2":"type-post","3":"status-publish","4":"format-standard","5":"has-post-thumbnail","7":"category-norge","8":"tag-breaking-news","9":"tag-breakingnews","10":"tag-featured-news","11":"tag-featurednews","12":"tag-headlines","13":"tag-innbrudd","14":"tag-latest-news","15":"tag-latestnews","16":"tag-lesjaverk","17":"tag-news","18":"tag-no","19":"tag-norge","20":"tag-norway","21":"tag-nyheter","22":"tag-overskrifter","23":"tag-politiet","24":"tag-top-stories","25":"tag-topstories"},"share_on_mastodon":{"url":"","error":""},"_links":{"self":[{"href":"https:\/\/www.europesays.com\/no\/wp-json\/wp\/v2\/posts\/18427","targetHints":{"allow":["GET"]}}],"collection":[{"href":"https:\/\/www.europesays.com\/no\/wp-json\/wp\/v2\/posts"}],"about":[{"href":"https:\/\/www.europesays.com\/no\/wp-json\/wp\/v2\/types\/post"}],"author":[{"embeddable":true,"href":"https:\/\/www.europesays.com\/no\/wp-json\/wp\/v2\/users\/2"}],"replies":[{"embeddable":true,"href":"https:\/\/www.europesays.com\/no\/wp-json\/wp\/v2\/comments?post=18427"}],"version-history":[{"count":0,"href":"https:\/\/www.europesays.com\/no\/wp-json\/wp\/v2\/posts\/18427\/revisions"}],"wp:featuredmedia":[{"embeddable":true,"href":"https:\/\/www.europesays.com\/no\/wp-json\/wp\/v2\/media\/18428"}],"wp:attachment":[{"href":"https:\/\/www.europesays.com\/no\/wp-json\/wp\/v2\/media?parent=18427"}],"wp:term":[{"taxonomy":"category","embeddable":true,"href":"https:\/\/www.europesays.com\/no\/wp-json\/wp\/v2\/categories?post=18427"},{"taxonomy":"post_tag","embeddable":true,"href":"https:\/\/www.europesays.com\/no\/wp-json\/wp\/v2\/tags?post=18427"}],"curies":[{"name":"wp","href":"https:\/\/api.w.org\/{rel}","templated":true}]}}