{"id":18431,"date":"2025-08-26T11:00:35","date_gmt":"2025-08-26T11:00:35","guid":{"rendered":"https:\/\/www.europesays.com\/no\/18431\/"},"modified":"2025-08-26T11:00:35","modified_gmt":"2025-08-26T11:00:35","slug":"finn-bjorn-tonder-asane-fotball","status":"publish","type":"post","link":"https:\/\/www.europesays.com\/no\/18431\/","title":{"rendered":"Finn Bj\u00f8rn T\u00f8nder, \u00c5sane Fotball"},"content":{"rendered":"\n<p><b>Jeg har for<\/b> lengst gitt opp \u00e5 vekke de som bor i \u00c5sane. Da jeg fors\u00f8kte det i <a href=\"https:\/\/www.ba.no\/det-ma-vare-noe-rart-med-asane-beboerne\/o\/5-8-3036502\" rel=\"Follow nofollow noopener\" target=\"_blank\">spalten min f\u00f8r i \u00e5r<\/a>, fikk jeg bare pepper fordi jeg antydet at det m\u00e5tte v\u00e6re noe galt med \u00e5sanefolket som ikke var patrioter og st\u00f8ttet opp om fotballklubben sin.<\/p>\n<p>Siden er det egentlig bare blitt verre, men med noen f\u00e5 lysglimt. Publikumstallene er stort sett pinlige, \u00f8konomien sv\u00e6rt d\u00e5rlig, ja s\u00e5 d\u00e5rlig at spillerne er bedt om \u00e5 g\u00e5 frivillig ned i l\u00f8nn. I tillegg er gode spillere blitt solgt i et h\u00e5p om \u00e5 redde 1. divisjonsklubben fra \u00f8konomisk havari.<\/p>\n<p>  <a href=\"https:\/\/www.ba.no\/5-8-3036502\" class=\"related-teaser has-image default-opinion-teaser article--c-eRUmMG article--c-eRUmMG-jKCPdD-design-default\" rel=\"nofollow noopener\" target=\"_blank\"><\/p>\n<p>    <img decoding=\"async\" loading=\"lazy\"  src=\"https:\/\/www.europesays.com\/no\/wp-content\/uploads\/2025\/08\/DSC_0394.jpg\" alt=\"\" class=\"brick-c-cFOWSL\" style=\"\"\/><\/p>\n<p>\n            Les ogs\u00e5<\/p>\n<p>              Hvor er det blitt av alle sammen?\n        <\/p>\n<p>  <\/a><\/p>\n<p><b>Herrelaget til \u00c5sane<\/b> er med andre ord i dyp krise. Ja, hele klubben er i fare.<\/p>\n<p>Trener Eirik Bakke har da ogs\u00e5 g\u00e5tt ut og sagt at det er grenser for hva han vil akseptere som trener. Han mer enn antyder at han ikke vil lede et lag som selger unna spillere n\u00e5r laget kjemper for \u00e5 overleve i divisjonen. Hans m\u00e5l var \u00f8vre del. Det ble til og med snakket om opprykksambisjoner da den tidligere Sogndal-, Brann- og Leeds-spilleren kom til \u00c5sane Arena.<\/p>\n<p><b>Det er selvsagt urealistisk n\u00e5.<\/b><\/p>\n<p>Det motsatte er mer sannsynlig, for \u00c5sane er p\u00e5 ingen m\u00e5te sikret videre spill i OBOS-ligaen, selv om laget utrolig nok glimter til og vinner kamper selv med redusert stall. Spesielt i 4-2-kampen mot Raufoss s\u00e5 vi gledelige eksempler p\u00e5 det.<\/p>\n<p>Men selv om \u00c5sane havner trygt p\u00e5 tabellen, kan d\u00e5rlig \u00f8konomi f\u00f8re til at NFF sender dem ned likevel.<\/p>\n<p>   <img decoding=\"async\" width=\"7949\" height=\"5299\" fetchpriority=\"low\"  loading=\"lazy\"  src=\"https:\/\/www.europesays.com\/no\/wp-content\/uploads\/2025\/08\/EH8_8608_Behandlet.jpg\" alt=\"Eirik Bakke var selv kjent som en hardhaus p\u00e5 midtbanen, og likte det han s\u00e5 av Branns nye danske. \" class=\"brick-c-cFOWSL\" style=\"--brick-image-ratio: 7949 \/ 5299;\"\/><\/p>\n<p>    \u00c5sane-trener Eirik Bakke.<br \/>\n    Foto: EIRIK HAGES\u00c6TER\n  <\/p>\n<p><b>Klubben trenger hjelp<\/b>. Og den st\u00f8tten b\u00f8r komme fra fotball-Bergen, n\u00e5 da vi kan sl\u00e5 fast at beboerne i \u00c5sane ikke bryr seg.<\/p>\n<p>Men hvem er fotball-Bergen? Det er selvsagt de f\u00e5 ildsjelene som alltid f\u00f8lger laget sitt, som Bjarg, Sandviken, Djerv, Ny-Krohnborg, Varegg og andre. De g\u00e5r mest sannsynlig ogs\u00e5 p\u00e5 alle Brann-kampene, sammen med de tusener p\u00e5 tusener av andre som kaller seg fotballinteresserte, men som egentlig bare er Brann-interesserte.<\/p>\n<p>Mange av dem til og med h\u00e5ner andre bergenslag, og sier at det er bare mulig \u00e5 ha ett lag i hjertet. Og det er og blir Brann.<\/p>\n<p><b>Ingen skal v\u00e6re<\/b> i tvil om at jeg er en ivrig Brann-tilhenger. Det har jeg alltid v\u00e6rt. Likevel reagerte jeg da Brann-supportere sang nidviser om Fyllingen og \u00f8nsket dem ned fra \u00f8verste niv\u00e5 den gang Brann og Fyllingen, p\u00e5 1990-tallet, kjempet om \u00e5 v\u00e6re Bergens beste lag.<\/p>\n<p>Til og med Ove Thue ble kalt for Judas fordi han opptr\u00e5dte for Fyllingen i forbindelse med cupfinalen i 1990, etter at laget fra dalen hadde sl\u00e5tt ut Brann i semi-finalen.<\/p>\n<p>Idiotisk, sp\u00f8r du meg. Er vi ikke f\u00f8rst og fremst bergensere? Jeg h\u00e5pet selvsagt at Brann skulle g\u00e5 til finalen p\u00e5 bekostning av Fyllingen, men da det motsatte skjedde hadde jeg ingen problemer med \u00e5 heie p\u00e5 et bergenslag mot Rosenborg p\u00e5 Ullevaal. Og s\u00e5nn mener jeg det m\u00e5 v\u00e6re.<\/p>\n<p>   <img decoding=\"async\" width=\"3380\" height=\"2253\" fetchpriority=\"low\"  loading=\"lazy\"  src=\"https:\/\/www.europesays.com\/no\/wp-content\/uploads\/2025\/08\/NTB_LQfPZbM41tw.jpg\" alt=\"Forn\u00f8yde \u00c5sane-spillere etter 1-1-m\u00e5let mot Lillestr\u00f8m.\" class=\"brick-c-cFOWSL\" style=\"--brick-image-ratio: 3380 \/ 2253;\"\/><\/p>\n<p>    Forn\u00f8yde \u00c5sane-spillere etter 1-1-m\u00e5let mot Lillestr\u00f8m 2. august.<br \/>\n    Foto: Tor Erik Schr\u00f8der\/NTB\n  <\/p>\n<p><b>Men til dem<\/b> som bare er Brann-interessert: \u00c5sane er viktig ogs\u00e5 for Brann. Bergen og Brann trenger ogs\u00e5 et annet lag fra Bergen p\u00e5 h\u00f8yest mulig niv\u00e5 i divisjonssystemet. Det kan blant annet eksemplifiseres med alle Brann-spillerne som er blitt l\u00e5nt ut til \u00c5sane, eller kj\u00f8pt fra \u00c5sane, i \u00e5renes l\u00f8p.<\/p>\n<p>Ta Wolverhamptons David M\u00f8ller Wolfe for eksempel. Han var et stortalent da Brann hentet ham, men han var ikke god nok for f\u00f8rsteelleveren.<\/p>\n<p>Da var det viktig for klubben ved Kniksens plass \u00e5 la M\u00f8ller Wolfe spille p\u00e5 h\u00f8yest mulig niv\u00e5. Og det fikk han gjennom en utl\u00e5nsavtale med \u00c5sane i 2020.<\/p>\n<p><b>Etter 26 kamper<\/b> der nord i Bergen, ble han raskt et f\u00f8rstevalg p\u00e5 backplass i Brann, og etter 56 kamper i r\u00f8dt solgt for store bel\u00f8p, f\u00f8rst til AZ i Nederland og n\u00e5 nylig til Wolves i selveste Premier League.<\/p>\n<p>Ole Didrik Blomberg, Fredrik Pallesen Knudsen og Ole Martin Kolskogen er ogs\u00e5 gode eksempler p\u00e5 Brann-talenter som fikk spilletid i \u00c5sane den tiden de ikke fikk fast plass i Brann. De fikk bryne seg p\u00e5 spill i v\u00e5r nest \u00f8verste divisjon, i stedet for et lavere niv\u00e5 med Brann 2. Det var viktig b\u00e5de for dem og for Brann.<\/p>\n<p>   <img decoding=\"async\" width=\"3441\" height=\"1941\" fetchpriority=\"low\"  loading=\"lazy\"  src=\"https:\/\/www.europesays.com\/no\/wp-content\/uploads\/2025\/08\/EH9_5896_Behandlet.jpg\" alt=\"Spillere og ansatte i \u00c5sane har f\u00e5tt tilbud om 20% l\u00f8nnskutt. Klubben er i \u00f8konomiske problemer og kuttet skal gjelde ut 2025. Overraskende mange har svart ja, men mange har ikke svart innen fristen. &#10;&#10;\" class=\"brick-c-cFOWSL\" style=\"--brick-image-ratio: 3441 \/ 1941;\"\/><\/p>\n<p>    Spillere og ansatte i \u00c5sane har f\u00e5tt tilbud om 20 prosent l\u00f8nnskutt. Klubben er i \u00f8konomiske problemer.<br \/>\n    Foto: EIRIK HAGES\u00c6TER\n  <\/p>\n<p><b>Det er alts\u00e5<\/b> interessant for Brann \u00e5 ha \u00c5sane h\u00f8yest mulig oppe i divisjonssystemet, og da kan dere som bare tenker Brann kanskje tenke at dere hjelper Brann ved \u00e5 st\u00f8tte \u00c5sane. For det er faktisk mulig \u00e5 ha det g\u00f8y p\u00e5 andre fotballarenaer i Bergen enn bare p\u00e5 Brann Stadion.<\/p>\n<p>I tillegg er \u00c5sane Arena et nydelig anlegg. Med fulle tribuner f\u00e5r du nesten f\u00f8lelsen av \u00e5 v\u00e6re p\u00e5 en engelsk bane med sjel. Det finnes ogs\u00e5 spillere p\u00e5 \u00c5sane-laget som du har hyllet i Branns drakt p\u00e5 \u00abStaddaen\u00bb!<\/p>\n<p><b>Dessverre tror jeg<\/b> at det blir vanskelig \u00e5 f\u00e5 lokket mange av dem som bare har Brann i fotballhodet sitt ut p\u00e5 den flotte arenaen i \u00c5sane. Det trass i at det ogs\u00e5 ville hjelpe Brann om \u00c5sane berger OBOS- plassen ogs\u00e5 i \u00e5r. Men kanskje har jeg s\u00e5dd et lite fr\u00f8?<\/p>\n<p>Trolig m\u00e5 jeg heller fri til ham som rundh\u00e5ndet sikret Bergen \u00c5sane Arena: Trond Mohn. Han og andre som har ledig kapital og som bryr seg om fotball og Bergen.<\/p>\n<p><b>\u00c5sane trenger hjelp!<\/b> I praksis betyr det ogs\u00e5 at Brann, Bergen og fotballen her i byen m\u00e5 f\u00e5 en h\u00e5ndsrekning for \u00e5 sikre at byen mellom alle disse fjellene fortsatt har et lag p\u00e5 nest \u00f8verste niv\u00e5 i fotball-Norge. Der unge talenter f\u00e5r en utviklingsmulighet p\u00e5 h\u00f8yt niv\u00e5, f\u00f8r de virkelig sl\u00e5r igjennom i Brann eller andre steder. En ny David M\u00f8ller Wolfe, for eksempel.<\/p>\n<p>  <a href=\"https:\/\/www.ba.no\/5-8-3119114\" class=\"related-teaser has-image default-opinion-teaser article--c-eRUmMG article--c-eRUmMG-jKCPdD-design-default\" rel=\"nofollow noopener\" target=\"_blank\"><\/p>\n<p>    <img decoding=\"async\" loading=\"lazy\"  src=\"https:\/\/www.europesays.com\/no\/wp-content\/uploads\/2025\/08\/IMG_2315.JPG\" alt=\"\" class=\"brick-c-cFOWSL\" style=\"\"\/><\/p>\n<p>\n            Les ogs\u00e5<\/p>\n<p>              I \u00e5r er tryggheten viktigst ved valget\n        <\/p>\n<p>  <\/a><\/p>\n","protected":false},"excerpt":{"rendered":"Jeg har for lengst gitt opp \u00e5 vekke de som bor i \u00c5sane. Da jeg fors\u00f8kte det i&hellip;\n","protected":false},"author":2,"featured_media":18432,"comment_status":"","ping_status":"","sticky":false,"template":"","format":"standard","meta":{"footnotes":""},"categories":[59],"tags":[36,1851,2373,37,3259,30,28,29,1533,83,82],"class_list":{"0":"post-18431","1":"post","2":"type-post","3":"status-publish","4":"format-standard","5":"has-post-thumbnail","7":"category-sport","8":"tag-art","9":"tag-asane","10":"tag-asane-fotball","11":"tag-debatt","12":"tag-finn-bjorn-tonder","13":"tag-no","14":"tag-norge","15":"tag-norway","16":"tag-opinion","17":"tag-sport","18":"tag-sports"},"share_on_mastodon":{"url":"","error":""},"_links":{"self":[{"href":"https:\/\/www.europesays.com\/no\/wp-json\/wp\/v2\/posts\/18431","targetHints":{"allow":["GET"]}}],"collection":[{"href":"https:\/\/www.europesays.com\/no\/wp-json\/wp\/v2\/posts"}],"about":[{"href":"https:\/\/www.europesays.com\/no\/wp-json\/wp\/v2\/types\/post"}],"author":[{"embeddable":true,"href":"https:\/\/www.europesays.com\/no\/wp-json\/wp\/v2\/users\/2"}],"replies":[{"embeddable":true,"href":"https:\/\/www.europesays.com\/no\/wp-json\/wp\/v2\/comments?post=18431"}],"version-history":[{"count":0,"href":"https:\/\/www.europesays.com\/no\/wp-json\/wp\/v2\/posts\/18431\/revisions"}],"wp:featuredmedia":[{"embeddable":true,"href":"https:\/\/www.europesays.com\/no\/wp-json\/wp\/v2\/media\/18432"}],"wp:attachment":[{"href":"https:\/\/www.europesays.com\/no\/wp-json\/wp\/v2\/media?parent=18431"}],"wp:term":[{"taxonomy":"category","embeddable":true,"href":"https:\/\/www.europesays.com\/no\/wp-json\/wp\/v2\/categories?post=18431"},{"taxonomy":"post_tag","embeddable":true,"href":"https:\/\/www.europesays.com\/no\/wp-json\/wp\/v2\/tags?post=18431"}],"curies":[{"name":"wp","href":"https:\/\/api.w.org\/{rel}","templated":true}]}}