{"id":18479,"date":"2025-08-26T11:55:09","date_gmt":"2025-08-26T11:55:09","guid":{"rendered":"https:\/\/www.europesays.com\/no\/18479\/"},"modified":"2025-08-26T11:55:09","modified_gmt":"2025-08-26T11:55:09","slug":"sport-fotball-tatt-ut-pa-a-landslaget-for-forste-gang","status":"publish","type":"post","link":"https:\/\/www.europesays.com\/no\/18479\/","title":{"rendered":"Sport, Fotball | Tatt ut p\u00e5 A-landslaget for f\u00f8rste gang"},"content":{"rendered":"\n<p><b>FOTBALL:<\/b> Tirsdag offentliggjorde landslagssjef St\u00e5le Solbakken troppen til privatlandskampen mot Finland 4. september og VM-kvalifiseringskampen mot Moldova 9. september.<\/p>\n<p>Blant navnene i troppen finner vi Tobias Guddal (23) fra Sveio. Guddal har tidligere spilt fire U21-landskamper, men dette er f\u00f8rste gang han er i en A-landslagstropp.<\/p>\n<p>Tirsdagens uttak er det forel\u00f8pige h\u00f8ydepunktet i det som er i ferd med \u00e5 bli en str\u00e5lende karriere. Etter \u00e5 ha startet hjemme i Sveio og blitt vraket i FKH som 16-\u00e5ring, har Guddal spilt seg n\u00e6rmere og n\u00e6rmere toppen via Djerv 1919, Bryne og n\u00e5 Troms\u00f8.<\/p>\n<p>Midtstopperen har f\u00e5tt mye skryt etter overgangen til Troms\u00f8 i mars 2024. Tirsdagens uttak kommer derfor faktisk ikke som noe sjokk.<\/p>\n<p><b>\u2013 Han har en interessant pakke. Han er litt lik Brede Hangeland. Han har bra fart over distanse, er 201 og er en smart fotballspiller. Men forsvarsspill p\u00e5 kunstgress en helt annen idrett enn p\u00e5 gress. N\u00e5 har vi en lang samling og han f\u00e5r noen treninger. Jeg gleder meg til \u00e5 se ham i \u00e9n mot \u00e9n-situasjoner n\u00e5r det g\u00e5r fort p\u00e5 gress, sier Solbakken like etter at uttaket er et fakum.<\/b><\/p>\n<p>Og Guddal fikk flere lovord f\u00f8r Solbakken ga seg:<\/p>\n<p><b>\u2013 Han er  i Troms\u00f8. S\u00e5 f\u00e5r vi se om han er Beckenbauer n\u00e5r han kommer ut p\u00e5 gresset. <\/b><\/p>\n<p>  <a href=\"https:\/\/www.h-avis.no\/5-62-1716394\" class=\"related-teaser has-image default-story-teaser article--c-eRUmMG article--c-eRUmMG-jKCPdD-design-default\" rel=\"nofollow noopener\" target=\"_blank\"><\/p>\n<p>    <img decoding=\"async\" loading=\"lazy\"  src=\"https:\/\/www.europesays.com\/no\/wp-content\/uploads\/2025\/08\/tobiasguddalbestefar.jpg\" alt=\"\" class=\"brick-c-cFOWSL\" style=\"\"\/><\/p>\n<p>\n            Les ogs\u00e5<\/p>\n<p>              Guddal om FKH-vrakingen, kometkarrieren, r\u00e5dene fra bestefar, sjokket og landslagsambisjonene\n        <\/p>\n<p>  <\/a><br \/>\n  Solbakken-skryt<\/p>\n<p>Solbakken la nylig ikke skjul p\u00e5 at han har hatt Guddal under oppsikt.<\/p>\n<p><b>\u2013 Jeg synes Guddal har v\u00e6rt veldig god. Jeg liker han. Vi har hatt v\u00e5re \u00abspioner\u00bb for \u00e5 se han live flere ganger. Han har en veldig interessant pakke n\u00e5r han er to meter h\u00f8y, er komfortabel med ball og har en god rekkevidde. Han mangler kanskje litt ferdigheter \u00e9n mot \u00e9n hvis han blir isolert \u2013 og s\u00e5 spiller han i en treer bak p\u00e5 kunstgress i en kunstgress-liga, men vi har sett n\u00f8ye p\u00e5 han over lengre tid, <a href=\"https:\/\/www.nordlys.no\/har-sendt-spioner-for-a-se-til-profil-jeg-liker-han\/s\/5-34-2203326\" rel=\"Follow nofollow noopener\" target=\"_blank\">sa Solbakken til Nordlys for en dr\u00f8y uke siden<\/a>.<\/b><\/p>\n<p>   <img decoding=\"async\" width=\"7542\" height=\"5029\" fetchpriority=\"low\"  loading=\"lazy\"  src=\"https:\/\/www.europesays.com\/no\/wp-content\/uploads\/2025\/08\/cueres_scp-mangler_navn_RmoskAuvdw8.jpg\" alt=\"Stavanger 20250427. &#10;Troms\u00f8s Tobias Kvalv\u00e5gnes Guddal etter Eliteseriekampen i fotball mellom Viking og Troms\u00f8 p\u00e5 Lyse arena.&#10;Foto: Carina Johansen \/ NTB\" class=\"brick-c-cFOWSL\" style=\"--brick-image-ratio: 7542 \/ 5029;\"\/><\/p>\n<p>    STORTSPILT: Tobias Guddal har v\u00e6rt str\u00e5lende i Troms\u00f8 etter overgangen fra Bryne i mars 2024.<br \/>\n    Foto: Carina Johansen\/NTB\n  <\/p>\n<p>Da Guddal ble konfrontert med Solbakkens uttalelser, var han klar p\u00e5 at det var motiverende \u00e5 h\u00f8re.<\/p>\n<p><b>\u2013 Det har v\u00e6rt en guttedr\u00f8m. Meg personlig og laget er p\u00e5 en bra plass, vi utvikler oss stadig. S\u00e5 lenge prestasjonen holdes oppe tenker jeg \u00abhvorfor ikke?, <a href=\"https:\/\/www.nordlys.no\/slik-reagerer-tobias-23-pa-landslagsbeskjeden-gjor-mye-med-motivasjonen\/s\/5-34-2204883\" rel=\"Follow nofollow noopener\" target=\"_blank\">sa Guddal til Nordlys<\/a>.<\/b><\/p>\n<p>      Stopperne i utlandet f\u00e5r lite spilletid<\/p>\n<p>N\u00e5 er alts\u00e5 uttaket et faktum.<\/p>\n<p>Guddal kommer inn i troppen p\u00e5 et tidspunkt der Norges faste stoppere har f\u00e5tt lite spilltid i sine klubber.<\/p>\n<p>I Solbakkens forrige landslagstropp var det fem midtstoppere i troppen: Kristoffer Vassbakk Ajer (Brentford), Torbj\u00f8rn Heggem (Bologna), Leo Skiri \u00d8stig\u00e5rd (Genoa), Jostein Gundersen (Bod\u00f8\/Glimt) og Colin R\u00f6sler (Malm\u00f6).<\/p>\n<p>Av ulike \u00e5rsaker startet ingen av dem for sine klubber sist helg. Faktisk var Ajer den eneste som fikk spilletid, <a href=\"https:\/\/www.vg.no\/sport\/i\/o35Ma0\/norges-landslagstropp-fem-stoppere-var-med-i-forrige-tropp-spilte-til-sammen-fem-minutter-i-helgen\" rel=\"Follow nofollow noopener\" target=\"_blank\">if\u00f8lge VG<\/a>.<\/p>\n<p>Dette har trolig bidratt til \u00e5 \u00e5pne d\u00f8ra for Guddal.<\/p>\n<p>Tidligere FKH-keeper Egil Selvik, n\u00e5 Watford-spiller, er ogs\u00e5 i troppen.<\/p>\n<p>            A-landslagstroppen mot Finland og Moldova:<\/p>\n<p>\u00d8rjan H\u00e5skjold Nyland \u2013 Sevilla F.C. <\/p>\n<p>Mathias L\u00f8nne Dyngeland \u2013 Sportsklubben Brann<\/p>\n<p>Egil Selvik \u2013 Watford FC<\/p>\n<p>Kristoffer Vassbakk K\u00f6pp Ajer \u2013 Brentford FC<\/p>\n<p><b>Tobias Kvalv\u00e5gnes Guddal \u2013 Troms\u00f8 IL<\/b><\/p>\n<p>Fredrik Andr\u00e9 Bj\u00f8rkan \u2013 FK Bod\u00f8-Glimt<\/p>\n<p>Andreas Schj\u00f8lberg Hanche-Olsen \u2013 FSV Mainz 05<\/p>\n<p>Torbj\u00f8rn Lysaker Heggem \u2013 Bologna F.C. 1909 S.P.A.<\/p>\n<p>Marcus Holmgren Pedersen \u2013 Torino FC<\/p>\n<p>Julian Ryerson \u2013 Borussia Dortmund<\/p>\n<p>David M\u00f8ller Wolfe \u2013 Wolverhampton Wanderers FC<\/p>\n<p>Leo Skiri \u00d8stig\u00e5rd \u2013 Genoa CFC<\/p>\n<p>Patrick Berg \u2013 FK Bod\u00f8-Glimt<\/p>\n<p>Sander Gard Bolin Berge \u2013 Fulham FC<\/p>\n<p>Oscar Bobb \u2013 Manchester City FC<\/p>\n<p>Aron Leonard Bizet D\u00f8nnum \u2013 Toulouse FC<\/p>\n<p>Felix Horn Myhre \u2013 Sportsklubben Brann<\/p>\n<p>Antonio Eromonsele Nordby Nusa \u2013 RB Leipzig<\/p>\n<p>Andreas R\u00e6derg\u00e5rd Schjelderup \u2013 SL Benfica<\/p>\n<p>Morten Thorsby \u2013 Genoa<\/p>\n<p>Martin \u00d8degaard \u2013 Arsenal FC<\/p>\n<p>Thelonious Aasgaard \u2013 Rangers FC<\/p>\n<p>Erling Braut Haaland \u2013 Manchester City FC<\/p>\n<p>J\u00f8rgen Strand Larsen \u2013 Wolverhampton Wanderers FC<\/p>\n<p>Alexander S\u00f8rloth \u2013 Atl\u00e9tico de Madrid<\/p>\n<p>  Du kan h\u00f8re Frelst-episoden med Tobias Guddal her:<\/p>\n<p>Les mer om: artikkelemnene<\/p>\n","protected":false},"excerpt":{"rendered":"FOTBALL: Tirsdag offentliggjorde landslagssjef St\u00e5le Solbakken troppen til privatlandskampen mot Finland 4. september og VM-kvalifiseringskampen mot Moldova 9.&hellip;\n","protected":false},"author":2,"featured_media":18480,"comment_status":"","ping_status":"","sticky":false,"template":"","format":"standard","meta":{"footnotes":""},"categories":[59],"tags":[36,92,30,28,29,83,82,1510,2160],"class_list":{"0":"post-18479","1":"post","2":"type-post","3":"status-publish","4":"format-standard","5":"has-post-thumbnail","7":"category-sport","8":"tag-art","9":"tag-fotball","10":"tag-no","11":"tag-norge","12":"tag-norway","13":"tag-sport","14":"tag-sports","15":"tag-story","16":"tag-sveio"},"share_on_mastodon":{"url":"","error":""},"_links":{"self":[{"href":"https:\/\/www.europesays.com\/no\/wp-json\/wp\/v2\/posts\/18479","targetHints":{"allow":["GET"]}}],"collection":[{"href":"https:\/\/www.europesays.com\/no\/wp-json\/wp\/v2\/posts"}],"about":[{"href":"https:\/\/www.europesays.com\/no\/wp-json\/wp\/v2\/types\/post"}],"author":[{"embeddable":true,"href":"https:\/\/www.europesays.com\/no\/wp-json\/wp\/v2\/users\/2"}],"replies":[{"embeddable":true,"href":"https:\/\/www.europesays.com\/no\/wp-json\/wp\/v2\/comments?post=18479"}],"version-history":[{"count":0,"href":"https:\/\/www.europesays.com\/no\/wp-json\/wp\/v2\/posts\/18479\/revisions"}],"wp:featuredmedia":[{"embeddable":true,"href":"https:\/\/www.europesays.com\/no\/wp-json\/wp\/v2\/media\/18480"}],"wp:attachment":[{"href":"https:\/\/www.europesays.com\/no\/wp-json\/wp\/v2\/media?parent=18479"}],"wp:term":[{"taxonomy":"category","embeddable":true,"href":"https:\/\/www.europesays.com\/no\/wp-json\/wp\/v2\/categories?post=18479"},{"taxonomy":"post_tag","embeddable":true,"href":"https:\/\/www.europesays.com\/no\/wp-json\/wp\/v2\/tags?post=18479"}],"curies":[{"name":"wp","href":"https:\/\/api.w.org\/{rel}","templated":true}]}}