{"id":184888,"date":"2026-03-11T19:49:08","date_gmt":"2026-03-11T19:49:08","guid":{"rendered":"https:\/\/www.europesays.com\/no\/184888\/"},"modified":"2026-03-11T19:49:08","modified_gmt":"2026-03-11T19:49:08","slug":"fant-83-alvorlige-feil-%e2%81%a0-teip-er-ikke-akseptabel-losning-fvn-no","status":"publish","type":"post","link":"https:\/\/www.europesays.com\/no\/184888\/","title":{"rendered":"(+) Fant 83 alvorlige feil: \u2013\u2060 Teip er ikke akseptabel l\u00f8sning &#8211; fvn.no"},"content":{"rendered":"<ol>\n<li><a href=\"https:\/\/news.google.com\/rss\/articles\/CBMihwFBVV95cUxOME1PRnVoa0dNb3JWSUhlQ01pUlgya1FUbkRKLUllV3ExVnNnMjdHc2kxWDVQRFlLU0lzQ3FZbkFoYUpJMVBoOFB5Vk5YYnJWZEc1aFNqc1I4UEZGNjNCOWNvcHlscWZsVzE0MkZDazhjaVF1TkVpczFFM3hNazdFZnQ2aGtmRDg?oc=5\" target=\"_blank\" rel=\"nofollow noopener\">(+) Fant 83 alvorlige feil: \u2013\u2060 Teip er ikke akseptabel l\u00f8sning<\/a>&nbsp;&nbsp;fvn.no<\/li>\n<li><a href=\"https:\/\/news.google.com\/rss\/articles\/CBMirgFBVV95cUxOMU5RalpLUlZ0engtak81RTdjQy05cjltR1RqZkJQZ2RweXNUckZqMU54SjR1SW9FTzZOV3plWFJOREExd0VoUlNSOHZXeDVNRmlFMGMyc2xuaFNHcGtFYzk1M1FsRGFGZTJrTEdRQVl3azRiUzhWU19PTGVudkVZQ0JzSE9FQnQ5QVVmODRjdFpQME5qYkNGckd2ZVF0TXRFNF9PMWxiZS1adlVRUWc?oc=5\" target=\"_blank\" rel=\"nofollow noopener\">Go-Ahead f\u00e5r krass kritikk i rapport fra Norske tog: 83 alvorlige funn<\/a>&nbsp;&nbsp;NRK<\/li>\n<li><a href=\"https:\/\/news.google.com\/rss\/articles\/CBMikAFBVV95cUxNb2RhMUNMQWhSZ2FENE9uTl9qeFdxUmxuU3g2T0RnOEFRdVlZUkxHaTk4ckg3dUs2T1ZTN2M2YXZZZkRPdkM3SHQyWnBiTjUzaVJpZUFKTkZpVEo3ZERmclEtWjdDU3Z4Y0dkQ0V3VW45NndVRGFGSjE2RUg2cnYxb3ZKVm43aDRWSnp5NTkyazE?oc=5\" target=\"_blank\" rel=\"nofollow noopener\">Bekymringsmelding: Avdekket 83 alvorlige feil<\/a>&nbsp;&nbsp;Stavanger Aftenblad<\/li>\n<li><a href=\"https:\/\/news.google.com\/rss\/articles\/CBMiuwFBVV95cUxPYTJPRmkwZ25wc2l2UzRGMWVWSVVsWG9jMVJVTzZ5T3lpeFpZUHRnc1R0SmRMbWZ4S3poazBWUDNVcjZaSGRXODVLTkc1a0VaT3BPRFV6WFJPcDlhQ3BLYi13bE9lZ09ERGdqWERYdmtqLUltcnRtTTBRX2l1dFc1MFdRazBpZ2JUQnNUSlcxZ05xRFViZktwZkxFYWNIOHNTV0FHbi1Gd2NpOXRtMzBTdmQyNC1kWEU1Y0pN?oc=5\" target=\"_blank\" rel=\"nofollow noopener\">Alvorlige feil p\u00e5 S\u00f8rlandsbanen: Tog kj\u00f8rer med teip og l\u00f8se deler<\/a>&nbsp;&nbsp;adressa.no<\/li>\n<li><a href=\"https:\/\/news.google.com\/rss\/articles\/CBMie0FVX3lxTFBsQkx6eFJOT0dZMV9zdWFudGNMV1FxclljRms5bEF2ODA3YV9NWFBmbWY1cVhPOHlLM2dXWldBMjNGZ3BsXzRnXzlkeV9uVGoxSmtBNndrSGNBdjdUX0lRVEpkTklPR2puTmhDd3d5WGhpcl9neFBwdnU1bw?oc=5\" target=\"_blank\" rel=\"nofollow noopener\">S\u00f8rlendinger, krev at politikerne fikser S\u00f8rlandsbanen, n\u00e5!<\/a>&nbsp;&nbsp;fvn.no<\/li>\n<\/ol>\n","protected":false},"excerpt":{"rendered":"(+) Fant 83 alvorlige feil: \u2013\u2060 Teip er ikke akseptabel l\u00f8sning&nbsp;&nbsp;fvn.no Go-Ahead f\u00e5r krass kritikk i rapport fra&hellip;\n","protected":false},"author":2,"featured_media":184889,"comment_status":"","ping_status":"","sticky":false,"template":"","format":"standard","meta":{"footnotes":"","_share_on_mastodon":"0"},"categories":[10],"tags":[20,21,24,25,10122,15,11027,10120,22,23,13,30,28,18724,29,14,16,5628,18725,26,27],"class_list":["post-184888","post","type-post","status-publish","format-standard","has-post-thumbnail","category-norge","tag-breaking-news","tag-breakingnews","tag-featured-news","tag-featurednews","tag-go-ahead","tag-headlines","tag-jaerbanen","tag-jaeren","tag-latest-news","tag-latestnews","tag-news","tag-no","tag-norge","tag-norske-tog","tag-norway","tag-nyheter","tag-overskrifter","tag-sorlandsbanen","tag-statens-jernbanetilsyn","tag-top-stories","tag-topstories"],"share_on_mastodon":{"url":"https:\/\/pubeurope.com\/@no\/116212279859617818","error":""},"_links":{"self":[{"href":"https:\/\/www.europesays.com\/no\/wp-json\/wp\/v2\/posts\/184888","targetHints":{"allow":["GET"]}}],"collection":[{"href":"https:\/\/www.europesays.com\/no\/wp-json\/wp\/v2\/posts"}],"about":[{"href":"https:\/\/www.europesays.com\/no\/wp-json\/wp\/v2\/types\/post"}],"author":[{"embeddable":true,"href":"https:\/\/www.europesays.com\/no\/wp-json\/wp\/v2\/users\/2"}],"replies":[{"embeddable":true,"href":"https:\/\/www.europesays.com\/no\/wp-json\/wp\/v2\/comments?post=184888"}],"version-history":[{"count":0,"href":"https:\/\/www.europesays.com\/no\/wp-json\/wp\/v2\/posts\/184888\/revisions"}],"wp:featuredmedia":[{"embeddable":true,"href":"https:\/\/www.europesays.com\/no\/wp-json\/wp\/v2\/media\/184889"}],"wp:attachment":[{"href":"https:\/\/www.europesays.com\/no\/wp-json\/wp\/v2\/media?parent=184888"}],"wp:term":[{"taxonomy":"category","embeddable":true,"href":"https:\/\/www.europesays.com\/no\/wp-json\/wp\/v2\/categories?post=184888"},{"taxonomy":"post_tag","embeddable":true,"href":"https:\/\/www.europesays.com\/no\/wp-json\/wp\/v2\/tags?post=184888"}],"curies":[{"name":"wp","href":"https:\/\/api.w.org\/{rel}","templated":true}]}}