{"id":18505,"date":"2025-08-26T12:10:09","date_gmt":"2025-08-26T12:10:09","guid":{"rendered":"https:\/\/www.europesays.com\/no\/18505\/"},"modified":"2025-08-26T12:10:09","modified_gmt":"2025-08-26T12:10:09","slug":"nyheter-lillehammer-jan-erik-berntsen-er-dod","status":"publish","type":"post","link":"https:\/\/www.europesays.com\/no\/18505\/","title":{"rendered":"Nyheter, Lillehammer | Jan Erik Berntsen er d\u00f8d"},"content":{"rendered":"\n<p>\u2013 Den n\u00e6rmeste familien synes det er kjempetrist. Han var positiv og glad til siste slutt, som han alltid var, sier s\u00f8nnen Jeppe Lund Aaker til <a href=\"https:\/\/www.adressa.no\/kultur\/i\/GykaJq\/jan-erik-berntsen-er-doed\" rel=\"Follow nofollow noopener\" target=\"_blank\">Adresseavisen<\/a>.<\/p>\n<p>Berntsen d\u00f8de torsdag 21. august, 80 \u00e5r gammel. Han debuterte ved teateret p\u00e5 tidlig 60-tall og har siden spilt i over 130 oppsetninger. Han har spilt i alt fra \u00abLes Mis\u00e9rables\u00bb, \u00abVildanden\u00bb og \u00abRock&#8217;n Roll Wolf\u00bb.<\/p>\n<p>P\u00e5 Lillehammer har Berntsen blant annet spilt i en utgave av operetten \u00abH\u00f8yt over r\u00f8de tak\u00bb i 1963 i Mona Lie Thommesens regi. Han spilte Grev Carl. I forbindelse med Lillehammers amat\u00f8rteaters 70-\u00e5rsjubileum, fortalte Birgitte Victoria Svendsen til GD at hun husket godt operetten.<\/p>\n<p>\u2013 Like moro var det da byoperetten \u00abH\u00f8yt over r\u00f8de tak\u00bb, ble satt opp. Jeg var 11-12 \u00e5r ung f\u00f8rste gang. Alle jentene var s\u00e5\u00e5\u00e5 forelsket i Jan Erik Berntsen, sa Svendsen.<\/p>\n<p>  <a href=\"https:\/\/www.gd.no\/5-18-356073\" class=\"related-teaser has-image default-story-teaser article--c-eRUmMG article--c-eRUmMG-jKCPdD-design-default\" rel=\"nofollow noopener\" target=\"_blank\"><\/p>\n<p>    <img decoding=\"async\" loading=\"lazy\"  src=\"https:\/\/www.europesays.com\/no\/wp-content\/uploads\/2025\/08\/1476269148687.jpg\" alt=\"\" class=\"brick-c-cFOWSL\" style=\"\"\/><\/p>\n<p>\n            Les ogs\u00e5<\/p>\n<p>              &#8211; Mitt skuespillerfr\u00f8 fikk vokse i amat\u00f8rteateret\n        <\/p>\n<p>  <\/a><\/p>\n<p>Berntsen har ogs\u00e5 medvirket i flere TV-show p\u00e5 NRK og i Melodi Grand Prix p\u00e5 70-tallet. I et minneord i avisa Nidaros skriver Tr\u00f8ndelag teater at mange vil huske ham spesielt fra Anne B. Ragdes \u00abBerlinerpoplene\u00bb og \u00abLigge i gr\u00f8nne enger\u00bb. I 2014, da han pensjonerte seg, ble han hedret med sitt eget JEB-show \u2013 et juleshow med gjester fra hele hans scenekarriere. Han har ogs\u00e5 medvirket i forestillinger i tiden etter at han pensjonerte seg.<\/p>\n<p>Berntsen etterlater seg ektefellen Su&#8217;udah Berntsen, s\u00f8nnen, en svigerdatter og tre barnebarn.<\/p>\n<p>\u2013 Han var et raust og omsorgsfullt menneske som vil bli dypt savnet. Mine tanker g\u00e5r til hans kj\u00e6re Su\u2019udah, hans s\u00f8nn Jeppe, \u00f8vrige familie og n\u00e6re venner, sier teatersjef Elisabeth Egseth Hansen til NTB.<\/p>\n<p>Les mer om: artikkelemnene<\/p>\n","protected":false},"excerpt":{"rendered":"\u2013 Den n\u00e6rmeste familien synes det er kjempetrist. Han var positiv og glad til siste slutt, som han&hellip;\n","protected":false},"author":2,"featured_media":18506,"comment_status":"","ping_status":"","sticky":false,"template":"","format":"standard","meta":{"footnotes":""},"categories":[58],"tags":[36,71,410,1427,30,28,29,14,1510,72],"class_list":{"0":"post-18505","1":"post","2":"type-post","3":"status-publish","4":"format-standard","5":"has-post-thumbnail","7":"category-underholdning","8":"tag-art","9":"tag-entertainment","10":"tag-kultur","11":"tag-lillehammer","12":"tag-no","13":"tag-norge","14":"tag-norway","15":"tag-nyheter","16":"tag-story","17":"tag-underholdning"},"share_on_mastodon":{"url":"","error":""},"_links":{"self":[{"href":"https:\/\/www.europesays.com\/no\/wp-json\/wp\/v2\/posts\/18505","targetHints":{"allow":["GET"]}}],"collection":[{"href":"https:\/\/www.europesays.com\/no\/wp-json\/wp\/v2\/posts"}],"about":[{"href":"https:\/\/www.europesays.com\/no\/wp-json\/wp\/v2\/types\/post"}],"author":[{"embeddable":true,"href":"https:\/\/www.europesays.com\/no\/wp-json\/wp\/v2\/users\/2"}],"replies":[{"embeddable":true,"href":"https:\/\/www.europesays.com\/no\/wp-json\/wp\/v2\/comments?post=18505"}],"version-history":[{"count":0,"href":"https:\/\/www.europesays.com\/no\/wp-json\/wp\/v2\/posts\/18505\/revisions"}],"wp:featuredmedia":[{"embeddable":true,"href":"https:\/\/www.europesays.com\/no\/wp-json\/wp\/v2\/media\/18506"}],"wp:attachment":[{"href":"https:\/\/www.europesays.com\/no\/wp-json\/wp\/v2\/media?parent=18505"}],"wp:term":[{"taxonomy":"category","embeddable":true,"href":"https:\/\/www.europesays.com\/no\/wp-json\/wp\/v2\/categories?post=18505"},{"taxonomy":"post_tag","embeddable":true,"href":"https:\/\/www.europesays.com\/no\/wp-json\/wp\/v2\/tags?post=18505"}],"curies":[{"name":"wp","href":"https:\/\/api.w.org\/{rel}","templated":true}]}}