{"id":185117,"date":"2026-03-12T04:55:08","date_gmt":"2026-03-12T04:55:08","guid":{"rendered":"https:\/\/www.europesays.com\/no\/185117\/"},"modified":"2026-03-12T04:55:08","modified_gmt":"2026-03-12T04:55:08","slug":"pengene-forbauser-dagbladet","status":"publish","type":"post","link":"https:\/\/www.europesays.com\/no\/185117\/","title":{"rendered":"Pengene forbauser &#8211; Dagbladet"},"content":{"rendered":"<ol>\n<li><a href=\"https:\/\/news.google.com\/rss\/articles\/CBMiaEFVX3lxTE1sS1FWS1ZKNGoxNFZUSFdFemlMV050RW5VcWo4cmJJZl9ZODNuOThiaDNHdnJDTnRBV2JsckZ0bDZiSkJFY3ExMnAwZmJmbFkybk02cFUwYXdnS3cxUVJvNDBuS3JUYUxk?oc=5\" target=\"_blank\" rel=\"nofollow noopener\">Pengene forbauser<\/a>&nbsp;&nbsp;Dagbladet<\/li>\n<li><a href=\"https:\/\/news.google.com\/rss\/articles\/CBMihAFBVV95cUxPNFpKSEdfQmxkS3NCLUk4LUFkR1FpT2c4a09aQVJZeWEyQU91cTdwUWRYbXhmZzRZN2JwMkJBQS01MmI3SXVaelhIZXBJblZVbHB0WWVaOGhsWkpGQzR0S1Z2N1pBMk03Z3duM09Hb1BseW1wa2ZCZk52M0trUWlqTGhfN2Q?oc=5\" target=\"_blank\" rel=\"nofollow noopener\">Glimt, Medlemsdemokrati | \u00c5rsm\u00f8tet som stengte d\u00f8rene for 7000 medlemmer<\/a>&nbsp;&nbsp;Avisa Nordland<\/li>\n<li><a href=\"https:\/\/news.google.com\/rss\/articles\/CBMid0FVX3lxTE5CdlQ5cmZVV3dvZkIxNnJKX1ItWWJJM1pleXJ5SlBZbnNwWVlNcmc1YzlIQzZ5MjFselg0aEdnc2hjdE9aOEFhcUVDNFJ1SERGekQ1RjJvQ1JLYlBPVV9ydFNTbktGaXZ5Q3JCQ3ZGRk1xbDZXdVhV?oc=5\" target=\"_blank\" rel=\"nofollow noopener\">Debatt, Glimt-debatt | 7 000 kan delta, stemme og tale fritt<\/a>&nbsp;&nbsp;Avisa Nordland<\/li>\n<li><a href=\"https:\/\/news.google.com\/rss\/articles\/CBMia0FVX3lxTFBXLVlNNmY5UktRZlVpMnJrcUdtU0oxMWxEWFFKekJMWHVVaHhLX1l0LWpTMnJtV3B2NzJPWkRsMmNwWnZnN21IZWNpalVVamh4ZGkyaHJjcGR1LXZHeW5ieThYNEhFTFFKVHdZ?oc=5\" target=\"_blank\" rel=\"nofollow noopener\">Se \u00e5rsm\u00f8te 2026 direkte her<\/a>&nbsp;&nbsp;Bod\u00f8\/Glimt<\/li>\n<li><a href=\"https:\/\/news.google.com\/rss\/articles\/CBMiqgFBVV95cUxObmtFVnRkSHFxMVNOeFFsQXU2V0NUTnBoVkswZENHQlJnUEFLZTBlM2ZGWkpfSWZ2ZUhsZU9xS1J1RDRKMmtnLU1hSWhaZ3V3NWhrbjlMMHd5a2VkOS1LWGltUDJKVjluam1uWlh5U29IU2gxdzAtekZIU0dJcVZ6eHdOaU94TEZscjZoUWgzZExpc0xIZEhqTFBfXzhYU1lFUHF1bzF1VFRDZw?oc=5\" target=\"_blank\" rel=\"nofollow noopener\">Bod\u00f8\/Glimt med historisk overskudd \u2013 203 millioner i pluss i 2025<\/a>&nbsp;&nbsp;Aftenposten<\/li>\n<\/ol>\n","protected":false},"excerpt":{"rendered":"Pengene forbauser&nbsp;&nbsp;Dagbladet Glimt, Medlemsdemokrati | \u00c5rsm\u00f8tet som stengte d\u00f8rene for 7000 medlemmer&nbsp;&nbsp;Avisa Nordland Debatt, Glimt-debatt | 7 000&hellip;\n","protected":false},"author":2,"featured_media":185118,"comment_status":"","ping_status":"","sticky":false,"template":"","format":"standard","meta":{"footnotes":"","_share_on_mastodon":"0"},"categories":[59],"tags":[10542,4875,18742,3707,2671,3309,266,156,30,28,29,17966,6126,6125,83,18741,82,2942],"class_list":["post-185117","post","type-post","status-publish","format-standard","has-post-thumbnail","category-sport","tag-bodoglimt","tag-champions_league","tag-fredrik-bjorkan","tag-jens-petter-hauge","tag-kasper-hogh","tag-kjetil-knutsen","tag-kommentar","tag-meninger","tag-no","tag-norge","tag-norway","tag-ole-didrik-blomberg","tag-patrick-berg","tag-sondre-brunstad-fet","tag-sport","tag-sporting-lisboa","tag-sports","tag-ulrik-saltnes"],"share_on_mastodon":{"url":"https:\/\/pubeurope.com\/@no\/116214426750555761","error":""},"_links":{"self":[{"href":"https:\/\/www.europesays.com\/no\/wp-json\/wp\/v2\/posts\/185117","targetHints":{"allow":["GET"]}}],"collection":[{"href":"https:\/\/www.europesays.com\/no\/wp-json\/wp\/v2\/posts"}],"about":[{"href":"https:\/\/www.europesays.com\/no\/wp-json\/wp\/v2\/types\/post"}],"author":[{"embeddable":true,"href":"https:\/\/www.europesays.com\/no\/wp-json\/wp\/v2\/users\/2"}],"replies":[{"embeddable":true,"href":"https:\/\/www.europesays.com\/no\/wp-json\/wp\/v2\/comments?post=185117"}],"version-history":[{"count":0,"href":"https:\/\/www.europesays.com\/no\/wp-json\/wp\/v2\/posts\/185117\/revisions"}],"wp:featuredmedia":[{"embeddable":true,"href":"https:\/\/www.europesays.com\/no\/wp-json\/wp\/v2\/media\/185118"}],"wp:attachment":[{"href":"https:\/\/www.europesays.com\/no\/wp-json\/wp\/v2\/media?parent=185117"}],"wp:term":[{"taxonomy":"category","embeddable":true,"href":"https:\/\/www.europesays.com\/no\/wp-json\/wp\/v2\/categories?post=185117"},{"taxonomy":"post_tag","embeddable":true,"href":"https:\/\/www.europesays.com\/no\/wp-json\/wp\/v2\/tags?post=185117"}],"curies":[{"name":"wp","href":"https:\/\/api.w.org\/{rel}","templated":true}]}}