{"id":185298,"date":"2026-03-12T08:59:12","date_gmt":"2026-03-12T08:59:12","guid":{"rendered":"https:\/\/www.europesays.com\/no\/185298\/"},"modified":"2026-03-12T08:59:12","modified_gmt":"2026-03-12T08:59:12","slug":"stort-strombrudd-i-alesund-byen-var-uten-strom","status":"publish","type":"post","link":"https:\/\/www.europesays.com\/no\/185298\/","title":{"rendered":"Stort str\u00f8mbrudd i \u00c5lesund &#8211; byen var uten str\u00f8m"},"content":{"rendered":"\n<p class=\"_lead_145nj_2 _lead_6fko5_53 layout-component text-serif-m layout-normal text-serif-l layout-component layout-wide layout-padded _wide_17hqh_1 layout-padded\">Str\u00f8mleverand\u00f8ren meldte at rundt 50.000 kunder var uten str\u00f8m i M\u00f8re og Romsdal. <\/p>\n<p><img alt=\"Linja har ansvaret for str\u00f8mmen i dette omr\u00e5det. \" class=\"_image_1kupn_65 layout-component layout-wide\" data-fullscreen- data-track-element-type=\"Article image fullscreen\" data-track-name=\"ImageFullscreen\" fetchpriority=\"high\" decoding=\"sync\" loading=\"eager\" height=\"344\" itemprop=\"image\"  src=\"https:\/\/www.europesays.com\/no\/wp-content\/uploads\/2026\/03\/5a8bb7cf-568b-416c-a1e4-385f05e48fa8.png\"  style=\"object-position:0% 0%\" width=\"632\"\/>Linja har ansvaret for str\u00f8mmen i dette omr\u00e5det. <\/p>\n<ul aria-hidden=\"true\" class=\"_images_ntbth_112\">\n<li><a class=\"_link_ntbth_117\" href=\"https:\/\/www.vg.no\/forfatter\/hedda-kurseth\" style=\"z-index:1\" title=\"Hedda Kurseth\" rel=\"nofollow noopener\" target=\"_blank\"><img alt=\"Bilde av Hedda Kurseth\" class=\"_image_ntbth_93\" fetchpriority=\"low\" loading=\"lazy\" decoding=\"async\" itemprop=\"image\"  src=\"https:\/\/www.europesays.com\/no\/wp-content\/uploads\/2026\/03\/1773305951_556_b6ad06ce-2f4e-4492-9dd9-7cfbdae81f6d.jpeg\"  width=\"480\"\/><\/a><\/li>\n<\/ul>\n<p> Oppdatert torsdag 12. mars kl. 09:17     <\/p>\n<p class=\"_paragraph_145nj_4 _paragraph_6fko5_10 layout-component text-serif-m layout-normal text-serif-m layout-padded\">Klokken 08.55 meldte str\u00f8mleverand\u00f8ren Linja at hele <a href=\"https:\/\/www.vg.no\/tag\/aalesund?utm_source=vg-article&amp;utm_medium=auto-tagger&amp;utm_campaign=9p3bG9\" class=\"_link_145nj_39\" rel=\"nofollow noopener\" target=\"_blank\">\u00c5lesund<\/a> var uten str\u00f8m. Deres str\u00f8mkart viste rundt 50.000 kunder uten str\u00f8m. <\/p>\n<p class=\"_paragraph_145nj_4 _paragraph_6fko5_10 layout-component text-serif-m layout-normal text-serif-m layout-padded\">\u2013 08:50 stort utfall. Hele \u00c5lesund str\u00f8ml\u00f8s. Vi jobber med saken, sto det i deres driftsmeldinger. <\/p>\n<p class=\"_paragraph_145nj_4 _paragraph_6fko5_10 layout-component text-serif-m layout-normal text-serif-m layout-padded\">Like etter klokken 09.00 viser deres str\u00f8mkart at rundt 6000 kunder er ber\u00f8rt. <\/p>\n<p class=\"_paragraph_145nj_4 _paragraph_6fko5_10 layout-component text-serif-m layout-normal text-serif-m layout-padded\">Klokken 09.07 viser str\u00f8mkartet at ingen av kundene er ber\u00f8rt. <\/p>\n<p>    <img decoding=\"async\" alt=\"Tips oss illustrasjon\" src=\"https:\/\/www.europesays.com\/no\/wp-content\/uploads\/2025\/10\/pssst-small.webp.webp\"\/>    <\/p>\n<p class=\"title-serif-s\">Har du tips?<\/p>\n<p class=\"text-sans-m\">Send oss informasjon, bilder eller video.<\/p>\n<p>  <a href=\"https:\/\/www.vg.no\/tips-oss\" rel=\"nofollow noopener\" target=\"_blank\"> Tips oss <\/a>      <\/p>\n","protected":false},"excerpt":{"rendered":"Str\u00f8mleverand\u00f8ren meldte at rundt 50.000 kunder var uten str\u00f8m i M\u00f8re og Romsdal. Linja har ansvaret for str\u00f8mmen&hellip;\n","protected":false},"author":2,"featured_media":185299,"comment_status":"","ping_status":"","sticky":false,"template":"","format":"standard","meta":{"footnotes":"","_share_on_mastodon":"0"},"categories":[12],"tags":[1703,31,20,21,24,25,15,22,23,8176,13,30,28,29,14,16,243,26,27,42,43,44,45],"class_list":["post-185298","post","type-post","status-publish","format-standard","has-post-thumbnail","category-verden","tag-alesund","tag-breaking","tag-breaking-news","tag-breakingnews","tag-featured-news","tag-featurednews","tag-headlines","tag-latest-news","tag-latestnews","tag-linja","tag-news","tag-no","tag-norge","tag-norway","tag-nyheter","tag-overskrifter","tag-strom","tag-top-stories","tag-topstories","tag-verden","tag-world","tag-world-news","tag-worldnews"],"share_on_mastodon":{"url":"https:\/\/pubeurope.com\/@no\/116215386508869424","error":""},"_links":{"self":[{"href":"https:\/\/www.europesays.com\/no\/wp-json\/wp\/v2\/posts\/185298","targetHints":{"allow":["GET"]}}],"collection":[{"href":"https:\/\/www.europesays.com\/no\/wp-json\/wp\/v2\/posts"}],"about":[{"href":"https:\/\/www.europesays.com\/no\/wp-json\/wp\/v2\/types\/post"}],"author":[{"embeddable":true,"href":"https:\/\/www.europesays.com\/no\/wp-json\/wp\/v2\/users\/2"}],"replies":[{"embeddable":true,"href":"https:\/\/www.europesays.com\/no\/wp-json\/wp\/v2\/comments?post=185298"}],"version-history":[{"count":0,"href":"https:\/\/www.europesays.com\/no\/wp-json\/wp\/v2\/posts\/185298\/revisions"}],"wp:featuredmedia":[{"embeddable":true,"href":"https:\/\/www.europesays.com\/no\/wp-json\/wp\/v2\/media\/185299"}],"wp:attachment":[{"href":"https:\/\/www.europesays.com\/no\/wp-json\/wp\/v2\/media?parent=185298"}],"wp:term":[{"taxonomy":"category","embeddable":true,"href":"https:\/\/www.europesays.com\/no\/wp-json\/wp\/v2\/categories?post=185298"},{"taxonomy":"post_tag","embeddable":true,"href":"https:\/\/www.europesays.com\/no\/wp-json\/wp\/v2\/tags?post=185298"}],"curies":[{"name":"wp","href":"https:\/\/api.w.org\/{rel}","templated":true}]}}