{"id":185554,"date":"2026-03-12T14:01:47","date_gmt":"2026-03-12T14:01:47","guid":{"rendered":"https:\/\/www.europesays.com\/no\/185554\/"},"modified":"2026-03-12T14:01:47","modified_gmt":"2026-03-12T14:01:47","slug":"margot-robbie-viser-frem-sin-nye-frisyre","status":"publish","type":"post","link":"https:\/\/www.europesays.com\/no\/185554\/","title":{"rendered":"Margot Robbie viser frem sin nye frisyre"},"content":{"rendered":"<p class=\"kicker \" style=\"\">H\u00e5r\u00a0<\/p>\n<p>    Margot Robbie overrasker med helt ny frisyre.\u00a0<\/p>\n<p>\n    H\u00c5R: Skuespiller Margot Robbies h\u00e5r har f\u00e5tt mye oppmerksomhet den siste tiden. Foto: NTB\n  <\/p>\n<p>P\u00e5 f\u00f8rste rad under Chanels visning i Paris satt Margot Robbie med en gjennomsiktig topp, jeans og veske fra merket. Til tross for det noks\u00e5 enkle og tidl\u00f8se antrekket, vekket Robbie mye oppmerksomhet.<\/p>\n<p class=\"font-weight-bold m-font-weight-bold\" data-lab-font_weight=\"font-weight-bold\">Hun overrasket nemlig med en helt ny frisyre.<\/p>\n<p>Skuespillerens h\u00e5r har v\u00e6rt et stort samtaletema den siste tiden, som f\u00f8lge av kinofilmen \u00abWuthering Heights\u00bb, hvor Robbie spiller hovedkarakteren Cathy. Filmen blir elsket og hatet, men det er likevel ingen tvil om at h\u00e5rfrisyrene i filmen har imponert mange. Lange fletter med silkeb\u00e5nd og oppsetninger.<\/p>\n<p>    <a itemprop=\"url\" href=\"https:\/\/www.kk.no\/mote\/na-vil-alle-ha-dette\/84320356\" rel=\"nofollow noopener\" target=\"_blank\"><\/p>\n<p>        <img loading=\"lazy\" decoding=\"async\" src=\"https:\/\/www.europesays.com\/no\/wp-content\/uploads\/2026\/03\/84320419.webp.webp\" width=\"147\" height=\"98\" title=\"- N\u00e5 vil alle ha dette\" alt=\"\" class=\"lazyload\" style=\"--aspect-ratio-image: 1.50; \"\/><\/p>\n<p>        &#8211; N\u00e5 vil alle ha dette<\/p>\n<p>    <\/a><\/p>\n<p>N\u00e5 vil det imidlertid v\u00e6re vanskelig \u00e5 gjenskape frisyrene, slik Robbie har gjort under presseturneen for filmen. Kanskje er det nettopp det hun \u00f8nsker, og derfor har valgt \u00e5 klippe av de lange lokkene.<\/p>\n<p>        <img loading=\"lazy\" decoding=\"async\" src=\"https:\/\/www.europesays.com\/no\/wp-content\/uploads\/2026\/03\/84353584.webp.webp\" width=\"667\" height=\"934\" title=\"Margot Robbie under Chanels visning p\u00e5 Paris Fashion Week . Foto: NTB\" alt=\"\" class=\"\" style=\"--aspect-ratio-image: 0.71; \"\/><\/p>\n<p>\n        Margot Robbie under Chanels visning p\u00e5 Paris Fashion Week . Foto: NTB\n    <\/p>\n<p>Robbie har n\u00e5 blitt en av dem som b\u00e6rer \u00e5rets trendfrisyre, nemlig boben. <a href=\"https:\/\/www.vogue.com\/article\/margot-robbie-bob-bangs-chanel\" rel=\"nofollow noopener\" target=\"_blank\">Vogue<\/a> kaller det \u00abTeam bob\u00bb, og det ikke uten grunn. En rekke kjendiser har n\u00e5 valgt bort langt h\u00e5r, til fordel for kortere klippen.\u00a0<\/p>\n<p>Boben finnes i en rekke varianter, og Robbie har g\u00e5tt for det vi kaller en lob. Lob, som er en forkortelse for long bob eller lang bob, skal stoppe rett over skuldrene. Robbie har ogs\u00e5 klippet pannelugg, som ogs\u00e5 har v\u00e6rt sv\u00e6rt popul\u00e6rt den siste tiden.<\/p>\n<p>    <a itemprop=\"url\" href=\"https:\/\/www.kk.no\/mote\/na-etterligner-folk-haret-hennes\/84101911\" rel=\"nofollow noopener\" target=\"_blank\"><\/p>\n<p>        <img loading=\"lazy\" decoding=\"async\" src=\"https:\/\/www.europesays.com\/no\/wp-content\/uploads\/2026\/03\/1773324103_424_84309494.webp.webp\" width=\"980\" height=\"441\" title=\"N\u00e5 etterligner folk h\u00e5ret hennes\" alt=\"\" class=\"lazyload\" style=\"--aspect-ratio-image: 2.22; \"\/><\/p>\n<p>        N\u00e5 etterligner folk h\u00e5ret hennes<\/p>\n<p>    <\/a><\/p>\n<p>Til Vogue forteller fris\u00f8ren til Robbie, Cervando Maldonado, at bob og pannelugg er et moderne uttrykk for v\u00e5ren.<\/p>\n<p>        <img loading=\"lazy\" decoding=\"async\" src=\"https:\/\/www.europesays.com\/no\/wp-content\/uploads\/2026\/03\/84353386.webp.webp\" width=\"667\" height=\"641\" title=\"Klar for v\u00e5r med bob og pannelugg. Foto: NTB\" alt=\"\" class=\"\" style=\"--aspect-ratio-image: 1.04; \"\/><\/p>\n<p>\n        Klar for v\u00e5r med bob og pannelugg. Foto: NTB\n    <\/p>\n<p>&#8211; Den leder naturlig inn i sommeren med en uanstrengt stil. Lengden er allsidig og enkel \u00e5 sette opp eller style p\u00e5 ulike m\u00e5ter ved behov, sier Maldonado videre.<\/p>\n<p>Krever lite styling\u00a0\t<\/p>\n<p>Hvis man er vant til \u00e5 ha langt h\u00e5r, kan en lob v\u00e6re en perfekt m\u00e5te \u00e5 teste ut kortere h\u00e5r. Det finnes mange m\u00e5ter \u00e5 style en lob p\u00e5, men en av de store fordelene er at den ikke trenger mye styling i det hele tatt.<\/p>\n<p>    <a itemprop=\"url\" href=\"https:\/\/www.kk.no\/mote\/na-holder-en-hel-verden-pusten\/84285555\" rel=\"nofollow noopener\" target=\"_blank\"><\/p>\n<p>        <img loading=\"lazy\" decoding=\"async\" src=\"https:\/\/www.europesays.com\/no\/wp-content\/uploads\/2026\/03\/84349766.webp.webp\" width=\"147\" height=\"98\" title=\"N\u00e5 holder en hel verden pusten\" alt=\"\" class=\"lazyload\" style=\"--aspect-ratio-image: 1.50; \"\/><\/p>\n<p>        N\u00e5 holder en hel verden pusten<\/p>\n<p>    <\/a><\/p>\n<p>&#8211; Jo mindre styling, desto bedre. Start med \u00e5 luftt\u00f8rke h\u00e5ret, ta deretter en grov f\u00f8ning og avslutt med \u00e5 bare f\u00f8ne de fremre partiene, har fris\u00f8ren Ryan Wilkes sagt til\u00a0<a href=\"https:\/\/www.harpersbazaar.com\/beauty\/hair\/a70246986\/lob-haircut-trend\/\" rel=\"nofollow noopener\" target=\"_blank\">Harper\u2019s Bazaar<\/a>.<\/p>\n<p>&#8211; Dette er for alle som vil friske opp looken sin. Det finnes alltid m\u00e5ter \u00e5 f\u00e5 det til \u00e5 se bra ut p\u00e5, og bare det \u00e5 bytte skillen kan fullstendig forandre uttrykket. Det finnes ingen grenser for hvordan du kan style denne frisyren, sa Wilkes videre.<\/p>\n<p>        <img loading=\"lazy\" decoding=\"async\" src=\"https:\/\/www.europesays.com\/no\/wp-content\/uploads\/2026\/03\/84353600.webp.webp\" width=\"980\" height=\"559\" title=\"Margot Robbie tilbake i 2024. Foto: NTB\" alt=\"\" class=\"\" style=\"--aspect-ratio-image: 1.75; \"\/><\/p>\n<p>\n        Margot Robbie tilbake i 2024. Foto: NTB\n    <\/p>\n<p>Sist gang vi s\u00e5 Robbie med bob var i 2024, da den var stylet som en glatt bob, brettet bak \u00f8rene.<\/p>\n<p>        <img loading=\"lazy\" decoding=\"async\" src=\"https:\/\/www.europesays.com\/no\/wp-content\/uploads\/2026\/03\/1773324107_764_81893704.webp.webp\" width=\"206\" height=\"268\" title=\"Har du et tips?\" alt=\"\" class=\"\" style=\"--aspect-ratio-image: 0.77; \"\/><\/p>\n<p>        Har du et tips?<\/p>\n<p class=\"subtitle\">Hei, jeg heter Malin Haugan og er journalist i KK. Har du et tips, en historie du vil fortelle eller et felt du mener vi b\u00f8r skrive om?<\/p>\n<p><a href=\"https:\/\/www.kk.no\/\" class=\"\" style=\"font-size: 1.25rem;\" rel=\"nofollow noopener\" target=\"_blank\">Oppdag mer mote, livsstil og historier fra virkeligheten p\u00e5 KK.no<\/a><\/p>\n","protected":false},"excerpt":{"rendered":"H\u00e5r\u00a0 Margot Robbie overrasker med helt ny frisyre.\u00a0 H\u00c5R: Skuespiller Margot Robbies h\u00e5r har f\u00e5tt mye oppmerksomhet den&hellip;\n","protected":false},"author":2,"featured_media":185555,"comment_status":"","ping_status":"","sticky":false,"template":"","format":"standard","meta":{"footnotes":"","_share_on_mastodon":"0"},"categories":[58],"tags":[71,1534,4507,4024,30,28,29,72],"class_list":["post-185554","post","type-post","status-publish","format-standard","has-post-thumbnail","category-underholdning","tag-entertainment","tag-har","tag-margot-robbie","tag-mote","tag-no","tag-norge","tag-norway","tag-underholdning"],"share_on_mastodon":{"url":"https:\/\/pubeurope.com\/@no\/116216577824750040","error":""},"_links":{"self":[{"href":"https:\/\/www.europesays.com\/no\/wp-json\/wp\/v2\/posts\/185554","targetHints":{"allow":["GET"]}}],"collection":[{"href":"https:\/\/www.europesays.com\/no\/wp-json\/wp\/v2\/posts"}],"about":[{"href":"https:\/\/www.europesays.com\/no\/wp-json\/wp\/v2\/types\/post"}],"author":[{"embeddable":true,"href":"https:\/\/www.europesays.com\/no\/wp-json\/wp\/v2\/users\/2"}],"replies":[{"embeddable":true,"href":"https:\/\/www.europesays.com\/no\/wp-json\/wp\/v2\/comments?post=185554"}],"version-history":[{"count":0,"href":"https:\/\/www.europesays.com\/no\/wp-json\/wp\/v2\/posts\/185554\/revisions"}],"wp:featuredmedia":[{"embeddable":true,"href":"https:\/\/www.europesays.com\/no\/wp-json\/wp\/v2\/media\/185555"}],"wp:attachment":[{"href":"https:\/\/www.europesays.com\/no\/wp-json\/wp\/v2\/media?parent=185554"}],"wp:term":[{"taxonomy":"category","embeddable":true,"href":"https:\/\/www.europesays.com\/no\/wp-json\/wp\/v2\/categories?post=185554"},{"taxonomy":"post_tag","embeddable":true,"href":"https:\/\/www.europesays.com\/no\/wp-json\/wp\/v2\/tags?post=185554"}],"curies":[{"name":"wp","href":"https:\/\/api.w.org\/{rel}","templated":true}]}}