{"id":18557,"date":"2025-08-26T13:08:08","date_gmt":"2025-08-26T13:08:08","guid":{"rendered":"https:\/\/www.europesays.com\/no\/18557\/"},"modified":"2025-08-26T13:08:08","modified_gmt":"2025-08-26T13:08:08","slug":"journalistdrapene-i-gaza-burde-sjokkere-verden","status":"publish","type":"post","link":"https:\/\/www.europesays.com\/no\/18557\/","title":{"rendered":"Journalistdrapene i Gaza burde sjokkere verden"},"content":{"rendered":"\n<p class=\"_lead_1bvmi_2 _lead_xtcu6_50 layout-component text-serif-m layout-normal text-serif-l layout-component layout-wide layout-padded _wide_17hqh_1 layout-padded\">Journalistdrapene m\u00e5 ikke skremme folk til taushet, men oppildne til ansvarliggj\u00f8ring og rettferdighet, mener FN. \u2013\u2060\u00a0Drapene burde sjokkere hele verden.<\/p>\n<p><img alt=\"Kameraet som 33 \u00e5r gamle Mariam Dagga bar med seg da hun ble drept mandag. Israel angrep da Nasser-sykehuset i Khan Younis i Gaza to ganger p\u00e5 rad. Minst 20 mennesker ble drept, deriblant fem journalister, samt helsepersonell og redningsmannskap.  Foto: AP \/ NTB\" class=\"_image_qp4xg_65 layout-component layout-wide\" data-fullscreen- data-track-element-type=\"Article image fullscreen\" data-track-name=\"ImageFullscreen\" fetchpriority=\"high\" decoding=\"sync\" loading=\"eager\" height=\"4000\" itemprop=\"image\"  src=\"https:\/\/www.europesays.com\/no\/wp-content\/uploads\/2025\/08\/b82b10d2-f7c6-4a06-a8f6-46014c09e00a\"  style=\"object-position:0% 0%\" width=\"6000\"\/>Kameraet som 33 \u00e5r gamle Mariam Dagga bar med seg da hun ble drept mandag. Israel angrep da Nasser-sykehuset i Khan Younis i Gaza to ganger p\u00e5 rad. Minst 20 mennesker ble drept, deriblant fem journalister, samt helsepersonell og redningsmannskap.  Foto: AP \/ NTB<\/p>\n<ul aria-hidden=\"true\" class=\"_images_1y6fe_106\">\n<li><a class=\"_link_1y6fe_111\" href=\"https:\/\/www.vg.no\/forfatter\/ntb\" style=\"z-index:1\" title=\"NTB\" rel=\"nofollow noopener\" target=\"_blank\"><img alt=\"Bilde av NTB\" class=\"_image_1y6fe_88\" fetchpriority=\"low\" loading=\"lazy\" decoding=\"async\" itemprop=\"image\"  src=\"https:\/\/www.europesays.com\/no\/wp-content\/uploads\/2025\/08\/1756213688_847_c33980b0-5d07-4027-84a1-813f90a7c8d6\"  width=\"480\"\/><\/a><\/li>\n<\/ul>\n<p> Oppdatert tirsdag 26. august kl. 14:25     <\/p>\n<p class=\"_paragraph_1bvmi_4 _paragraph_xtcu6_10 layout-component text-serif-m layout-normal text-serif-m layout-padded\"> Det sier talsperson for <a href=\"https:\/\/x.com\/UNHumanRights\/status\/1960305515411443943\" class=\"_link_1bvmi_39\" rel=\"nofollow\">FNs menneskerettighetskontor<\/a>, Thameen Al-Kheetan.<\/p>\n<p class=\"_paragraph_1bvmi_4 _paragraph_xtcu6_10 layout-component text-serif-m layout-normal text-serif-m layout-padded\">\u2013 Vi har sett og dokumentert mange uakseptable angrep p\u00e5 journalister. Disse journalistene er \u00f8ynene og \u00f8rene til hele verden, og de m\u00e5 beskyttes, sier han videre. <\/p>\n<p class=\"_paragraph_1bvmi_4 _paragraph_xtcu6_10 layout-component text-serif-m layout-normal text-serif-m layout-padded\">Minst 247 palestinske journalister har blitt drept i <a href=\"https:\/\/www.vg.no\/tag\/gaza?utm_source=vg-article&amp;utm_medium=auto-tagger&amp;utm_campaign=eM3dbQ\" class=\"_link_1bvmi_39\" rel=\"nofollow noopener\" target=\"_blank\">Gaza<\/a> siden 7. oktober 2023, if\u00f8lge FN.<\/p>\n<p class=\"_paragraph_1bvmi_4 _paragraph_xtcu6_10 layout-component text-serif-m layout-normal text-serif-m layout-padded\">Fem journalister ble drept i to israelske angrep mot Nasser-sykehuset i Khan Younis s\u00f8r p\u00e5 Gazastripen mandag. Totalt ble minst 20 personer drept i angrepene.<\/p>\n<p class=\"_paragraph_1bvmi_4 _paragraph_xtcu6_10 layout-component text-serif-m layout-normal text-serif-m layout-padded\">EU kaller angrepet uakseptabelt.<\/p>\n<p class=\"_paragraph_1bvmi_4 _paragraph_xtcu6_10 layout-component text-serif-m layout-normal text-serif-m layout-padded\">\u2013 Sivile og journalister m\u00e5 beskyttes under folkeretten, sier talsperson for EU-kommisjonen Anouar El Anouni.<\/p>\n<p class=\"_paragraph_1bvmi_4 _paragraph_xtcu6_10 layout-component text-serif-m layout-normal text-serif-m layout-padded\">Ogs\u00e5 Kina reagerer kraftig.<\/p>\n<p class=\"_paragraph_1bvmi_4 _paragraph_xtcu6_10 layout-component text-serif-m layout-normal text-serif-m layout-padded\">\u2013 Vi er sjokkert og ford\u00f8mmer at medisinsk personell og journalister igjen har mistet livet i denne konflikten, sier talsperson Guo Jiakun i det kinesiske utenriksdepartementet.<\/p>\n","protected":false},"excerpt":{"rendered":"Journalistdrapene m\u00e5 ikke skremme folk til taushet, men oppildne til ansvarliggj\u00f8ring og rettferdighet, mener FN. \u2013\u2060\u00a0Drapene burde sjokkere&hellip;\n","protected":false},"author":2,"featured_media":18558,"comment_status":"","ping_status":"","sticky":false,"template":"","format":"standard","meta":{"footnotes":""},"categories":[12],"tags":[20,21,279,24,25,332,53,15,52,22,23,13,30,28,29,14,16,26,27,42,43,44,45],"class_list":{"0":"post-18557","1":"post","2":"type-post","3":"status-publish","4":"format-standard","5":"has-post-thumbnail","7":"category-verden","8":"tag-breaking-news","9":"tag-breakingnews","10":"tag-eu","11":"tag-featured-news","12":"tag-featurednews","13":"tag-fn","14":"tag-gaza","15":"tag-headlines","16":"tag-israel","17":"tag-latest-news","18":"tag-latestnews","19":"tag-news","20":"tag-no","21":"tag-norge","22":"tag-norway","23":"tag-nyheter","24":"tag-overskrifter","25":"tag-top-stories","26":"tag-topstories","27":"tag-verden","28":"tag-world","29":"tag-world-news","30":"tag-worldnews"},"share_on_mastodon":{"url":"","error":""},"_links":{"self":[{"href":"https:\/\/www.europesays.com\/no\/wp-json\/wp\/v2\/posts\/18557","targetHints":{"allow":["GET"]}}],"collection":[{"href":"https:\/\/www.europesays.com\/no\/wp-json\/wp\/v2\/posts"}],"about":[{"href":"https:\/\/www.europesays.com\/no\/wp-json\/wp\/v2\/types\/post"}],"author":[{"embeddable":true,"href":"https:\/\/www.europesays.com\/no\/wp-json\/wp\/v2\/users\/2"}],"replies":[{"embeddable":true,"href":"https:\/\/www.europesays.com\/no\/wp-json\/wp\/v2\/comments?post=18557"}],"version-history":[{"count":0,"href":"https:\/\/www.europesays.com\/no\/wp-json\/wp\/v2\/posts\/18557\/revisions"}],"wp:featuredmedia":[{"embeddable":true,"href":"https:\/\/www.europesays.com\/no\/wp-json\/wp\/v2\/media\/18558"}],"wp:attachment":[{"href":"https:\/\/www.europesays.com\/no\/wp-json\/wp\/v2\/media?parent=18557"}],"wp:term":[{"taxonomy":"category","embeddable":true,"href":"https:\/\/www.europesays.com\/no\/wp-json\/wp\/v2\/categories?post=18557"},{"taxonomy":"post_tag","embeddable":true,"href":"https:\/\/www.europesays.com\/no\/wp-json\/wp\/v2\/tags?post=18557"}],"curies":[{"name":"wp","href":"https:\/\/api.w.org\/{rel}","templated":true}]}}