{"id":18636,"date":"2025-08-26T15:05:46","date_gmt":"2025-08-26T15:05:46","guid":{"rendered":"https:\/\/www.europesays.com\/no\/18636\/"},"modified":"2025-08-26T15:05:46","modified_gmt":"2025-08-26T15:05:46","slug":"ukraina-kan-miste-starlink-tilgang-finansavisen","status":"publish","type":"post","link":"https:\/\/www.europesays.com\/no\/18636\/","title":{"rendered":"Ukraina kan miste Starlink-tilgang | Finansavisen"},"content":{"rendered":"<p>Bakgrunnen for situasjonen er at det er Polen som betaler for Ukrainas bruk av Starlink. Den satellittbaserte nettjenesten er sv\u00e6rt viktig for Ukrainas forsvarsstyrker.<\/p>\n<p>Den polske presidenten Karol Nawrocki la mandag ned veto mot et budsjettvedtak som forlenger \u00f8konomisk st\u00f8tte til ukrainske flyktninger i Polen. P\u00e5 meldingstjenesten X skriver visestatsminister og digitaliseringsminister Krzystof Gawkowski at vetoet ogs\u00e5 rammer finansieringen av Ukrainas Starlink-tilgang.<\/p>\n<p>En talsperson for Nawrocki sier imidlertid at Starlink-finansieringen er sikret hvis nasjonalforsamlingen vedtar et budsjettforslag lagt fram av presidenten.<\/p>\n<p>Den ukrainske kringkasteren Suspilne melder at Ukraina er i samtaler med Polen om Starlink-finansieringen. Det er det amerikanske selskapet SpaceX, ledet av Elon Musk, som st\u00e5r bak Starlink.<\/p>\n<p>(\u00a9NTB)<\/p>\n","protected":false},"excerpt":{"rendered":"Bakgrunnen for situasjonen er at det er Polen som betaler for Ukrainas bruk av Starlink. Den satellittbaserte nettjenesten&hellip;\n","protected":false},"author":2,"featured_media":18637,"comment_status":"","ping_status":"","sticky":false,"template":"","format":"standard","meta":{"footnotes":""},"categories":[12],"tags":[20,21,129,24,25,15,22,23,13,30,28,29,14,16,3272,26,27,42,43,44,45],"class_list":{"0":"post-18636","1":"post","2":"type-post","3":"status-publish","4":"format-standard","5":"has-post-thumbnail","7":"category-verden","8":"tag-breaking-news","9":"tag-breakingnews","10":"tag-elon-musk","11":"tag-featured-news","12":"tag-featurednews","13":"tag-headlines","14":"tag-latest-news","15":"tag-latestnews","16":"tag-news","17":"tag-no","18":"tag-norge","19":"tag-norway","20":"tag-nyheter","21":"tag-overskrifter","22":"tag-starlink","23":"tag-top-stories","24":"tag-topstories","25":"tag-verden","26":"tag-world","27":"tag-world-news","28":"tag-worldnews"},"share_on_mastodon":{"url":"","error":""},"_links":{"self":[{"href":"https:\/\/www.europesays.com\/no\/wp-json\/wp\/v2\/posts\/18636","targetHints":{"allow":["GET"]}}],"collection":[{"href":"https:\/\/www.europesays.com\/no\/wp-json\/wp\/v2\/posts"}],"about":[{"href":"https:\/\/www.europesays.com\/no\/wp-json\/wp\/v2\/types\/post"}],"author":[{"embeddable":true,"href":"https:\/\/www.europesays.com\/no\/wp-json\/wp\/v2\/users\/2"}],"replies":[{"embeddable":true,"href":"https:\/\/www.europesays.com\/no\/wp-json\/wp\/v2\/comments?post=18636"}],"version-history":[{"count":0,"href":"https:\/\/www.europesays.com\/no\/wp-json\/wp\/v2\/posts\/18636\/revisions"}],"wp:featuredmedia":[{"embeddable":true,"href":"https:\/\/www.europesays.com\/no\/wp-json\/wp\/v2\/media\/18637"}],"wp:attachment":[{"href":"https:\/\/www.europesays.com\/no\/wp-json\/wp\/v2\/media?parent=18636"}],"wp:term":[{"taxonomy":"category","embeddable":true,"href":"https:\/\/www.europesays.com\/no\/wp-json\/wp\/v2\/categories?post=18636"},{"taxonomy":"post_tag","embeddable":true,"href":"https:\/\/www.europesays.com\/no\/wp-json\/wp\/v2\/tags?post=18636"}],"curies":[{"name":"wp","href":"https:\/\/api.w.org\/{rel}","templated":true}]}}