{"id":18648,"date":"2025-08-26T15:22:10","date_gmt":"2025-08-26T15:22:10","guid":{"rendered":"https:\/\/www.europesays.com\/no\/18648\/"},"modified":"2025-08-26T15:22:10","modified_gmt":"2025-08-26T15:22:10","slug":"sport-fotball-nff-avslorer-tar-grep-med-haalands-landslagsdrakt-jaerbladet","status":"publish","type":"post","link":"https:\/\/www.europesays.com\/no\/18648\/","title":{"rendered":"Sport, Fotball | NFF avsl\u00f8rer: Tar grep med Haalands landslagsdrakt &#8211; J\u00e6rbladet"},"content":{"rendered":"<ol>\n<li><a href=\"https:\/\/news.google.com\/rss\/articles\/CBMijAFBVV95cUxPRGJBZGNhTHJPWWFtVnBORDRUbGp4ZllyZUQ1NXlXZHB5Q2gtUjkybzNqWjZQY1JuT28zZ1JNaGthT3NXdk1GLU5IM0t5ZG1DdnlCQ3R6cVBJelVNNmxVazNEUE4xblZyS0JBNHhISFhkOGRCRl9wR0NuUDJISlR5QzR2cGkzcElpZksweg?oc=5\" target=\"_blank\" rel=\"nofollow noopener\">Sport, Fotball | NFF avsl\u00f8rer: Tar grep med Haalands landslagsdrakt<\/a>&nbsp;&nbsp;J\u00e6rbladet<\/li>\n<li><a href=\"https:\/\/news.google.com\/rss\/articles\/CBMiaEFVX3lxTE5FdXlxenN6LUFCczA1alVNejFjUGp5SV92NEZMRUVEYTdpWlNpdzhVSUMtelN1aFk4aUFsTEpRREVRRzBSd0dLUWxrSkIzYmpOTU5MOU1GaG1MTGp2MldwTDBjM1NNNnph?oc=5\" target=\"_blank\" rel=\"nofollow noopener\">Bekrefter endring<\/a>&nbsp;&nbsp;Dagbladet<\/li>\n<li><a href=\"https:\/\/news.google.com\/rss\/articles\/CBMijwFBVV95cUxPZk9WdlZOV1hYVU1nZk01UmJuSWcta0NZNGZGQVpCdDVydDh2aGN1TzJlM0ZTQklYU0tRM01BVml6RU1UTW1WYV9lbjRuR3lnM1JvcHNWQ0thSTJrWDNtV3hYZWdkZXhBaEM5YVlNQVlPLUJFQXlQREV4ZENreVJyWlplTU1wckJYVDJ2TnRuaw?oc=5\" target=\"_blank\" rel=\"nofollow noopener\">Sportsstudio &#8211; NFF avsl\u00f8rer: Tar grep med Haalands landslagsdrakt<\/a>&nbsp;&nbsp;Stavanger Aftenblad<\/li>\n<li><a href=\"https:\/\/news.google.com\/rss\/articles\/CBMiqgFBVV95cUxPVE0wMkxUWkZxNmZ1TC05LVZJNVR4UUZwR05XMkxBd1luYmZXQ2Y4ME8wajNZSGp2SXBaUVkzTW9VWS03Z0RmRkNYVkFGUlI1RTZGYzlhZ1daa1ZJd0NuMm5rbzg5YTFlRjVTOF9JVW5ndWdyN2VWNHBBY04zVF9xVmluNzlsUnc1SEVjQXhTajd6VXhTeVdQem9yeWxaSG5tTnlVY3pmMnljdw?oc=5\" target=\"_blank\" rel=\"nofollow noopener\">NFF avsl\u00f8rer: Tar grep med Haalands landslagsdrakt<\/a>&nbsp;&nbsp;MSN<\/li>\n<li><a href=\"https:\/\/news.google.com\/rss\/articles\/CBMibkFVX3lxTE1Bd0Q5WFIyNlFYOTd4dlZlelg3LTVVY1AxTEtiQW5Hak9VYXF0cFBXUU5tb3lJeFd5RGZZVVRhYkNpWE5keXVjVEtNNUtEV3NBM21NcnhDY196cjRjR0FNYmRVX0dpdXpnZUZiZzBR?oc=5\" target=\"_blank\" rel=\"nofollow noopener\">Erling Haaland bytter navn p\u00e5 drakten<\/a>&nbsp;&nbsp;433.no<\/li>\n<\/ol>\n","protected":false},"excerpt":{"rendered":"Sport, Fotball | NFF avsl\u00f8rer: Tar grep med Haalands landslagsdrakt&nbsp;&nbsp;J\u00e6rbladet Bekrefter endring&nbsp;&nbsp;Dagbladet Sportsstudio &#8211; NFF avsl\u00f8rer: Tar grep&hellip;\n","protected":false},"author":2,"featured_media":18649,"comment_status":"","ping_status":"","sticky":false,"template":"","format":"standard","meta":{"footnotes":""},"categories":[59],"tags":[36,810,92,30,28,29,83,82,1510],"class_list":{"0":"post-18648","1":"post","2":"type-post","3":"status-publish","4":"format-standard","5":"has-post-thumbnail","7":"category-sport","8":"tag-art","9":"tag-erling-braut-haaland","10":"tag-fotball","11":"tag-no","12":"tag-norge","13":"tag-norway","14":"tag-sport","15":"tag-sports","16":"tag-story"},"share_on_mastodon":{"url":"","error":""},"_links":{"self":[{"href":"https:\/\/www.europesays.com\/no\/wp-json\/wp\/v2\/posts\/18648","targetHints":{"allow":["GET"]}}],"collection":[{"href":"https:\/\/www.europesays.com\/no\/wp-json\/wp\/v2\/posts"}],"about":[{"href":"https:\/\/www.europesays.com\/no\/wp-json\/wp\/v2\/types\/post"}],"author":[{"embeddable":true,"href":"https:\/\/www.europesays.com\/no\/wp-json\/wp\/v2\/users\/2"}],"replies":[{"embeddable":true,"href":"https:\/\/www.europesays.com\/no\/wp-json\/wp\/v2\/comments?post=18648"}],"version-history":[{"count":0,"href":"https:\/\/www.europesays.com\/no\/wp-json\/wp\/v2\/posts\/18648\/revisions"}],"wp:featuredmedia":[{"embeddable":true,"href":"https:\/\/www.europesays.com\/no\/wp-json\/wp\/v2\/media\/18649"}],"wp:attachment":[{"href":"https:\/\/www.europesays.com\/no\/wp-json\/wp\/v2\/media?parent=18648"}],"wp:term":[{"taxonomy":"category","embeddable":true,"href":"https:\/\/www.europesays.com\/no\/wp-json\/wp\/v2\/categories?post=18648"},{"taxonomy":"post_tag","embeddable":true,"href":"https:\/\/www.europesays.com\/no\/wp-json\/wp\/v2\/tags?post=18648"}],"curies":[{"name":"wp","href":"https:\/\/api.w.org\/{rel}","templated":true}]}}