{"id":186996,"date":"2026-03-14T00:45:11","date_gmt":"2026-03-14T00:45:11","guid":{"rendered":"https:\/\/www.europesays.com\/no\/186996\/"},"modified":"2026-03-14T00:45:11","modified_gmt":"2026-03-14T00:45:11","slug":"debatt-bodo-glimt-arets-sesong-ma-forlenges-med-to-uker","status":"publish","type":"post","link":"https:\/\/www.europesays.com\/no\/186996\/","title":{"rendered":"Debatt, Bod\u00f8 Glimt | \u00c5rets sesong m\u00e5 forlenges med to uker"},"content":{"rendered":"\n<p>Det er et gammelt norsk uttrykk; du skal ikke rette baker for smed. Mens amerikanerne ber oss om \u00e5 ikke skyte pianisten. Begge deler er uttrykk for \u00e5 straffe en uskyldig person for noen andres feil: Bakeren i stedet for smeden i Johan Herman Wessels dikt, pianisten i stedet for komponisten p\u00e5 Den Ville Vestens barer.<\/p>\n<p>N\u00e5r fans og spillere til andre klubber n\u00e5 raser over at kamper flyttes p\u00e5 grunn av Bod\u00f8\/Glimts suksess i Europa ser vi mye av det samme. Som n\u00e5r Lillestr\u00f8ms kaptein Ruben Gabrielsen hevder at \u00abBod\u00f8\/Glimt styrer norsk fotball\u00bb. Det er fristende \u00e5 bare si \u00abstille i fj\u00f8set\u00bb til Gabrielsen, men han er ikke alene.<\/p>\n<p>Viking-kaptein Zlatko Tripic er inne p\u00e5 det samme: Vi kan ikke ta s\u00e5nn vanvittig hensyn til Glimt, sier han til TV2. At dette \u00abhensynet til Glimt\u00bb er \u00e5rsaken til at han og Viking kan g\u00e5 rett inn i en play off til Champions League skal jeg la ligge her; men helt logisk er Tripic ikke n\u00e5r han velger \u00e5 overse hvor mye han selv og resten av Fotball-Norge tjener p\u00e5 Glimts suksess.<\/p>\n<p>Det betyr ikke at den storstilte flyttingen av serie- og cupkamper vi ser akkurat n\u00e5 er uproblematisk. N\u00e5r mai kommer risikerer vi at Bod\u00f8\/Glimt har spilt \u00e9n seriekamp, de fleste andre fem. Og at serien \u2013 i \u00e5r som i fjor \u2013 ikke blir \u00abjevnspilt\u00bb f\u00f8r langt ut p\u00e5 h\u00f8sten. Det er fullt forst\u00e5elig at det oppleves frustrerende for b\u00e5de fans og spillere.<\/p>\n<p>Mens s\u00e5 var det dette med smeder, bakere og pianister. \u00c5 rette skytset mot Bod\u00f8\/Glimt er meningsl\u00f8st. Det var Norges Fotballforbund som i fjor satte opp en terminliste basert p\u00e5 at Glimt ikke g\u00e5r til sluttspillet i Champions League. Ikke nok med det; NFF har ogs\u00e5 forutsatt at Norge ikke g\u00e5r videre i sommerens VM!<\/p>\n<p>NFF har nemlig satt opp 12. serierunde 4. og 5. juli. De samme dagene spilles \u00e5ttendedelsfinalene i VM. Bod\u00f8\/Glimt skal m\u00f8te V\u00e5lerenga i den runden. M\u00e5 de det mens 4\u20135 av lagets mest sentrale spillere fortsatt er i USA kan man neppe p\u00e5st\u00e5 at Glimt styrer norsk fotball. Og flyttes kampen vil det skape enda mer kaos.<\/p>\n<p>Man m\u00e5 i det hele sp\u00f8rre hva NFF tenkte med da terminlista ble satt opp? Den ble lagt ut p\u00e5 NFFs hjemmesider 15. september i fjor, to dager f\u00f8r Bod\u00f8\/Glimt hadde spilte en eneste kamp i Champions League. Likevel synes NFF alts\u00e5 \u00e5 ha forutsatt at Glimt ble sl\u00e5tt ut f\u00f8r sluttspillet. De synes alts\u00e5 ikke \u00e5 ha l\u00e6rt noe som helst av fjor\u00e5rets kaos p\u00e5 grunn av Glimts suksess i Europa.<\/p>\n<p>Ekstra merkelig er det at dette skjer i et \u00e5r der NFF legger om cupen og innf\u00f8rer 13 nye kamper i v\u00e5rsesongen. Hva ble s\u00e5 deres svar p\u00e5 alt dette; flere cupkamper, Norge i et VM-sluttspill og et lag som har viste at de kan hevde seg i Europa? Jo, de flyttet seriestarten fram med 14 dager. <\/p>\n<p>Det kan synes som er smart grep, inntil man oppdager at de ogs\u00e5 stopper alt seriespill i juni. Da innser man at tidlig seriestart ikke en gang kompenserer for den stansen; lagene f\u00e5r to kamper mer i mars enn i fjor, men tre kamper f\u00e6rre i juni. Hvordan man da skal f\u00e5 plass til de mange kampene som alt n\u00e5 m\u00e5 flyttes er et mysterium.<\/p>\n<p>Det finnes egentlig bare en vei ut av dette uf\u00f8ret; \u00e5 utvide \u00e5rets sesong med to uker fram til 19. desember. Da kan NFF sette av to \u00ab\u00e5pne\u00bb uker etter VM der de utsatte kampene kan spilles. Det er ingen optimal l\u00f8sning, men bedre enn alle andre.<\/p>\n<p>I tillegg m\u00e5 NFF fra og med neste sesong framskynde sesongstarten fast til begynnelsen av mars. B\u00e5de banene og fansen vil t\u00e5le det, som Bod\u00f8\/Glimt til de grader har bevist. Det vil gi en helt annen slakk i terminlista for flyttede kamper. Det er slik en framsynt komponist b\u00f8r tenke, i stedet for bare \u00e5 lene seg tilbake og la folk skyte p\u00e5 pianisten.<\/p>\n","protected":false},"excerpt":{"rendered":"Det er et gammelt norsk uttrykk; du skal ikke rette baker for smed. Mens amerikanerne ber oss om&hellip;\n","protected":false},"author":2,"featured_media":186997,"comment_status":"","ping_status":"","sticky":false,"template":"","format":"standard","meta":{"footnotes":"","_share_on_mastodon":"0"},"categories":[5],"tags":[36,517,20,21,706,37,24,25,92,15,19,22,23,17,18,13,4583,30,28,29,14,1533,16,15186,10867,26,27],"class_list":["post-186996","post","type-post","status-publish","format-standard","has-post-thumbnail","category-overskrifter","tag-art","tag-bodo-glimt","tag-breaking-news","tag-breakingnews","tag-champions-league","tag-debatt","tag-featured-news","tag-featurednews","tag-fotball","tag-headlines","tag-hovedoppslag","tag-latest-news","tag-latestnews","tag-main-news","tag-mainnews","tag-news","tag-nff","tag-no","tag-norge","tag-norway","tag-nyheter","tag-opinion","tag-overskrifter","tag-seriestart","tag-terminliste","tag-top-stories","tag-topstories"],"share_on_mastodon":{"url":"https:\/\/pubeurope.com\/@no\/116224768429865998","error":""},"_links":{"self":[{"href":"https:\/\/www.europesays.com\/no\/wp-json\/wp\/v2\/posts\/186996","targetHints":{"allow":["GET"]}}],"collection":[{"href":"https:\/\/www.europesays.com\/no\/wp-json\/wp\/v2\/posts"}],"about":[{"href":"https:\/\/www.europesays.com\/no\/wp-json\/wp\/v2\/types\/post"}],"author":[{"embeddable":true,"href":"https:\/\/www.europesays.com\/no\/wp-json\/wp\/v2\/users\/2"}],"replies":[{"embeddable":true,"href":"https:\/\/www.europesays.com\/no\/wp-json\/wp\/v2\/comments?post=186996"}],"version-history":[{"count":0,"href":"https:\/\/www.europesays.com\/no\/wp-json\/wp\/v2\/posts\/186996\/revisions"}],"wp:featuredmedia":[{"embeddable":true,"href":"https:\/\/www.europesays.com\/no\/wp-json\/wp\/v2\/media\/186997"}],"wp:attachment":[{"href":"https:\/\/www.europesays.com\/no\/wp-json\/wp\/v2\/media?parent=186996"}],"wp:term":[{"taxonomy":"category","embeddable":true,"href":"https:\/\/www.europesays.com\/no\/wp-json\/wp\/v2\/categories?post=186996"},{"taxonomy":"post_tag","embeddable":true,"href":"https:\/\/www.europesays.com\/no\/wp-json\/wp\/v2\/tags?post=186996"}],"curies":[{"name":"wp","href":"https:\/\/api.w.org\/{rel}","templated":true}]}}