{"id":18720,"date":"2025-08-26T17:10:15","date_gmt":"2025-08-26T17:10:15","guid":{"rendered":"https:\/\/www.europesays.com\/no\/18720\/"},"modified":"2025-08-26T17:10:15","modified_gmt":"2025-08-26T17:10:15","slug":"allmenning-fiskeri-allmenningens-tragedie-makt-og-motstand-i-ost-finnmark","status":"publish","type":"post","link":"https:\/\/www.europesays.com\/no\/18720\/","title":{"rendered":"Allmenning, Fiskeri | Allmenningens tragedie: Makt og motstand i \u00d8st-Finnmark"},"content":{"rendered":"<p>  Tragedien<\/p>\n<p>Det er vel ingen dristig p\u00e5stand at utsettelsen delvis er resultat av den allmenningens tragedie som n\u00e5 spiller seg ut i fiskeriene. For n\u00e5r krybba er tom, bites som kjent hestene.<\/p>\n<p>Det er lite oppmerksomhet p\u00e5 at utviklinga i denne basisn\u00e6ringa har v\u00e6rt slik at totalkvoten p\u00e5 torsk n\u00e5 faktisk er p\u00e5 en tredjedel av det den har v\u00e6rt de siste \u00e5rene. Selvf\u00f8lgelig med dramatiske konsekvenser for b\u00e5de fiskere og fiskeindustri \u2013 n\u00e5 og i \u00e5rene framover.<\/p>\n<p>  <a href=\"https:\/\/www.nordnorskdebatt.no\/5-124-382628\" class=\"related-teaser has-image default-opinion-teaser article--c-eRUmMG article--c-eRUmMG-jKCPdD-design-default\" rel=\"nofollow noopener\" target=\"_blank\"><\/p>\n<p>    <img decoding=\"async\" loading=\"lazy\"  src=\"https:\/\/www.europesays.com\/no\/wp-content\/uploads\/2025\/08\/Repparfjord.jpg\" alt=\"\" class=\"brick-c-cFOWSL\" style=\"\"\/><\/p>\n<p>\n            Les ogs\u00e5<\/p>\n<p>              Fantasi og virkelighet om kobberutslipp fra fiskeoppdrett og gruvedrift\n        <\/p>\n<p>  <\/a><br \/>\n  Overfisket<\/p>\n<p>Havforskerne peker p\u00e5 overfiske i norsk og russisk sone som en av hoved\u00e5rsakene. Og da s\u00e6rlig et utbredt fiske p\u00e5 ikke gytemoden ungfisk. Lokale fiskere i Finnmark har i fiskeriavisene og finnmarksavisene fortalt oss om hva som foreg\u00e5r. Store kystfiskeb\u00e5ter fisker n\u00e5 heilt inn mot fjordlinjene med aktive redskap, som snurrevad og kilometerlange garnsettinger. Dette til fortrengsel for lokale fiskere i fjordene og kystn\u00e6re omr\u00e5dene, som fangster med mindre b\u00e5ter og mer utvelgende redskap p\u00e5 mer voksen og gytemoden torsk, sei og hyse.<\/p>\n<p>Et illustrerende eksempel som fortelles fra landsida: Fiskeindustrien i B\u00e5tsfjord skal n\u00e5 ha tatt i bruk sildefileteringsmaskiner for skj\u00e6ring av sm\u00e5fallen hyse.<\/p>\n<p>  <a href=\"https:\/\/www.nordnorskdebatt.no\/5-124-382202\" class=\"related-teaser has-image default-opinion-teaser article--c-eRUmMG article--c-eRUmMG-jKCPdD-design-default\" rel=\"nofollow noopener\" target=\"_blank\"><\/p>\n<p>    <img decoding=\"async\" loading=\"lazy\"  src=\"https:\/\/www.europesays.com\/no\/wp-content\/uploads\/2025\/08\/Kartr.png\" alt=\"\" class=\"brick-c-cFOWSL\" style=\"\"\/><\/p>\n<p>\n            Les ogs\u00e5<\/p>\n<p>              Til Milj\u00f8direktoratet \u2013 hva er sannheten om kobberutslipp i Repparfjorden?\n        <\/p>\n<p>  <\/a><br \/>\n  Effektiviteten<\/p>\n<p>En grunn til det irrasjonelle og bestands\u00f8deleggende sm\u00e5fiskfisket er \u00e5penbar:<\/p>\n<p>Den fiskeripolitikken som fra 1990-tallet har tillatt kj\u00f8p og salg av fangstrettigheter har f\u00f8rt til en sterk vekst i b\u00e5tgruppa \u00abstor kyst\u00bb. Alts\u00e5 st\u00f8rre b\u00e5ter med mer aktive redskaper og med sammensl\u00e5tte oppkj\u00f8pte kvoter. Disse har f\u00e5tt adgang til \u00e5 h\u00f8ste av kystfiskeandelen av totalkvota p\u00e5 bekostning av mindre b\u00e5ter som bruker mer utvelgende krokredskap og begrensa garnsettinger. De s\u00e5kalte \u00abeffektive\u00bb st\u00f8rre b\u00e5tene har stor gjeldsbelastning, og m\u00e5 derfor ogs\u00e5 drifte hardt med sommer og h\u00f8stfiske i Finnmark.<\/p>\n<p>Et anslag er at totalgjelda i den norske fiskefl\u00e5ten ligger p\u00e5 70 milliarder kroner; s\u00e5 her m\u00e5 det med st\u00f8rre b\u00e5ter og tr\u00e5lere fra heile fra heile kysten fiskes hardt i fiskerike Finnmark \u2013 ogs\u00e5 om sommeren! Men den p\u00e5st\u00e5tte effektiviteten som det fra departement og n\u00e6ring snakkes s\u00e5 h\u00f8yt om, dreier seg jo om den enkelte b\u00e5t.<\/p>\n<p>I dagens situasjon betyr det harde fisket p\u00e5 mest sm\u00e5fisk det motsatte av effektiv h\u00f8sting, det betyr samla irrasjonalitet og synkende l\u00f8nnsomhet for alle involverte, alts\u00e5 allmenningens tragedie. Jmf. sommerens gjentatte krangling om \u00e5pning eller lukking av hysefelt i Finnmark p\u00e5 grunn av stor innblanding av ikke gytemoden sm\u00e5fisk i fangstene.<\/p>\n<p>      Kyst-Finnmark<\/p>\n<p>I de marine sammenhengene i nord er Kyst-Finnmark avgj\u00f8rende for heile fiskerisystemet i Barentshavet og Nord-Atlanteren. Fylket er unikt som b\u00e5de gyte- og oppvekstomr\u00e5de for flere av de viktigste fiskeartene v\u00e5re. Og n\u00e5 kan fisker Arne Pedersen og \u00d8st-Finnmark Kystfiskarlag vise til utredninger og str\u00f8mkart som avsl\u00f8rer omfattende giftutslipp fra de 994 oppdrettsanleggene langs norskekysten.<\/p>\n<p>Det dreier seg s\u00e6rlig om kobber og sinkstoffer som brukes for \u00e5 hindre gjengroing av veggene i oppdrettsmerdene. Men dette er alts\u00e5 stoffer som blir gift i blanding med sj\u00f8vann, og som de dominerende s\u00f8r-nord-str\u00f8mmene langs kysten f\u00f8rer nordover. Og der gifta fra det omfattende oppdrettet st\u00e5r fram som en \u00e5penbart viktig \u00e5rsak til svekket gyting og \u00f8deleggelse av annet marint liv i havet langs heile norskekysten og utover i havomr\u00e5dene.<\/p>\n<p>Med den omfattende sykdomsspredninga i de \u00e5pne oppdrettsanleggene i S\u00f8r-Norge, er Nord-Norge blitt det nasjonale ekspansjonsomr\u00e5det for den raskt voksende n\u00e6ringa. S\u00e5 i tillegg til gifta i havstr\u00f8mmene f\u00e5r Nord-Norge n\u00e5 del i tilsvarende fra fjerneigde, men lokalt plasserte oppdrettsanlegg, i fiskerike fjorder og kystomr\u00e5der. Alt til beste for mer profitt for skatteflyktninger og noen f\u00e5 milliard\u00e6rer som dominerer som eiere i denne sterkt forurensende n\u00e6ringen.<\/p>\n<p>  <a href=\"https:\/\/www.nordnorskdebatt.no\/5-124-361549\" class=\"related-teaser has-image default-opinion-teaser article--c-eRUmMG article--c-eRUmMG-jKCPdD-design-default\" rel=\"nofollow noopener\" target=\"_blank\"><\/p>\n<p>    <img decoding=\"async\" loading=\"lazy\"  src=\"https:\/\/www.europesays.com\/no\/wp-content\/uploads\/2025\/08\/Mowi+Maursund.jpg\" alt=\"\" class=\"brick-c-cFOWSL\" style=\"\"\/><\/p>\n<p>\n            Les ogs\u00e5<\/p>\n<p>              Den marine \u00f8deleggelsen fortsetter\n        <\/p>\n<p>  <\/a><br \/>\n  N\u00e6ringskjeden<\/p>\n<p>Et aktuelt eksempel n\u00e5 er Vads\u00f8. Her har Ler\u00f8y funnet og s\u00f8kt om \u00e5 f\u00e5 bruke en god lokalitet i omr\u00e5de som kalles for Salttjern. Problemet er at denne gode lokaliteten for oppdrett ligger i et gytefelt for lodde. Hvilket igjen betyr at det er et sv\u00e6rt godt fiskefelt for lokal torskefisk i den fiske-, reke- og krabberike Varangerfjorden.<\/p>\n<p>Men mer allment: Gyte og oppvekstomr\u00e5dene for lodde langs kysten i Finnmark er heilt avgj\u00f8rende for liv i havet. Dette fordi lodda er et kritisk viktig mellomledd i n\u00e6ringskjeden mellom plankton og fisk i det som globalt er et av verdens viktigste fiskeriomr\u00e5der, alts\u00e5 i det Barentshavet som vi deler med russerne.<\/p>\n<p>  <a href=\"https:\/\/www.nordnorskdebatt.no\/5-124-346541\" class=\"related-teaser has-image default-opinion-teaser article--c-eRUmMG article--c-eRUmMG-jKCPdD-design-default\" rel=\"nofollow noopener\" target=\"_blank\"><\/p>\n<p>    <img decoding=\"async\" loading=\"lazy\"  src=\"https:\/\/www.europesays.com\/no\/wp-content\/uploads\/2025\/08\/Sjark+Myre+Rath.jpg\" alt=\"\" class=\"brick-c-cFOWSL\" style=\"\"\/><\/p>\n<p>\n            Les ogs\u00e5<\/p>\n<p>              Framtid i nord?\n        <\/p>\n<p>  <\/a><br \/>\n  Motmakta<\/p>\n<p>S\u00e5 n\u00e5r folk fra Ler\u00f8y sies \u00e5 ha spurt de lokale fiskene i Vads\u00f8 om ikke de bare kan flytte fisket sitt litt lenger ut i fjorden, slik at Ler\u00f8y kan slippe til med sine oppdrettsmerder, s\u00e5 sier det oss sv\u00e6rt mye.<\/p>\n<p>Striden om etableringene i Varangerfjorden avsl\u00f8rer b\u00e5de gjennomf\u00f8rte maktstrategier fra milliardselskap og tilh\u00f8rende kunnskapsmangel eller kunnskapsvegring b\u00e5de fra selskap og myndigheter. N\u00e5r \u00d8st-Finnmarks Kystfiskarlag forel\u00f8pig har klart \u00e5 stoppe Ler\u00f8y-etableringa i Vads\u00f8, skyldes det at fiskerne sj\u00f8l har gjort den omfattende jobben med \u00e5 f\u00e5 fram den nye kunnskapen vi n\u00e5 har f\u00e5tt om de \u00f8deleggende resultatene for livet i havet som vil f\u00f8lge av videre etableringer av \u00e5pne oppdrettsanlegg.<\/p>\n<p>For \u00e5 si det kort: Varangerfiskernes innsats l\u00e6rer oss hvordan det har v\u00e6rt mulig \u00e5 ture fram med svekkelsen av finnmarkingenes, og v\u00e5re alles, n\u00e6re og rike fiskeriallmenninger i havet.<\/p>\n<p>Og det alts\u00e5 enten dette kommer fra en totalt sett lite l\u00f8nnsom fangst p\u00e5 for mye sm\u00e5fisk eller fra det svekkelsen fra selve livsgrunnlaget for livet i havet gjennom gift og sykdom fra en oppdrettsvirksomhet som n\u00e5 ser ut til \u00e5 v\u00e6re utenfor kontroll.<\/p>\n","protected":false},"excerpt":{"rendered":"Tragedien Det er vel ingen dristig p\u00e5stand at utsettelsen delvis er resultat av den allmenningens tragedie som n\u00e5&hellip;\n","protected":false},"author":2,"featured_media":18721,"comment_status":"","ping_status":"","sticky":false,"template":"","format":"standard","meta":{"footnotes":""},"categories":[5],"tags":[3287,36,20,21,24,25,3288,3289,15,19,22,23,17,18,13,30,28,29,14,1533,16,26,27],"class_list":{"0":"post-18720","1":"post","2":"type-post","3":"status-publish","4":"format-standard","5":"has-post-thumbnail","7":"category-overskrifter","8":"tag-allmenning","9":"tag-art","10":"tag-breaking-news","11":"tag-breakingnews","12":"tag-featured-news","13":"tag-featurednews","14":"tag-fiskeri","15":"tag-fiskeripolitikk","16":"tag-headlines","17":"tag-hovedoppslag","18":"tag-latest-news","19":"tag-latestnews","20":"tag-main-news","21":"tag-mainnews","22":"tag-news","23":"tag-no","24":"tag-norge","25":"tag-norway","26":"tag-nyheter","27":"tag-opinion","28":"tag-overskrifter","29":"tag-top-stories","30":"tag-topstories"},"share_on_mastodon":{"url":"","error":""},"_links":{"self":[{"href":"https:\/\/www.europesays.com\/no\/wp-json\/wp\/v2\/posts\/18720","targetHints":{"allow":["GET"]}}],"collection":[{"href":"https:\/\/www.europesays.com\/no\/wp-json\/wp\/v2\/posts"}],"about":[{"href":"https:\/\/www.europesays.com\/no\/wp-json\/wp\/v2\/types\/post"}],"author":[{"embeddable":true,"href":"https:\/\/www.europesays.com\/no\/wp-json\/wp\/v2\/users\/2"}],"replies":[{"embeddable":true,"href":"https:\/\/www.europesays.com\/no\/wp-json\/wp\/v2\/comments?post=18720"}],"version-history":[{"count":0,"href":"https:\/\/www.europesays.com\/no\/wp-json\/wp\/v2\/posts\/18720\/revisions"}],"wp:featuredmedia":[{"embeddable":true,"href":"https:\/\/www.europesays.com\/no\/wp-json\/wp\/v2\/media\/18721"}],"wp:attachment":[{"href":"https:\/\/www.europesays.com\/no\/wp-json\/wp\/v2\/media?parent=18720"}],"wp:term":[{"taxonomy":"category","embeddable":true,"href":"https:\/\/www.europesays.com\/no\/wp-json\/wp\/v2\/categories?post=18720"},{"taxonomy":"post_tag","embeddable":true,"href":"https:\/\/www.europesays.com\/no\/wp-json\/wp\/v2\/tags?post=18720"}],"curies":[{"name":"wp","href":"https:\/\/api.w.org\/{rel}","templated":true}]}}