{"id":18776,"date":"2025-08-26T18:33:16","date_gmt":"2025-08-26T18:33:16","guid":{"rendered":"https:\/\/www.europesays.com\/no\/18776\/"},"modified":"2025-08-26T18:33:16","modified_gmt":"2025-08-26T18:33:16","slug":"houthiene-laerer-pa-den-harde-maten-at-det-koster-a-angripe-israel-med-israel-for-fred-miff","status":"publish","type":"post","link":"https:\/\/www.europesays.com\/no\/18776\/","title":{"rendered":"\u2013 Houthiene l\u00e6rer p\u00e5 den harde m\u00e5ten at det koster \u00e5 angripe Israel &#8211; Med Israel for fred (MIFF)"},"content":{"rendered":"<ol>\n<li><a href=\"https:\/\/news.google.com\/rss\/articles\/CBMivAFBVV95cUxPOU42UjViVFdIVlNUekJPUU9QbFZuNzd6ZFRNNzZPUjNpNnJCeTI1ZTBUa3Jia1JzVHB0NHJZTHg5dWc3UTRGRFh3bE4xaGhpOUdZNjJZT28wLWRQN3dsemo0aHRGMzdzUHZJZEpFZk04WmhsNjY1S1NZajljNGw5TkhvcjVSbWYycXEtdl8xMF9HYzBuX2lCSTZ0cThSWE9hSjBpUVZGVmE2N3QxX1hlRW9WVnVUaDlHVVlvMw?oc=5\" target=\"_blank\" rel=\"nofollow noopener\">\u2013 Houthiene l\u00e6rer p\u00e5 den harde m\u00e5ten at det koster \u00e5 angripe Israel<\/a>&nbsp;&nbsp;Med Israel for fred (MIFF)<\/li>\n<li><a href=\"https:\/\/news.google.com\/rss\/articles\/CBMisAFBVV95cUxNb2hGdnR1TUs0ZVZuYThHYWVHTkEtTG9XTkU0ZE9RWEswS3Jld0gwU3ZZbElrNDN6S09uS1pnNWE0N2Y3NDJKZ0FuTVlOQjR4VG5fTVlGTTdiV0pUMlF0QVFWWmVHNEpzNFY3MXRLdXVCbGc3cU9qVFJCQXNwZTlfM0N0WDA0eFg2ZTRaWVlpTXJuRlhEUzZYVXAtbjNqbzVINTBpZ1R6NGtKUUIzdXFCcA?oc=5\" target=\"_blank\" rel=\"nofollow noopener\">D\u00f8dstallet stiger etter s\u00f8ndagens israelske angrep mot Jemen<\/a>&nbsp;&nbsp;adressa.no<\/li>\n<li><a href=\"https:\/\/news.google.com\/rss\/articles\/CBMingFBVV95cUxObzUyQUttOVAxaGRWaWMyX0NuUngweDlUeVg3VlZBUXJtZFZvWERtTnprekkzV0NaVElmQjBxdHNsWmZxUW9YWkQ1SEt5eTdEbFhQdnNjN1hZcFZGS2M4bWVXUXJ0QXJHMzVseUpUMXVmcmlhX1RfQnlIZ0xoZGNaellVTzJrQXRaNTl0VnZBd0tMVzctZ3Z4NjlPclE2dw?oc=5\" target=\"_blank\" rel=\"nofollow noopener\">Seks drept i israelske luftangrep mot Jemens hovedstad<\/a>&nbsp;&nbsp;Aftenposten<\/li>\n<li><a href=\"https:\/\/news.google.com\/rss\/articles\/CBMiZkFVX3lxTE04eFA2X3FLSUYzbWMwMWJmYnY2S1hZbVpEOU5LTGxFQmZGeWQ5MDFfcGxVQ1E1ZDZMa3FsdTM1X1EwVDNUUmo2MkVfcDRCMDZ1Y0FESGpiS21zVmlvNDVnSUNyVWJpZw?oc=5\" target=\"_blank\" rel=\"nofollow noopener\">Utenriksstudio &#8211; Israelske luftangrep rammer Jemens hovedstad \u2013 to d\u00f8de<\/a>&nbsp;&nbsp;Stavanger Aftenblad<\/li>\n<li><a href=\"https:\/\/news.google.com\/rss\/articles\/CBMid0FVX3lxTFA5Z3FvWFVLaV9BelVfYUhBblBqQ1ZuQnJpdW1DRlRielBtSGU3ZWZTWEFUSmZNNEVOT0s4REdsS3BYMjdvQ2k3cHp5QUdENExBYzQ0UE9WSTA0eGg5NmE3YkM2MS1CUjNWTDJSUEVGTElCXzQ5aFQ4?oc=5\" target=\"_blank\" rel=\"nofollow noopener\">Israelske luftangrep mot Jemen \u2013 Siste nytt<\/a>&nbsp;&nbsp;NRK<\/li>\n<\/ol>\n","protected":false},"excerpt":{"rendered":"\u2013 Houthiene l\u00e6rer p\u00e5 den harde m\u00e5ten at det koster \u00e5 angripe Israel&nbsp;&nbsp;Med Israel for fred (MIFF) D\u00f8dstallet&hellip;\n","protected":false},"author":2,"featured_media":18777,"comment_status":"","ping_status":"","sticky":false,"template":"","format":"standard","meta":{"footnotes":""},"categories":[12],"tags":[20,21,24,25,15,3292,3293,22,23,13,30,28,29,14,16,26,27,42,43,44,45],"class_list":{"0":"post-18776","1":"post","2":"type-post","3":"status-publish","4":"format-standard","5":"has-post-thumbnail","7":"category-verden","8":"tag-breaking-news","9":"tag-breakingnews","10":"tag-featured-news","11":"tag-featurednews","12":"tag-headlines","13":"tag-houthi","14":"tag-jemen","15":"tag-latest-news","16":"tag-latestnews","17":"tag-news","18":"tag-no","19":"tag-norge","20":"tag-norway","21":"tag-nyheter","22":"tag-overskrifter","23":"tag-top-stories","24":"tag-topstories","25":"tag-verden","26":"tag-world","27":"tag-world-news","28":"tag-worldnews"},"share_on_mastodon":{"url":"","error":""},"_links":{"self":[{"href":"https:\/\/www.europesays.com\/no\/wp-json\/wp\/v2\/posts\/18776","targetHints":{"allow":["GET"]}}],"collection":[{"href":"https:\/\/www.europesays.com\/no\/wp-json\/wp\/v2\/posts"}],"about":[{"href":"https:\/\/www.europesays.com\/no\/wp-json\/wp\/v2\/types\/post"}],"author":[{"embeddable":true,"href":"https:\/\/www.europesays.com\/no\/wp-json\/wp\/v2\/users\/2"}],"replies":[{"embeddable":true,"href":"https:\/\/www.europesays.com\/no\/wp-json\/wp\/v2\/comments?post=18776"}],"version-history":[{"count":0,"href":"https:\/\/www.europesays.com\/no\/wp-json\/wp\/v2\/posts\/18776\/revisions"}],"wp:featuredmedia":[{"embeddable":true,"href":"https:\/\/www.europesays.com\/no\/wp-json\/wp\/v2\/media\/18777"}],"wp:attachment":[{"href":"https:\/\/www.europesays.com\/no\/wp-json\/wp\/v2\/media?parent=18776"}],"wp:term":[{"taxonomy":"category","embeddable":true,"href":"https:\/\/www.europesays.com\/no\/wp-json\/wp\/v2\/categories?post=18776"},{"taxonomy":"post_tag","embeddable":true,"href":"https:\/\/www.europesays.com\/no\/wp-json\/wp\/v2\/tags?post=18776"}],"curies":[{"name":"wp","href":"https:\/\/api.w.org\/{rel}","templated":true}]}}