{"id":18782,"date":"2025-08-26T18:42:13","date_gmt":"2025-08-26T18:42:13","guid":{"rendered":"https:\/\/www.europesays.com\/no\/18782\/"},"modified":"2025-08-26T18:42:13","modified_gmt":"2025-08-26T18:42:13","slug":"selvaag-topp-idiotiske-saernorske-regler-gjor-det-ulonnsomt-a-bygge-teknisk-ukeblad","status":"publish","type":"post","link":"https:\/\/www.europesays.com\/no\/18782\/","title":{"rendered":"Selvaag-topp: \u00abIdiotiske\u00bb, s\u00e6rnorske regler gj\u00f8r det ul\u00f8nnsomt \u00e5 bygge &#8211; Teknisk Ukeblad"},"content":{"rendered":"<ol>\n<li><a href=\"https:\/\/news.google.com\/rss\/articles\/CBMiowFBVV95cUxNR1FFVVFvbjYxQmRSc0ZROWxhZWtkOXhPMTc3NldZMUJlWTJEOTRoZVFWc1F3dURXM3luZ2pFa2ZnOXNQMkNwYkkyVlhITGVRYk9PNEl4aFlnSmxTWWo5NkNrUnVsWjF6eHFTdXZIQ2FRYzNySWJTLWpNZ0c1WWIzRVBMMEhuSVlodWZBWGU1QjVJa1VKVEt2R1A2Q3NJWWdFM2VJ?oc=5\" target=\"_blank\" rel=\"nofollow noopener\">Selvaag-topp: \u00abIdiotiske\u00bb, s\u00e6rnorske regler gj\u00f8r det ul\u00f8nnsomt \u00e5 bygge<\/a>&nbsp;&nbsp;Teknisk Ukeblad<\/li>\n<li><a href=\"https:\/\/news.google.com\/rss\/articles\/CBMiqgFBVV95cUxQTGE3a0FmeGZkYTRrQnlXYTJ1SDBxd3RmdVVDbU9kR1hYTUFwbURzYzNPMzEtMy16NmdPSW43dE5VVUFUUGRlR0dxUUt1NjZTelZNYVJiOGpxT21oVFljM09NWGctUjhwYWIyWV80UmhfelJ6Wi1YTmNFVnRNdFlsZ2E4eTlreFlrYk44TWxKcERxU2E1NjFKdjZ6eXM2TU9DSURZSDZYRzRlQQ?oc=5\" target=\"_blank\" rel=\"nofollow noopener\">Tre \u00e5r med byggestopp for 28.000 eiendommer. \u2013 N\u00e5 g\u00e5r det ikke lenger<\/a>&nbsp;&nbsp;Aftenposten<\/li>\n<li><a href=\"https:\/\/news.google.com\/rss\/articles\/CBMikgFBVV95cUxPQ2g5cURRZkxETERzY2VxWFpZWk11SThOSkV3SkNYQThPSkY0ZFdzR1pTdVZ0RzE3RzdGMnFhMDlmTG53UkVjNWJqS2JubVFsd2s1TDgtM25KNExRdlUzNkVGbFVBSGJTODQ1eXZHa3NmZTd6RThqSkpMYjRiWGU0ZzdZeUxKRDdtWm5YX3JMRmxoZw?oc=5\" target=\"_blank\" rel=\"nofollow noopener\">Boligbygging: Ta problemet ved roten<\/a>&nbsp;&nbsp;Finansavisen<\/li>\n<li><a href=\"https:\/\/news.google.com\/rss\/articles\/CBMikgFBVV95cUxPaWNDcVR1NzlxaHpsZjN1U3dKWlA4S1JiVEdweDhkRXFUTFdYNFltaW5lTVhBX2pkQmE5VGlWZ3V3R0J6d21OMV9GSkRkZ0RUSmJkTS1sWjF2N0wwT09pSkEyaVJ0di1sVFotVE51M1BaMUhqMU10Y0ZNYnNnaENOaklTWVJkZUNiWGxDczMza1Ztdw?oc=5\" target=\"_blank\" rel=\"nofollow noopener\">L\u00e6rlingeplassene d\u00f8r mens gresset gror i eplehagene<\/a>&nbsp;&nbsp;Byggmesteren<\/li>\n<li><a href=\"https:\/\/news.google.com\/rss\/articles\/CBMiiAFBVV95cUxNWVBrR2swdEZKVFpkVGkwMmtQYWdLZmIyV3cxMkxTVFlvanR1bVVKUTBUSFhBYjU5S0U0M0xOT1FENnU3R0hucDNiYTd3TU9wWTBmdlRLeXNEUll6Rk9aTlpYcXptdklrbU5qVlRMVUJpTGtObkpBeDBTNDhwMm1kdGd2MHlPNmkw?oc=5\" target=\"_blank\" rel=\"nofollow noopener\">Setter i gang prosjekt om innsigelser<\/a>&nbsp;&nbsp;Radio Nordkapp<\/li>\n<\/ol>\n","protected":false},"excerpt":{"rendered":"Selvaag-topp: \u00abIdiotiske\u00bb, s\u00e6rnorske regler gj\u00f8r det ul\u00f8nnsomt \u00e5 bygge&nbsp;&nbsp;Teknisk Ukeblad Tre \u00e5r med byggestopp for 28.000 eiendommer. \u2013&hellip;\n","protected":false},"author":2,"featured_media":18783,"comment_status":"","ping_status":"","sticky":false,"template":"","format":"standard","meta":{"footnotes":""},"categories":[5],"tags":[1257,20,21,1406,24,25,15,19,22,23,17,18,13,30,28,29,14,16,3294,26,27],"class_list":{"0":"post-18782","1":"post","2":"type-post","3":"status-publish","4":"format-standard","5":"has-post-thumbnail","7":"category-overskrifter","8":"tag-boligbygging","9":"tag-breaking-news","10":"tag-breakingnews","11":"tag-bygg","12":"tag-featured-news","13":"tag-featurednews","14":"tag-headlines","15":"tag-hovedoppslag","16":"tag-latest-news","17":"tag-latestnews","18":"tag-main-news","19":"tag-mainnews","20":"tag-news","21":"tag-no","22":"tag-norge","23":"tag-norway","24":"tag-nyheter","25":"tag-overskrifter","26":"tag-tek17","27":"tag-top-stories","28":"tag-topstories"},"share_on_mastodon":{"url":"","error":""},"_links":{"self":[{"href":"https:\/\/www.europesays.com\/no\/wp-json\/wp\/v2\/posts\/18782","targetHints":{"allow":["GET"]}}],"collection":[{"href":"https:\/\/www.europesays.com\/no\/wp-json\/wp\/v2\/posts"}],"about":[{"href":"https:\/\/www.europesays.com\/no\/wp-json\/wp\/v2\/types\/post"}],"author":[{"embeddable":true,"href":"https:\/\/www.europesays.com\/no\/wp-json\/wp\/v2\/users\/2"}],"replies":[{"embeddable":true,"href":"https:\/\/www.europesays.com\/no\/wp-json\/wp\/v2\/comments?post=18782"}],"version-history":[{"count":0,"href":"https:\/\/www.europesays.com\/no\/wp-json\/wp\/v2\/posts\/18782\/revisions"}],"wp:featuredmedia":[{"embeddable":true,"href":"https:\/\/www.europesays.com\/no\/wp-json\/wp\/v2\/media\/18783"}],"wp:attachment":[{"href":"https:\/\/www.europesays.com\/no\/wp-json\/wp\/v2\/media?parent=18782"}],"wp:term":[{"taxonomy":"category","embeddable":true,"href":"https:\/\/www.europesays.com\/no\/wp-json\/wp\/v2\/categories?post=18782"},{"taxonomy":"post_tag","embeddable":true,"href":"https:\/\/www.europesays.com\/no\/wp-json\/wp\/v2\/tags?post=18782"}],"curies":[{"name":"wp","href":"https:\/\/api.w.org\/{rel}","templated":true}]}}