{"id":187830,"date":"2026-03-15T07:16:13","date_gmt":"2026-03-15T07:16:13","guid":{"rendered":"https:\/\/www.europesays.com\/no\/187830\/"},"modified":"2026-03-15T07:16:13","modified_gmt":"2026-03-15T07:16:13","slug":"morgenrapport-ulykker-og-hendelser-naboer-fikk-nok","status":"publish","type":"post","link":"https:\/\/www.europesays.com\/no\/187830\/","title":{"rendered":"Morgenrapport, Ulykker og hendelser | Naboer fikk nok"},"content":{"rendered":"\n<p>Politiet mottok i natt nok en gang klager p\u00e5 festbr\u00e5k fra en bolig p\u00e5 L\u00f8 i Steinkjer.<\/p>\n<p>\u2013 Politiet har v\u00e6rt p\u00e5 samme adresse en rekke ganger de siste m\u00e5nedene, og innringere beskriver beboeren som en utfordring for sine omgivelser, opplyser operasjonsleder Ketil Stene.<\/p>\n<p>Politiet opps\u00f8kte adressen mellom klokka 3 og 4 \u2013 og ga beboeren p\u00e5legg om \u00e5 holde stilt fram til s\u00f8ndag klokka 12.<\/p>\n<p>En politipatrulje oppdaget like f\u00f8r klokka 2.30 et p\u00e5g\u00e5ende slagsm\u00e5l utenfor utestedet Onkel Oskar i Namsos.<\/p>\n<p>Sl\u00e5sskampen opph\u00f8rte raskt da politiet kom til stedet, og ingen skal v\u00e6re skadet. De tre personene som var involvert, ble alle bortvist fra stedet fram til klokka 8 s\u00f8ndag formiddag.<\/p>\n<p>Fredag kveld var utrykningspolitiet ute med laseren i 60-sonen p\u00e5 E6 i Bj\u00f8rga i Verdal.<\/p>\n<p>Ti sj\u00e5f\u00f8rer fikk bot. H\u00f8yeste m\u00e5lte hastighet var 80 km\/t.<\/p>\n<p>V\u00e6ret<\/p>\n<p>Slik er Meteorologisk institutts tekstvarsel for Tr\u00f8ndelag i dag:<\/p>\n<p>S\u00f8r og s\u00f8rvestlig bris, opp i liten kuling p\u00e5 kysten, fra om ettermiddagen dreiende til s\u00f8r\u00f8stlig bris, frisk bris utsatte steder. Lettskyet, oppholdsv\u00e6r, fra om kvelden tilskyende fra s\u00f8r.<\/p>\n<p>Her har det v\u00e6rt mest nedb\u00f8r det siste d\u00f8gnet:<\/p>\n<p>    Trafikken<\/p>\n<p>Det er ikke meldt om utfordringer i trafikken i Nord-Tr\u00f8ndelag s\u00f8ndag morgen.<\/p>\n<p>Slik ser det ut p\u00e5 webkameraene i omr\u00e5det:<\/p>\n<p>    Str\u00f8mprisen<\/p>\n<p>    Flytrafikken<\/p>\n<p>    P\u00e5 T-A.no<\/p>\n<p>P\u00e5 Tr\u00f8nder-Avisas nettutgave kan du i dag lese at ikke engang alvorlig sykdom har skremt Camilla Levine (56) vekk fra S\u00e6tra.<\/p>\n<p>  <a href=\"https:\/\/www.t-a.no\/5-116-2317319\" class=\"related-teaser has-image article--c-MkAkR\" rel=\"nofollow noopener\" target=\"_blank\"><\/p>\n<p>    <img decoding=\"async\" width=\"155\"  loading=\"lazy\"  src=\"https:\/\/www.europesays.com\/no\/wp-content\/uploads\/2026\/03\/IMG_7724_1.JPG\" alt=\"\" class=\"brick-c-cFOWSL\" style=\"\"\/><\/p>\n<p>\n            Les ogs\u00e5<\/p>\n<p>            Pusset opp falleferdig seter \u2013 til tross for alvorlig sykdom\n        <\/p>\n<p>  <\/a><\/p>\n<p>Du kan ogs\u00e5 lese at Fylkeskommunen styrer mot overskudd i hundremillionersklassen, men blar ikke opp \u00absm\u00e5penger\u00bb for \u00e5 \u00e5pne rasveg.<\/p>\n<p>  <a href=\"https:\/\/www.t-a.no\/5-116-2319518\" class=\"related-teaser has-image article--c-MkAkR\" rel=\"nofollow noopener\" target=\"_blank\"><\/p>\n<p>    <img decoding=\"async\" width=\"155\"  loading=\"lazy\"  src=\"https:\/\/www.europesays.com\/no\/wp-content\/uploads\/2026\/03\/JAveg-stengt01.jpg\" alt=\"\" class=\"brick-c-cFOWSL\" style=\"\"\/><\/p>\n<p>\n            Les ogs\u00e5<\/p>\n<p>            Stengt i snart ett \u00e5r: \u2013 Uforst\u00e5elig\n        <\/p>\n<p>  <\/a><\/p>\n<p><b>Her er nattens viktigste nyheter, if\u00f8lge NTB:<\/b><\/p>\n<p><b>Politiet frykter mann omkom i brann i Hyllestad<\/b><\/p>\n<p>Politiet frykter at en mann i 70-\u00e5rene omkom i l\u00f8rdagens brann i en bolig i Hyllestad i ytre Sogn. Mannen varslet selv n\u00f8detatene like f\u00f8r klokken 21, men forbindelsen ble brutt etter at han ble bedt om \u00e5 g\u00e5 ut av boligen.<\/p>\n<p>N\u00f8detatene har s\u00f8kt i omr\u00e5det uten \u00e5 finne mannen. Boligen ble overtent og spredte seg til en bobil. Like f\u00f8r midnatt hadde brannmannskapene kontroll p\u00e5 brannen, men huset er totalskadet. Politiet har startet etterforskning, og brann\u00e5rsaken er ikke kjent.<\/p>\n<p><b>Mann funnet kritisk skadet i \u00d8stfold<\/b><\/p>\n<p>En mann ble natt til s\u00f8ndag funnet kritisk skadet i Rakkestad utenfor Sarpsborg. Politiet mistenker at mannen klatret opp i en str\u00f8mmast og falt ned. Den skadede, en mann i 40-\u00e5rene, hadde hodeskader, samt brannskader p\u00e5 kropp og kl\u00e6r da han ble funnet, opplyser \u00d8st politidistrikt.<\/p>\n<p>Han har alvorlige hodeskader og er fraktet til Ullev\u00e5l sykehus, opplyser operasjonsleder Ronny Hellerud Samuelsen til NTB. Han sier det er uklart hvorfor mannen klatret opp i masten og at politiet skal unders\u00f8ke saken videre. Politiet fikk melding om hendelsen ved 2.30-tiden.<\/p>\n<p><b>To til sykehus etter vold i Lillestr\u00f8m<\/b><\/p>\n<p>To menn i 40\u201350-\u00e5rene ble natt til s\u00f8ndag fraktet til Ullev\u00e5l sykehus etter en voldsepisode i Lillestr\u00f8m sentrum. Politiet rykket ut like etter klokken 1 etter melding om sl\u00e5sskamp.<\/p>\n<p>Mennene skal ha blitt sparket og sl\u00e5tt i hodet, men skadeomfanget er ukjent. En mann i 20-\u00e5rene er p\u00e5grepet. \u00d8st politidistrikt jobber n\u00e5 med \u00e5 avklare hendelsesforl\u00f8p og \u00e5rsak til voldshendelsen.<\/p>\n<p><b>Trump: Vilk\u00e5rene for Iran-avtale ikke gode nok<\/b><\/p>\n<p>USAs president Donald Trump sier i et intervju med NBC News at han ikke er villig til \u00e5 inng\u00e5 en avtale med Iran for \u00e5 avslutte krigen, fordi vilk\u00e5rene fortsatt ikke er gode nok. Han krever at eventuelle vilk\u00e5r m\u00e5 v\u00e6re sv\u00e6rt solide, og at en forpliktelse fra Iran om \u00e5 gi opp alle atomv\u00e5penambisjoner er en selvf\u00f8lge.<\/p>\n<p>Trump kommenterte ogs\u00e5 l\u00f8rdagens amerikanske angrep p\u00e5 Kharg-\u00f8ya, der rundt 90 prosent av Irans oljeeksport passerer. Han hevder alle milit\u00e6re m\u00e5l er \u00f8delagt, men at det er mulig de angriper \u00f8ya igjen for moro skyld.<\/p>\n<p><b>Zelenskyj hevder Russland forsyner Iran med droner<\/b><\/p>\n<p>Russland forsyner Iran med Shahed-droner som brukes mot USA og Israel, hevder Ukrainas president Volodymyr Zelenskyj i et intervju med CNN. I intervjuet, som ble sendt l\u00f8rdag, sier Zelenskyj at det er \u00ab100 prosent fakta\u00bb at Iran har brukt russiskproduserte droner til \u00e5 angripe amerikanske baser i Midt\u00f8sten.<\/p>\n<p>Det var Iran som f\u00f8rst sto bak Shahed-dronen, som er et langt billigere alternativ til dyre missiler, men Russland produserer n\u00e5 egne. De er i stor skala brukt i Russlands invasjon av Ukraina, if\u00f8lge ukrainske myndigheter.<\/p>\n<p><b>Seks omkomne identifisert etter tankflystyrt i Irak<\/b><\/p>\n<p>De seks flybesetningsmedlemmene som omkom da et amerikansk KC-135 tankfly styrtet i Vest-Irak torsdag, er n\u00e5 identifisert. De fire mennene og to kvinnene var mellom 28 og 38 \u00e5r, opplyser det amerikanske forsvarsdepartementet l\u00f8rdag.<\/p>\n<p>\u00c5rsaken til styrten er fortsatt ukjent, men USAs hovedkommando for Midt\u00f8sten avviser at flyet ble skutt ned av fiendtlig ild. En iranskst\u00f8ttet irakisk milits har hevdet at de skj\u00f8t ned flyet. 13 amerikanske soldater er drept siden USA og Israel startet angrep mot Iran 28. februar.<\/p>\n","protected":false},"excerpt":{"rendered":"Politiet mottok i natt nok en gang klager p\u00e5 festbr\u00e5k fra en bolig p\u00e5 L\u00f8 i Steinkjer. \u2013&hellip;\n","protected":false},"author":2,"featured_media":3842,"comment_status":"","ping_status":"","sticky":false,"template":"","format":"standard","meta":{"footnotes":"","_share_on_mastodon":"0"},"categories":[5],"tags":[36,20,21,24,25,15,19,22,23,17,18,739,13,30,28,29,14,16,984,1510,26,27,941],"class_list":["post-187830","post","type-post","status-publish","format-standard","has-post-thumbnail","category-overskrifter","tag-art","tag-breaking-news","tag-breakingnews","tag-featured-news","tag-featurednews","tag-headlines","tag-hovedoppslag","tag-latest-news","tag-latestnews","tag-main-news","tag-mainnews","tag-morgenrapport","tag-news","tag-no","tag-norge","tag-norway","tag-nyheter","tag-overskrifter","tag-steinkjer","tag-story","tag-top-stories","tag-topstories","tag-ulykker-og-hendelser"],"share_on_mastodon":{"url":"https:\/\/pubeurope.com\/@no\/116231968044086017","error":""},"_links":{"self":[{"href":"https:\/\/www.europesays.com\/no\/wp-json\/wp\/v2\/posts\/187830","targetHints":{"allow":["GET"]}}],"collection":[{"href":"https:\/\/www.europesays.com\/no\/wp-json\/wp\/v2\/posts"}],"about":[{"href":"https:\/\/www.europesays.com\/no\/wp-json\/wp\/v2\/types\/post"}],"author":[{"embeddable":true,"href":"https:\/\/www.europesays.com\/no\/wp-json\/wp\/v2\/users\/2"}],"replies":[{"embeddable":true,"href":"https:\/\/www.europesays.com\/no\/wp-json\/wp\/v2\/comments?post=187830"}],"version-history":[{"count":0,"href":"https:\/\/www.europesays.com\/no\/wp-json\/wp\/v2\/posts\/187830\/revisions"}],"wp:featuredmedia":[{"embeddable":true,"href":"https:\/\/www.europesays.com\/no\/wp-json\/wp\/v2\/media\/3842"}],"wp:attachment":[{"href":"https:\/\/www.europesays.com\/no\/wp-json\/wp\/v2\/media?parent=187830"}],"wp:term":[{"taxonomy":"category","embeddable":true,"href":"https:\/\/www.europesays.com\/no\/wp-json\/wp\/v2\/categories?post=187830"},{"taxonomy":"post_tag","embeddable":true,"href":"https:\/\/www.europesays.com\/no\/wp-json\/wp\/v2\/tags?post=187830"}],"curies":[{"name":"wp","href":"https:\/\/api.w.org\/{rel}","templated":true}]}}