{"id":187839,"date":"2026-03-15T07:36:17","date_gmt":"2026-03-15T07:36:17","guid":{"rendered":"https:\/\/www.europesays.com\/no\/187839\/"},"modified":"2026-03-15T07:36:17","modified_gmt":"2026-03-15T07:36:17","slug":"politi-tromso-fest-kom-ut-av-kontroll","status":"publish","type":"post","link":"https:\/\/www.europesays.com\/no\/187839\/","title":{"rendered":"Politi, Troms\u00f8 | Fest kom ut av kontroll"},"content":{"rendered":"\n<p>\u2013 Vi har rykket ut med flere patruljer til en privatadresse p\u00e5 Troms\u00f8ya etter melding om en fest som er ute av kontroll med mange gjester, melder Troms politidistrikt l\u00f8rdag kveld.<\/p>\n<p>Det meldes om slagsm\u00e5l p\u00e5 stedet, men politipatruljene har litt f\u00f8r klokken 23.30 kontroll p\u00e5 stedet.<\/p>\n<p>Politiet melder at det var 40-50 ungdommer p\u00e5 stedet.<\/p>\n<p>\u2013 Flere skal v\u00e6re sl\u00e5tt og det opprettes sak p\u00e5 forholdet. Ingen skadet.<\/p>\n","protected":false},"excerpt":{"rendered":"\u2013 Vi har rykket ut med flere patruljer til en privatadresse p\u00e5 Troms\u00f8ya etter melding om en fest&hellip;\n","protected":false},"author":2,"featured_media":2176,"comment_status":"","ping_status":"","sticky":false,"template":"","format":"standard","meta":{"footnotes":"","_share_on_mastodon":"0"},"categories":[10],"tags":[36,20,21,24,25,1176,15,22,23,13,30,28,29,14,16,254,1510,26,27,263],"class_list":["post-187839","post","type-post","status-publish","format-standard","has-post-thumbnail","category-norge","tag-art","tag-breaking-news","tag-breakingnews","tag-featured-news","tag-featurednews","tag-fest","tag-headlines","tag-latest-news","tag-latestnews","tag-news","tag-no","tag-norge","tag-norway","tag-nyheter","tag-overskrifter","tag-politi","tag-story","tag-top-stories","tag-topstories","tag-tromso"],"share_on_mastodon":{"url":"https:\/\/pubeurope.com\/@no\/116232047226465893","error":""},"_links":{"self":[{"href":"https:\/\/www.europesays.com\/no\/wp-json\/wp\/v2\/posts\/187839","targetHints":{"allow":["GET"]}}],"collection":[{"href":"https:\/\/www.europesays.com\/no\/wp-json\/wp\/v2\/posts"}],"about":[{"href":"https:\/\/www.europesays.com\/no\/wp-json\/wp\/v2\/types\/post"}],"author":[{"embeddable":true,"href":"https:\/\/www.europesays.com\/no\/wp-json\/wp\/v2\/users\/2"}],"replies":[{"embeddable":true,"href":"https:\/\/www.europesays.com\/no\/wp-json\/wp\/v2\/comments?post=187839"}],"version-history":[{"count":0,"href":"https:\/\/www.europesays.com\/no\/wp-json\/wp\/v2\/posts\/187839\/revisions"}],"wp:featuredmedia":[{"embeddable":true,"href":"https:\/\/www.europesays.com\/no\/wp-json\/wp\/v2\/media\/2176"}],"wp:attachment":[{"href":"https:\/\/www.europesays.com\/no\/wp-json\/wp\/v2\/media?parent=187839"}],"wp:term":[{"taxonomy":"category","embeddable":true,"href":"https:\/\/www.europesays.com\/no\/wp-json\/wp\/v2\/categories?post=187839"},{"taxonomy":"post_tag","embeddable":true,"href":"https:\/\/www.europesays.com\/no\/wp-json\/wp\/v2\/tags?post=187839"}],"curies":[{"name":"wp","href":"https:\/\/api.w.org\/{rel}","templated":true}]}}